{"id":147,"date":"2007-09-27T09:11:13","date_gmt":"2007-09-27T07:11:13","guid":{"rendered":"http:\/\/subaru.preproduccion.com\/blog\/wp-content\/2007\/09\/27\/dario-zossim\/"},"modified":"2025-05-16T20:53:35","modified_gmt":"2025-05-16T18:53:35","slug":"dis-implanti-nedir-2025-tedavi-asamalari-fiyatlari","status":"publish","type":"post","link":"https:\/\/www.subaru.es\/blog\/nuestra-marca\/dis-implanti-nedir-2025-tedavi-asamalari-fiyatlari\/","title":{"rendered":"2025 Y\u0131l\u0131nda Di\u015f \u0130mplant\u0131 Hakk\u0131nda Bilmeniz Gerekenler"},"content":{"rendered":"\n<h2 class=\"wp-block-heading\">\u0130\u00e7indekiler<\/h2>\n\n\n\n<ol class=\"wp-block-list\">\n<li>Di\u015f \u0130mplant\u0131 Tan\u0131m\u0131<\/li>\n\n\n\n<li>\u0130mplant Tedavisinin S\u00fcresi Ne Kadard\u0131r?<\/li>\n\n\n\n<li>Di\u015f \u00c7ekimiyle Ayn\u0131 Anda \u0130mplant Uygulanabilir mi?<\/li>\n\n\n\n<li>\u0130mplant \u0130\u015flemi Ac\u0131 Verir mi?<\/li>\n\n\n\n<li>\u0130mplant Tedavisi Hangi A\u015famalar\u0131 \u0130\u00e7erir?\n<ul class=\"wp-block-list\">\n<li>Muayene ve De\u011ferlendirme<\/li>\n\n\n\n<li>Cerrahi M\u00fcdahale<\/li>\n\n\n\n<li>\u0130yile\u015fme S\u00fcreci<\/li>\n\n\n\n<li>\u0130mplant\u0131n Entegrasyonu<\/li>\n\n\n\n<li>Protez Tak\u0131lmas\u0131<\/li>\n<\/ul>\n<\/li>\n\n\n\n<li>Tek A\u015famal\u0131 \u0130mplant Tedavisi Nedir?<\/li>\n\n\n\n<li>\u0130mplantlar\u0131n Dayan\u0131kl\u0131l\u0131k S\u00fcresi<\/li>\n\n\n\n<li>Kimler \u0130mplant Yapt\u0131ramaz?<\/li>\n\n\n\n<li>Komple \u0130mplant Tedavisi Zararl\u0131 m\u0131d\u0131r?<\/li>\n\n\n\n<li>\u0130mplant Tedavisinin Riskleri Nelerdir?<\/li>\n\n\n\n<li>\u0130mplant Sonras\u0131 So\u011fuk Uygulaman\u0131n \u00d6nemi<\/li>\n\n\n\n<li>\u0130mplant Vidalar\u0131n\u0131n Tak\u0131lmas\u0131ndan Sonra Di\u015f Ne Zaman Yerle\u015ftirilir?<\/li>\n\n\n\n<li>G\u00fcncel \u0130mplant Fiyatlar\u0131 2025<\/li>\n\n\n\n<li>Devlet Hastanelerinde \u0130mplant \u00dccretleri<\/li>\n<\/ol>\n\n\n\n<hr class=\"wp-block-separator has-alpha-channel-opacity\"\/>\n\n\n\n<h2 class=\"wp-block-heading\">1. Di\u015f \u0130mplant\u0131 Tan\u0131m\u0131<\/h2>\n\n\n\n<p>Di\u015f implantlar\u0131, eksik di\u015flerin yerine \u00e7ene kemi\u011fine yerle\u015ftirilen titanyum vidalarla sabit di\u015flerin montaj\u0131n\u0131 sa\u011flayan modern bir \u00e7\u00f6z\u00fcm y\u00f6ntemidir. Bu y\u00f6ntem, do\u011fal di\u015f g\u00f6r\u00fcn\u00fcm\u00fc ve fonksiyonunu en iyi \u015fekilde sunar.<\/p>\n\n\n\n<hr class=\"wp-block-separator has-alpha-channel-opacity\"\/>\n\n\n\n<h2 class=\"wp-block-heading\">2. \u0130mplant Tedavisinin S\u00fcresi Ne Kadard\u0131r?<\/h2>\n\n\n\n<p>\u0130mplant i\u015flemi genel olarak 2 ila 6 ay aras\u0131 s\u00fcrebilir. Bu s\u00fcre, hastan\u0131n kemik yap\u0131s\u0131na, iyile\u015fme h\u0131z\u0131na ve uygulanan y\u00f6nteme g\u00f6re farkl\u0131l\u0131k g\u00f6sterebilir.<\/p>\n\n\n\n<hr class=\"wp-block-separator has-alpha-channel-opacity\"\/>\n\n\n\n<h2 class=\"wp-block-heading\">3. Di\u015f \u00c7ekimiyle Ayn\u0131 Anda \u0130mplant Uygulanabilir mi?<\/h2>\n\n\n\n<p>Baz\u0131 durumlarda, di\u015f \u00e7ekimi ile birlikte implant yerle\u015ftirilmesi m\u00fcmk\u00fcnd\u00fcr. Ancak bu i\u015flem, sadece enfeksiyon riski az olan ve kemik dokusu uygun hastalarda tercih edilir.<\/p>\n\n\n\n<hr class=\"wp-block-separator has-alpha-channel-opacity\"\/>\n\n\n\n<h2 class=\"wp-block-heading\">4. \u0130mplant \u0130\u015flemi Ac\u0131 Verir mi?<\/h2>\n\n\n\n<p>\u0130mplant operasyonlar\u0131 lokal anestezi alt\u0131nda yap\u0131ld\u0131\u011f\u0131 i\u00e7in i\u015flem s\u0131ras\u0131nda a\u011fr\u0131 hissedilmez. Operasyon sonras\u0131 hafif a\u011fr\u0131 ve \u015fi\u015flik olabilir; ancak bunlar genellikle k\u0131sa s\u00fcrede ge\u00e7er.<\/p>\n\n\n\n<hr class=\"wp-block-separator has-alpha-channel-opacity\"\/>\n\n\n\n<h2 class=\"wp-block-heading\">5. \u0130mplant Tedavisi Hangi A\u015famalar\u0131 \u0130\u00e7erir?<\/h2>\n\n\n\n<h3 class=\"wp-block-heading\">Muayene ve De\u011ferlendirme<\/h3>\n\n\n\n<p>Tedavi \u00f6ncesi a\u011f\u0131z muayenesi ve radyolojik incelemelerle planlama yap\u0131l\u0131r.<\/p>\n\n\n\n<h3 class=\"wp-block-heading\">Cerrahi M\u00fcdahale<\/h3>\n\n\n\n<p>\u0130mplant vidalar\u0131 \u00e7ene kemi\u011fine cerrahi olarak yerle\u015ftirilir.<\/p>\n\n\n\n<h3 class=\"wp-block-heading\">\u0130yile\u015fme S\u00fcreci<\/h3>\n\n\n\n<p>\u0130mplant\u0131n kemik ile kayna\u015fmas\u0131 i\u00e7in beklenir; bu s\u00fcre 2-4 ay aras\u0131nda de\u011fi\u015fir.<\/p>\n\n\n\n<h3 class=\"wp-block-heading\">\u0130mplant\u0131n Entegrasyonu<\/h3>\n\n\n\n<p>\u0130mplant sa\u011flam bir \u015fekilde kemi\u011fe tutunduktan sonra \u00fczerine dayanak par\u00e7a tak\u0131l\u0131r.<\/p>\n\n\n\n<h3 class=\"wp-block-heading\">Protez Tak\u0131lmas\u0131<\/h3>\n\n\n\n<p>Son a\u015famada di\u015f protezi implant \u00fczerine sabitlenir.<\/p>\n\n\n\n<hr class=\"wp-block-separator has-alpha-channel-opacity\"\/>\n\n\n\n<h2 class=\"wp-block-heading\">6. Tek A\u015famal\u0131 \u0130mplant Tedavisi Nedir?<\/h2>\n\n\n\n<p>Baz\u0131 vakalarda implant ve ge\u00e7ici di\u015f ayn\u0131 anda uygulanabilir. Bu sayede hastalar tedavi s\u00fcrecinin hemen ard\u0131ndan di\u015flerine kavu\u015fabilir.<\/p>\n\n\n\n<hr class=\"wp-block-separator has-alpha-channel-opacity\"\/>\n\n\n\n<h2 class=\"wp-block-heading\">7. \u0130mplantlar\u0131n Dayan\u0131kl\u0131l\u0131k S\u00fcresi<\/h2>\n\n\n\n<p>Do\u011fru bak\u0131m yap\u0131ld\u0131\u011f\u0131nda ve d\u00fczenli di\u015f hekimi kontrolleri ile implantlar 20 y\u0131ldan uzun s\u00fcre kullan\u0131labilir.<\/p>\n\n\n\n<hr class=\"wp-block-separator has-alpha-channel-opacity\"\/>\n\n\n\n<h2 class=\"wp-block-heading\">8. Kimler \u0130mplant Yapt\u0131ramaz?<\/h2>\n\n\n\n<ul class=\"wp-block-list\">\n<li>Yetersiz kemik dokusu olanlar<\/li>\n\n\n\n<li>Kontrols\u00fcz diyabet hastalar\u0131<\/li>\n\n\n\n<li>Sigara kullan\u0131m\u0131n\u0131 b\u0131rakamayanlar<\/li>\n\n\n\n<li>Kemoterapi ya da radyoterapi g\u00f6renler<\/li>\n\n\n\n<li>18 ya\u015f\u0131ndan k\u00fc\u00e7\u00fck bireyler<\/li>\n<\/ul>\n\n\n\n<hr class=\"wp-block-separator has-alpha-channel-opacity\"\/>\n\n\n\n<h2 class=\"wp-block-heading\">9. Komple \u0130mplant Tedavisi Zararl\u0131 m\u0131d\u0131r?<\/h2>\n\n\n\n<p>Uygun planlama ve uzmanl\u0131kla t\u00fcm a\u011f\u0131z implantlar\u0131 olduk\u00e7a g\u00fcvenli ve ba\u015far\u0131l\u0131d\u0131r. Bu y\u00f6ntem, di\u015fsiz hastalar i\u00e7in konforlu bir \u00e7\u00f6z\u00fcmd\u00fcr.<\/p>\n\n\n\n<hr class=\"wp-block-separator has-alpha-channel-opacity\"\/>\n\n\n\n<h2 class=\"wp-block-heading\">10. \u0130mplant Tedavisinin Riskleri Nelerdir?<\/h2>\n\n\n\n<p>\u0130mplant tedavisi genel olarak g\u00fcvenlidir; ancak enfeksiyon ve implant\u0131n tutmamas\u0131 gibi nadir komplikasyonlar ya\u015fanabilir.<\/p>\n\n\n\n<hr class=\"wp-block-separator has-alpha-channel-opacity\"\/>\n\n\n\n<h2 class=\"wp-block-heading\">11. \u0130mplant Sonras\u0131 So\u011fuk Uygulaman\u0131n \u00d6nemi<\/h2>\n\n\n\n<p>Operasyondan sonraki ilk 24 saat i\u00e7inde aral\u0131kl\u0131 olarak so\u011fuk kompres uygulamak \u015fi\u015flik ve a\u011fr\u0131y\u0131 azalt\u0131r.<\/p>\n\n\n\n<hr class=\"wp-block-separator has-alpha-channel-opacity\"\/>\n\n\n\n<h2 class=\"wp-block-heading\">12. \u0130mplant Vidalar\u0131n\u0131n Tak\u0131lmas\u0131ndan Sonra Di\u015f Ne Zaman Yerle\u015ftirilir?<\/h2>\n\n\n\n<p>\u0130yile\u015fme s\u00fcrecinin sonunda, genellikle 2-4 ay sonra kal\u0131c\u0131 di\u015f protezi tak\u0131l\u0131r. H\u0131zl\u0131 \u00e7\u00f6z\u00fcmler i\u00e7in ge\u00e7ici di\u015fler de uygulanabilir.<\/p>\n\n\n\n<hr class=\"wp-block-separator has-alpha-channel-opacity\"\/>\n\n\n\n<h2 class=\"wp-block-heading\">13. G\u00fcncel \u0130mplant Fiyatlar\u0131 2025<\/h2>\n\n\n\n<p>Tek di\u015f implant\u0131 fiyatlar\u0131 markaya ve klinik hizmet kalitesine g\u00f6re 6.000 TL ile 15.000 TL aras\u0131nda de\u011fi\u015fmektedir.<\/p>\n\n\n\n<hr class=\"wp-block-separator has-alpha-channel-opacity\"\/>\n\n\n\n<h2 class=\"wp-block-heading\">14. Devlet Hastanelerinde \u0130mplant \u00dccretleri<\/h2>\n\n\n\n<p>SGK estetik ama\u00e7l\u0131 implantlar\u0131 kar\u015f\u0131lamaz; ancak devlet hastanelerinde uygun ko\u015fullarda implant tedavisi sunulabilir. Fiyatlar genellikle 3.000 TL ile 6.000 TL aras\u0131nda de\u011fi\u015fir.<\/p>\n\n\n\n<hr class=\"wp-block-separator has-alpha-channel-opacity\"\/>\n\n\n\n<p>Bu yaz\u0131, di\u015f implantlar\u0131 ile ilgili temel bilgileri \u00f6\u011frenmek isteyenler i\u00e7in kapsaml\u0131 ve anla\u015f\u0131l\u0131r bir rehberdir. Daha fazla detay ve g\u00fcncel i\u00e7erikler i\u00e7in <a class=\"\" href=\"https:\/\/disrehberi.com\/dis-implanti-2025\/\">buraya t\u0131klayarak<\/a> makaleyi ziyaret edebilirsiniz.<\/p>\n\n\n\n<p><\/p>\n","protected":false},"excerpt":{"rendered":"<p>\u0130\u00e7indekiler 1. Di\u015f \u0130mplant\u0131 Tan\u0131m\u0131 Di\u015f implantlar\u0131, eksik di\u015flerin yerine \u00e7ene kemi\u011fine yerle\u015ftirilen titanyum vidalarla sabit di\u015flerin montaj\u0131n\u0131 sa\u011flayan modern bir \u00e7\u00f6z\u00fcm y\u00f6ntemidir. Bu y\u00f6ntem, do\u011fal di\u015f g\u00f6r\u00fcn\u00fcm\u00fc ve fonksiyonunu en iyi \u015fekilde sunar. 2. \u0130mplant Tedavisinin S\u00fcresi Ne Kadard\u0131r? \u0130mplant i\u015flemi genel olarak 2 ila 6 ay aras\u0131 s\u00fcrebilir. Bu s\u00fcre, hastan\u0131n kemik yap\u0131s\u0131na, [&hellip;]<\/p>\n","protected":false},"author":21,"featured_media":0,"comment_status":"open","ping_status":"open","sticky":false,"template":"","format":"standard","meta":{"_acf_changed":false,"_eb_attr":"","inline_featured_image":false,"footnotes":""},"categories":[4401],"tags":[5491,5489,5492,5493,5490],"class_list":["post-147","post","type-post","status-publish","format-standard","hentry","category-nuestra-marca","tag-dis-implant-fiyatlari-2025","tag-dis-implanti","tag-implant-asamalari","tag-implant-ne-kadar-surer","tag-implant-tedavisi"],"acf":[],"yoast_head":"<!-- This site is optimized with the Yoast SEO plugin v27.3 - https:\/\/yoast.com\/product\/yoast-seo-wordpress\/ -->\n<title>2025 Y\u0131l\u0131nda Di\u015f \u0130mplant\u0131 Hakk\u0131nda Bilmeniz Gerekenler - Universo Subaru<\/title>\n<meta name=\"description\" content=\"2025 y\u0131l\u0131nda di\u015f implant\u0131 hakk\u0131nda t\u00fcm merak edilenler; tedavi s\u00fcreci, a\u015famalar\u0131, riskleri ve fiyat bilgileri burada!\" \/>\n<meta name=\"robots\" content=\"index, follow, max-snippet:-1, max-image-preview:large, max-video-preview:-1\" \/>\n<link rel=\"canonical\" href=\"https:\/\/www.subaru.es\/blog\/nuestra-marca\/dis-implanti-nedir-2025-tedavi-asamalari-fiyatlari\/\" \/>\n<meta property=\"og:locale\" content=\"es_ES\" \/>\n<meta property=\"og:type\" content=\"article\" \/>\n<meta property=\"og:title\" content=\"2025 Y\u0131l\u0131nda Di\u015f \u0130mplant\u0131 Hakk\u0131nda Bilmeniz Gerekenler - Universo Subaru\" \/>\n<meta property=\"og:description\" content=\"2025 y\u0131l\u0131nda di\u015f implant\u0131 hakk\u0131nda t\u00fcm merak edilenler; tedavi s\u00fcreci, a\u015famalar\u0131, riskleri ve fiyat bilgileri burada!\" \/>\n<meta property=\"og:url\" content=\"https:\/\/www.subaru.es\/blog\/nuestra-marca\/dis-implanti-nedir-2025-tedavi-asamalari-fiyatlari\/\" \/>\n<meta property=\"og:site_name\" content=\"Universo Subaru\" \/>\n<meta property=\"article:publisher\" content=\"https:\/\/www.facebook.com\/subaruespana\" \/>\n<meta property=\"article:published_time\" content=\"2007-09-27T07:11:13+00:00\" \/>\n<meta property=\"article:modified_time\" content=\"2025-05-16T18:53:35+00:00\" \/>\n<meta name=\"author\" content=\"Subaru\" \/>\n<meta name=\"twitter:card\" content=\"summary_large_image\" \/>\n<meta name=\"twitter:label1\" content=\"Escrito por\" \/>\n\t<meta name=\"twitter:data1\" content=\"Subaru\" \/>\n\t<meta name=\"twitter:label2\" content=\"Tiempo de lectura\" \/>\n\t<meta name=\"twitter:data2\" content=\"3 minutos\" \/>\n<script type=\"application\/ld+json\" class=\"yoast-schema-graph\">{\"@context\":\"https:\\\/\\\/schema.org\",\"@graph\":[{\"@type\":\"Article\",\"@id\":\"https:\\\/\\\/www.subaru.es\\\/blog\\\/nuestra-marca\\\/dis-implanti-nedir-2025-tedavi-asamalari-fiyatlari\\\/#article\",\"isPartOf\":{\"@id\":\"https:\\\/\\\/www.subaru.es\\\/blog\\\/nuestra-marca\\\/dis-implanti-nedir-2025-tedavi-asamalari-fiyatlari\\\/\"},\"author\":{\"name\":\"Subaru\",\"@id\":\"https:\\\/\\\/www.subaru.es\\\/blog\\\/#\\\/schema\\\/person\\\/19a90b892230b8e0ec752704ddf4aa10\"},\"headline\":\"2025 Y\u0131l\u0131nda Di\u015f \u0130mplant\u0131 Hakk\u0131nda Bilmeniz Gerekenler\",\"datePublished\":\"2007-09-27T07:11:13+00:00\",\"dateModified\":\"2025-05-16T18:53:35+00:00\",\"mainEntityOfPage\":{\"@id\":\"https:\\\/\\\/www.subaru.es\\\/blog\\\/nuestra-marca\\\/dis-implanti-nedir-2025-tedavi-asamalari-fiyatlari\\\/\"},\"wordCount\":671,\"commentCount\":3,\"publisher\":{\"@id\":\"https:\\\/\\\/www.subaru.es\\\/blog\\\/#organization\"},\"keywords\":[\"di\u015f implant fiyatlar\u0131 2025\",\"di\u015f implant\u0131\",\"implant a\u015famalar\u0131\",\"implant ne kadar s\u00fcrer\",\"implant tedavisi\"],\"articleSection\":[\"Nuestra marca\"],\"inLanguage\":\"es\",\"potentialAction\":[{\"@type\":\"CommentAction\",\"name\":\"Comment\",\"target\":[\"https:\\\/\\\/www.subaru.es\\\/blog\\\/nuestra-marca\\\/dis-implanti-nedir-2025-tedavi-asamalari-fiyatlari\\\/#respond\"]}]},{\"@type\":\"WebPage\",\"@id\":\"https:\\\/\\\/www.subaru.es\\\/blog\\\/nuestra-marca\\\/dis-implanti-nedir-2025-tedavi-asamalari-fiyatlari\\\/\",\"url\":\"https:\\\/\\\/www.subaru.es\\\/blog\\\/nuestra-marca\\\/dis-implanti-nedir-2025-tedavi-asamalari-fiyatlari\\\/\",\"name\":\"2025 Y\u0131l\u0131nda Di\u015f \u0130mplant\u0131 Hakk\u0131nda Bilmeniz Gerekenler - Universo Subaru\",\"isPartOf\":{\"@id\":\"https:\\\/\\\/www.subaru.es\\\/blog\\\/#website\"},\"datePublished\":\"2007-09-27T07:11:13+00:00\",\"dateModified\":\"2025-05-16T18:53:35+00:00\",\"description\":\"2025 y\u0131l\u0131nda di\u015f implant\u0131 hakk\u0131nda t\u00fcm merak edilenler; tedavi s\u00fcreci, a\u015famalar\u0131, riskleri ve fiyat bilgileri burada!\",\"breadcrumb\":{\"@id\":\"https:\\\/\\\/www.subaru.es\\\/blog\\\/nuestra-marca\\\/dis-implanti-nedir-2025-tedavi-asamalari-fiyatlari\\\/#breadcrumb\"},\"inLanguage\":\"es\",\"potentialAction\":[{\"@type\":\"ReadAction\",\"target\":[\"https:\\\/\\\/www.subaru.es\\\/blog\\\/nuestra-marca\\\/dis-implanti-nedir-2025-tedavi-asamalari-fiyatlari\\\/\"]}]},{\"@type\":\"BreadcrumbList\",\"@id\":\"https:\\\/\\\/www.subaru.es\\\/blog\\\/nuestra-marca\\\/dis-implanti-nedir-2025-tedavi-asamalari-fiyatlari\\\/#breadcrumb\",\"itemListElement\":[{\"@type\":\"ListItem\",\"position\":1,\"name\":\"Portada\",\"item\":\"https:\\\/\\\/www.subaru.es\\\/blog\\\/\"},{\"@type\":\"ListItem\",\"position\":2,\"name\":\"2025 Y\u0131l\u0131nda Di\u015f \u0130mplant\u0131 Hakk\u0131nda Bilmeniz Gerekenler\"}]},{\"@type\":\"WebSite\",\"@id\":\"https:\\\/\\\/www.subaru.es\\\/blog\\\/#website\",\"url\":\"https:\\\/\\\/www.subaru.es\\\/blog\\\/\",\"name\":\"Universo Subaru\",\"description\":\"Descubre este apasionante espacio de Subaru donde vas a conocer todo sobre nuestros coches y las experiencias que vivimos con ellos. Si est\u00e1s preparado para dejarte seducir por la filosof\u00eda Subaru, qu\u00e9date con nosotros.\",\"publisher\":{\"@id\":\"https:\\\/\\\/www.subaru.es\\\/blog\\\/#organization\"},\"potentialAction\":[{\"@type\":\"SearchAction\",\"target\":{\"@type\":\"EntryPoint\",\"urlTemplate\":\"https:\\\/\\\/www.subaru.es\\\/blog\\\/?s={search_term_string}\"},\"query-input\":{\"@type\":\"PropertyValueSpecification\",\"valueRequired\":true,\"valueName\":\"search_term_string\"}}],\"inLanguage\":\"es\"},{\"@type\":\"Organization\",\"@id\":\"https:\\\/\\\/www.subaru.es\\\/blog\\\/#organization\",\"name\":\"Subaru Espa\u00f1a S.A.\",\"url\":\"https:\\\/\\\/www.subaru.es\\\/blog\\\/\",\"logo\":{\"@type\":\"ImageObject\",\"inLanguage\":\"es\",\"@id\":\"https:\\\/\\\/www.subaru.es\\\/blog\\\/#\\\/schema\\\/logo\\\/image\\\/\",\"url\":\"https:\\\/\\\/www.subaru.es\\\/blog\\\/wp-content\\\/uploads\\\/2016\\\/12\\\/Logo-Subaru-TypeV_C300-scaled.jpg\",\"contentUrl\":\"https:\\\/\\\/www.subaru.es\\\/blog\\\/wp-content\\\/uploads\\\/2016\\\/12\\\/Logo-Subaru-TypeV_C300-scaled.jpg\",\"width\":2560,\"height\":1864,\"caption\":\"Subaru Espa\u00f1a S.A.\"},\"image\":{\"@id\":\"https:\\\/\\\/www.subaru.es\\\/blog\\\/#\\\/schema\\\/logo\\\/image\\\/\"},\"sameAs\":[\"https:\\\/\\\/www.facebook.com\\\/subaruespana\",\"https:\\\/\\\/www.instagram.com\\\/subarues\\\/\",\"https:\\\/\\\/www.youtube.com\\\/user\\\/subaruespana\"]},{\"@type\":\"Person\",\"@id\":\"https:\\\/\\\/www.subaru.es\\\/blog\\\/#\\\/schema\\\/person\\\/19a90b892230b8e0ec752704ddf4aa10\",\"name\":\"Subaru\",\"url\":\"https:\\\/\\\/www.subaru.es\\\/blog\\\/author\\\/subaria\\\/\"}]}<\/script>\n<!-- \/ Yoast SEO plugin. -->","yoast_head_json":{"title":"2025 Y\u0131l\u0131nda Di\u015f \u0130mplant\u0131 Hakk\u0131nda Bilmeniz Gerekenler - Universo Subaru","description":"2025 y\u0131l\u0131nda di\u015f implant\u0131 hakk\u0131nda t\u00fcm merak edilenler; tedavi s\u00fcreci, a\u015famalar\u0131, riskleri ve fiyat bilgileri burada!","robots":{"index":"index","follow":"follow","max-snippet":"max-snippet:-1","max-image-preview":"max-image-preview:large","max-video-preview":"max-video-preview:-1"},"canonical":"https:\/\/www.subaru.es\/blog\/nuestra-marca\/dis-implanti-nedir-2025-tedavi-asamalari-fiyatlari\/","og_locale":"es_ES","og_type":"article","og_title":"2025 Y\u0131l\u0131nda Di\u015f \u0130mplant\u0131 Hakk\u0131nda Bilmeniz Gerekenler - Universo Subaru","og_description":"2025 y\u0131l\u0131nda di\u015f implant\u0131 hakk\u0131nda t\u00fcm merak edilenler; tedavi s\u00fcreci, a\u015famalar\u0131, riskleri ve fiyat bilgileri burada!","og_url":"https:\/\/www.subaru.es\/blog\/nuestra-marca\/dis-implanti-nedir-2025-tedavi-asamalari-fiyatlari\/","og_site_name":"Universo Subaru","article_publisher":"https:\/\/www.facebook.com\/subaruespana","article_published_time":"2007-09-27T07:11:13+00:00","article_modified_time":"2025-05-16T18:53:35+00:00","author":"Subaru","twitter_card":"summary_large_image","twitter_misc":{"Escrito por":"Subaru","Tiempo de lectura":"3 minutos"},"schema":{"@context":"https:\/\/schema.org","@graph":[{"@type":"Article","@id":"https:\/\/www.subaru.es\/blog\/nuestra-marca\/dis-implanti-nedir-2025-tedavi-asamalari-fiyatlari\/#article","isPartOf":{"@id":"https:\/\/www.subaru.es\/blog\/nuestra-marca\/dis-implanti-nedir-2025-tedavi-asamalari-fiyatlari\/"},"author":{"name":"Subaru","@id":"https:\/\/www.subaru.es\/blog\/#\/schema\/person\/19a90b892230b8e0ec752704ddf4aa10"},"headline":"2025 Y\u0131l\u0131nda Di\u015f \u0130mplant\u0131 Hakk\u0131nda Bilmeniz Gerekenler","datePublished":"2007-09-27T07:11:13+00:00","dateModified":"2025-05-16T18:53:35+00:00","mainEntityOfPage":{"@id":"https:\/\/www.subaru.es\/blog\/nuestra-marca\/dis-implanti-nedir-2025-tedavi-asamalari-fiyatlari\/"},"wordCount":671,"commentCount":3,"publisher":{"@id":"https:\/\/www.subaru.es\/blog\/#organization"},"keywords":["di\u015f implant fiyatlar\u0131 2025","di\u015f implant\u0131","implant a\u015famalar\u0131","implant ne kadar s\u00fcrer","implant tedavisi"],"articleSection":["Nuestra marca"],"inLanguage":"es","potentialAction":[{"@type":"CommentAction","name":"Comment","target":["https:\/\/www.subaru.es\/blog\/nuestra-marca\/dis-implanti-nedir-2025-tedavi-asamalari-fiyatlari\/#respond"]}]},{"@type":"WebPage","@id":"https:\/\/www.subaru.es\/blog\/nuestra-marca\/dis-implanti-nedir-2025-tedavi-asamalari-fiyatlari\/","url":"https:\/\/www.subaru.es\/blog\/nuestra-marca\/dis-implanti-nedir-2025-tedavi-asamalari-fiyatlari\/","name":"2025 Y\u0131l\u0131nda Di\u015f \u0130mplant\u0131 Hakk\u0131nda Bilmeniz Gerekenler - Universo Subaru","isPartOf":{"@id":"https:\/\/www.subaru.es\/blog\/#website"},"datePublished":"2007-09-27T07:11:13+00:00","dateModified":"2025-05-16T18:53:35+00:00","description":"2025 y\u0131l\u0131nda di\u015f implant\u0131 hakk\u0131nda t\u00fcm merak edilenler; tedavi s\u00fcreci, a\u015famalar\u0131, riskleri ve fiyat bilgileri burada!","breadcrumb":{"@id":"https:\/\/www.subaru.es\/blog\/nuestra-marca\/dis-implanti-nedir-2025-tedavi-asamalari-fiyatlari\/#breadcrumb"},"inLanguage":"es","potentialAction":[{"@type":"ReadAction","target":["https:\/\/www.subaru.es\/blog\/nuestra-marca\/dis-implanti-nedir-2025-tedavi-asamalari-fiyatlari\/"]}]},{"@type":"BreadcrumbList","@id":"https:\/\/www.subaru.es\/blog\/nuestra-marca\/dis-implanti-nedir-2025-tedavi-asamalari-fiyatlari\/#breadcrumb","itemListElement":[{"@type":"ListItem","position":1,"name":"Portada","item":"https:\/\/www.subaru.es\/blog\/"},{"@type":"ListItem","position":2,"name":"2025 Y\u0131l\u0131nda Di\u015f \u0130mplant\u0131 Hakk\u0131nda Bilmeniz Gerekenler"}]},{"@type":"WebSite","@id":"https:\/\/www.subaru.es\/blog\/#website","url":"https:\/\/www.subaru.es\/blog\/","name":"Universo Subaru","description":"Descubre este apasionante espacio de Subaru donde vas a conocer todo sobre nuestros coches y las experiencias que vivimos con ellos. Si est\u00e1s preparado para dejarte seducir por la filosof\u00eda Subaru, qu\u00e9date con nosotros.","publisher":{"@id":"https:\/\/www.subaru.es\/blog\/#organization"},"potentialAction":[{"@type":"SearchAction","target":{"@type":"EntryPoint","urlTemplate":"https:\/\/www.subaru.es\/blog\/?s={search_term_string}"},"query-input":{"@type":"PropertyValueSpecification","valueRequired":true,"valueName":"search_term_string"}}],"inLanguage":"es"},{"@type":"Organization","@id":"https:\/\/www.subaru.es\/blog\/#organization","name":"Subaru Espa\u00f1a S.A.","url":"https:\/\/www.subaru.es\/blog\/","logo":{"@type":"ImageObject","inLanguage":"es","@id":"https:\/\/www.subaru.es\/blog\/#\/schema\/logo\/image\/","url":"https:\/\/www.subaru.es\/blog\/wp-content\/uploads\/2016\/12\/Logo-Subaru-TypeV_C300-scaled.jpg","contentUrl":"https:\/\/www.subaru.es\/blog\/wp-content\/uploads\/2016\/12\/Logo-Subaru-TypeV_C300-scaled.jpg","width":2560,"height":1864,"caption":"Subaru Espa\u00f1a S.A."},"image":{"@id":"https:\/\/www.subaru.es\/blog\/#\/schema\/logo\/image\/"},"sameAs":["https:\/\/www.facebook.com\/subaruespana","https:\/\/www.instagram.com\/subarues\/","https:\/\/www.youtube.com\/user\/subaruespana"]},{"@type":"Person","@id":"https:\/\/www.subaru.es\/blog\/#\/schema\/person\/19a90b892230b8e0ec752704ddf4aa10","name":"Subaru","url":"https:\/\/www.subaru.es\/blog\/author\/subaria\/"}]}},"_links":{"self":[{"href":"https:\/\/www.subaru.es\/blog\/wp-json\/wp\/v2\/posts\/147","targetHints":{"allow":["GET"]}}],"collection":[{"href":"https:\/\/www.subaru.es\/blog\/wp-json\/wp\/v2\/posts"}],"about":[{"href":"https:\/\/www.subaru.es\/blog\/wp-json\/wp\/v2\/types\/post"}],"author":[{"embeddable":true,"href":"https:\/\/www.subaru.es\/blog\/wp-json\/wp\/v2\/users\/21"}],"replies":[{"embeddable":true,"href":"https:\/\/www.subaru.es\/blog\/wp-json\/wp\/v2\/comments?post=147"}],"version-history":[{"count":2,"href":"https:\/\/www.subaru.es\/blog\/wp-json\/wp\/v2\/posts\/147\/revisions"}],"predecessor-version":[{"id":25021,"href":"https:\/\/www.subaru.es\/blog\/wp-json\/wp\/v2\/posts\/147\/revisions\/25021"}],"wp:attachment":[{"href":"https:\/\/www.subaru.es\/blog\/wp-json\/wp\/v2\/media?parent=147"}],"wp:term":[{"taxonomy":"category","embeddable":true,"href":"https:\/\/www.subaru.es\/blog\/wp-json\/wp\/v2\/categories?post=147"},{"taxonomy":"post_tag","embeddable":true,"href":"https:\/\/www.subaru.es\/blog\/wp-json\/wp\/v2\/tags?post=147"}],"curies":[{"name":"wp","href":"https:\/\/api.w.org\/{rel}","templated":true}]}}