{"id":1463,"date":"2008-09-26T11:23:11","date_gmt":"2008-09-26T09:23:11","guid":{"rendered":"http:\/\/subaru.preproduccion.com\/blog\/wp-content\/2008\/09\/26\/swrt-dos-equipos-en-2009\/"},"modified":"2016-10-17T15:11:12","modified_gmt":"2016-10-17T13:11:12","slug":"swrt-dos-equipos-en-2009","status":"publish","type":"post","link":"https:\/\/www.subaru.es\/blog\/nuestra-marca\/swrt-dos-equipos-en-2009\/","title":{"rendered":"SWRT: Dos equipos en 2009"},"content":{"rendered":"<p><center><img data-src='https:\/\/www.subaru.es\/blog\/wp-content\/uploads\/2008\/09\/dos-equipos-swrt.jpg' alt='dos-equipos-swrt.jpg' src='data:image\/svg+xml;base64,PHN2ZyB3aWR0aD0iMSIgaGVpZ2h0PSIxIiB4bWxucz0iaHR0cDovL3d3dy53My5vcmcvMjAwMC9zdmciPjwvc3ZnPg==' class='lazyload' style='--smush-placeholder-width: 462px; --smush-placeholder-aspect-ratio: 462\/272;' \/><\/center><\/p>\n<p><strong>Confirmado:<\/strong> El <a href=\"http:\/\/www.swrt.com\">Subaru World Rally Team<\/a> correr\u00e1 con dos equipos a partir de 2009. Los rumores han resultado ciertos, el equipo Subaru lo ha confirmado a trav\u00e9s de su p\u00e1gina web. El acuerdo inicial contempla la participaci\u00f3n de <strong>dos Subaru Impreza 2008<\/strong> de competici\u00f3n en 10 pruebas europeas m\u00e1s una m\u00e1s en otro continente, quiz\u00e1 en Argentina o Australia.<\/p>\n<p><img data-src='https:\/\/www.subaru.es\/blog\/wp-content\/uploads\/2008\/09\/mads-osterg.jpg' align=\"left\" hspace=\"11\" alt='mads-osterg.jpg' src=\"data:image\/svg+xml;base64,PHN2ZyB3aWR0aD0iMSIgaGVpZ2h0PSIxIiB4bWxucz0iaHR0cDovL3d3dy53My5vcmcvMjAwMC9zdmciPjwvc3ZnPg==\" class=\"lazyload\" style=\"--smush-placeholder-width: 205px; --smush-placeholder-aspect-ratio: 205\/237;\" \/>El anuncio ha venido acompa\u00f1ado por la nominaci\u00f3n del primero de los pilotos oficiales que correr\u00e1 con nuevo equipo Subaru: <strong><a href=\"https:\/\/www.subaru.es\/blog\/2008\/06\/27\/ostberg-estara-con-subaru-en-2009\/\">Mads Ostberg<\/a><\/strong>. El joven piloto noruego result\u00f3 campe\u00f3n el a\u00f1o pasado en el <strong>Rally Nacional de Noruega<\/strong> y ya sabe lo que es ponerse este a\u00f1o a los mandos del nuevo Subaru Impreza WRX 2008.<\/p>\n<p>La gran inc\u00f3gnita a partir de ahora ser\u00e1 el nombre del segundo piloto que complete el t\u00e1ndem para este nuevo equipo de rallyes. Comienzan las quinielas. Los <a href=\"http:\/\/www.racingpasion.com\/2008\/09\/15-subaru-confirma-el-segundo-equipo-para-el-2009\">rumores ya apuntan a uno brit\u00e1nico<\/a> (Kris Meeke, Guy Wilks&#8230;).<\/p>\n","protected":false},"excerpt":{"rendered":"<p>Confirmado: El Subaru World Rally Team correr\u00e1 con dos equipos a partir de 2009. Los rumores han resultado ciertos, el equipo Subaru lo ha confirmado a trav\u00e9s de su p\u00e1gina web. El acuerdo inicial contempla la participaci\u00f3n de dos Subaru Impreza 2008 de competici\u00f3n en 10 pruebas europeas m\u00e1s una m\u00e1s en otro continente, quiz\u00e1 [&hellip;]<\/p>\n","protected":false},"author":21,"featured_media":1464,"comment_status":"open","ping_status":"open","sticky":false,"template":"","format":"standard","meta":{"_acf_changed":false,"_eb_attr":"","inline_featured_image":false,"footnotes":""},"categories":[4401],"tags":[693,795,349,1203,1204],"class_list":["post-1463","post","type-post","status-publish","format-standard","has-post-thumbnail","hentry","category-nuestra-marca","tag-dos-equipos","tag-mads-ostberg","tag-rallyes","tag-subaru-2009","tag-swrt-2009"],"acf":[],"yoast_head":"<!-- This site is optimized with the Yoast SEO plugin v27.3 - https:\/\/yoast.com\/product\/yoast-seo-wordpress\/ -->\n<title>SWRT: Dos equipos en 2009 - Universo Subaru<\/title>\n<meta name=\"robots\" content=\"index, follow, max-snippet:-1, max-image-preview:large, max-video-preview:-1\" \/>\n<link rel=\"canonical\" href=\"https:\/\/www.subaru.es\/blog\/nuestra-marca\/swrt-dos-equipos-en-2009\/\" \/>\n<meta property=\"og:locale\" content=\"es_ES\" \/>\n<meta property=\"og:type\" content=\"article\" \/>\n<meta property=\"og:title\" content=\"SWRT: Dos equipos en 2009 - Universo Subaru\" \/>\n<meta property=\"og:description\" content=\"Confirmado: El Subaru World Rally Team correr\u00e1 con dos equipos a partir de 2009. Los rumores han resultado ciertos, el equipo Subaru lo ha confirmado a trav\u00e9s de su p\u00e1gina web. El acuerdo inicial contempla la participaci\u00f3n de dos Subaru Impreza 2008 de competici\u00f3n en 10 pruebas europeas m\u00e1s una m\u00e1s en otro continente, quiz\u00e1 [&hellip;]\" \/>\n<meta property=\"og:url\" content=\"https:\/\/www.subaru.es\/blog\/nuestra-marca\/swrt-dos-equipos-en-2009\/\" \/>\n<meta property=\"og:site_name\" content=\"Universo Subaru\" \/>\n<meta property=\"article:publisher\" content=\"https:\/\/www.facebook.com\/subaruespana\" \/>\n<meta property=\"article:published_time\" content=\"2008-09-26T09:23:11+00:00\" \/>\n<meta property=\"article:modified_time\" content=\"2016-10-17T13:11:12+00:00\" \/>\n<meta property=\"og:image\" content=\"https:\/\/www.subaru.es\/blog\/wp-content\/uploads\/2008\/09\/dos-equipos-swrt.jpg\" \/>\n\t<meta property=\"og:image:width\" content=\"462\" \/>\n\t<meta property=\"og:image:height\" content=\"272\" \/>\n\t<meta property=\"og:image:type\" content=\"image\/jpeg\" \/>\n<meta name=\"author\" content=\"Subaru\" \/>\n<meta name=\"twitter:card\" content=\"summary_large_image\" \/>\n<meta name=\"twitter:label1\" content=\"Escrito por\" \/>\n\t<meta name=\"twitter:data1\" content=\"Subaru\" \/>\n\t<meta name=\"twitter:label2\" content=\"Tiempo de lectura\" \/>\n\t<meta name=\"twitter:data2\" content=\"1 minuto\" \/>\n<script type=\"application\/ld+json\" class=\"yoast-schema-graph\">{\"@context\":\"https:\\\/\\\/schema.org\",\"@graph\":[{\"@type\":\"Article\",\"@id\":\"https:\\\/\\\/www.subaru.es\\\/blog\\\/nuestra-marca\\\/swrt-dos-equipos-en-2009\\\/#article\",\"isPartOf\":{\"@id\":\"https:\\\/\\\/www.subaru.es\\\/blog\\\/nuestra-marca\\\/swrt-dos-equipos-en-2009\\\/\"},\"author\":{\"name\":\"Subaru\",\"@id\":\"https:\\\/\\\/www.subaru.es\\\/blog\\\/#\\\/schema\\\/person\\\/19a90b892230b8e0ec752704ddf4aa10\"},\"headline\":\"SWRT: Dos equipos en 2009\",\"datePublished\":\"2008-09-26T09:23:11+00:00\",\"dateModified\":\"2016-10-17T13:11:12+00:00\",\"mainEntityOfPage\":{\"@id\":\"https:\\\/\\\/www.subaru.es\\\/blog\\\/nuestra-marca\\\/swrt-dos-equipos-en-2009\\\/\"},\"wordCount\":165,\"commentCount\":1,\"publisher\":{\"@id\":\"https:\\\/\\\/www.subaru.es\\\/blog\\\/#organization\"},\"image\":{\"@id\":\"https:\\\/\\\/www.subaru.es\\\/blog\\\/nuestra-marca\\\/swrt-dos-equipos-en-2009\\\/#primaryimage\"},\"thumbnailUrl\":\"https:\\\/\\\/www.subaru.es\\\/blog\\\/wp-content\\\/uploads\\\/2008\\\/09\\\/dos-equipos-swrt.jpg\",\"keywords\":[\"dos equipos\",\"Mads Ostberg\",\"rallyes\",\"subaru 2009\",\"swrt 2009\"],\"articleSection\":[\"Nuestra marca\"],\"inLanguage\":\"es\",\"potentialAction\":[{\"@type\":\"CommentAction\",\"name\":\"Comment\",\"target\":[\"https:\\\/\\\/www.subaru.es\\\/blog\\\/nuestra-marca\\\/swrt-dos-equipos-en-2009\\\/#respond\"]}]},{\"@type\":\"WebPage\",\"@id\":\"https:\\\/\\\/www.subaru.es\\\/blog\\\/nuestra-marca\\\/swrt-dos-equipos-en-2009\\\/\",\"url\":\"https:\\\/\\\/www.subaru.es\\\/blog\\\/nuestra-marca\\\/swrt-dos-equipos-en-2009\\\/\",\"name\":\"SWRT: Dos equipos en 2009 - Universo Subaru\",\"isPartOf\":{\"@id\":\"https:\\\/\\\/www.subaru.es\\\/blog\\\/#website\"},\"primaryImageOfPage\":{\"@id\":\"https:\\\/\\\/www.subaru.es\\\/blog\\\/nuestra-marca\\\/swrt-dos-equipos-en-2009\\\/#primaryimage\"},\"image\":{\"@id\":\"https:\\\/\\\/www.subaru.es\\\/blog\\\/nuestra-marca\\\/swrt-dos-equipos-en-2009\\\/#primaryimage\"},\"thumbnailUrl\":\"https:\\\/\\\/www.subaru.es\\\/blog\\\/wp-content\\\/uploads\\\/2008\\\/09\\\/dos-equipos-swrt.jpg\",\"datePublished\":\"2008-09-26T09:23:11+00:00\",\"dateModified\":\"2016-10-17T13:11:12+00:00\",\"breadcrumb\":{\"@id\":\"https:\\\/\\\/www.subaru.es\\\/blog\\\/nuestra-marca\\\/swrt-dos-equipos-en-2009\\\/#breadcrumb\"},\"inLanguage\":\"es\",\"potentialAction\":[{\"@type\":\"ReadAction\",\"target\":[\"https:\\\/\\\/www.subaru.es\\\/blog\\\/nuestra-marca\\\/swrt-dos-equipos-en-2009\\\/\"]}]},{\"@type\":\"ImageObject\",\"inLanguage\":\"es\",\"@id\":\"https:\\\/\\\/www.subaru.es\\\/blog\\\/nuestra-marca\\\/swrt-dos-equipos-en-2009\\\/#primaryimage\",\"url\":\"https:\\\/\\\/www.subaru.es\\\/blog\\\/wp-content\\\/uploads\\\/2008\\\/09\\\/dos-equipos-swrt.jpg\",\"contentUrl\":\"https:\\\/\\\/www.subaru.es\\\/blog\\\/wp-content\\\/uploads\\\/2008\\\/09\\\/dos-equipos-swrt.jpg\",\"width\":462,\"height\":272},{\"@type\":\"BreadcrumbList\",\"@id\":\"https:\\\/\\\/www.subaru.es\\\/blog\\\/nuestra-marca\\\/swrt-dos-equipos-en-2009\\\/#breadcrumb\",\"itemListElement\":[{\"@type\":\"ListItem\",\"position\":1,\"name\":\"Portada\",\"item\":\"https:\\\/\\\/www.subaru.es\\\/blog\\\/\"},{\"@type\":\"ListItem\",\"position\":2,\"name\":\"SWRT: Dos equipos en 2009\"}]},{\"@type\":\"WebSite\",\"@id\":\"https:\\\/\\\/www.subaru.es\\\/blog\\\/#website\",\"url\":\"https:\\\/\\\/www.subaru.es\\\/blog\\\/\",\"name\":\"Universo Subaru\",\"description\":\"Descubre este apasionante espacio de Subaru donde vas a conocer todo sobre nuestros coches y las experiencias que vivimos con ellos. Si est\u00e1s preparado para dejarte seducir por la filosof\u00eda Subaru, qu\u00e9date con nosotros.\",\"publisher\":{\"@id\":\"https:\\\/\\\/www.subaru.es\\\/blog\\\/#organization\"},\"potentialAction\":[{\"@type\":\"SearchAction\",\"target\":{\"@type\":\"EntryPoint\",\"urlTemplate\":\"https:\\\/\\\/www.subaru.es\\\/blog\\\/?s={search_term_string}\"},\"query-input\":{\"@type\":\"PropertyValueSpecification\",\"valueRequired\":true,\"valueName\":\"search_term_string\"}}],\"inLanguage\":\"es\"},{\"@type\":\"Organization\",\"@id\":\"https:\\\/\\\/www.subaru.es\\\/blog\\\/#organization\",\"name\":\"Subaru Espa\u00f1a S.A.\",\"url\":\"https:\\\/\\\/www.subaru.es\\\/blog\\\/\",\"logo\":{\"@type\":\"ImageObject\",\"inLanguage\":\"es\",\"@id\":\"https:\\\/\\\/www.subaru.es\\\/blog\\\/#\\\/schema\\\/logo\\\/image\\\/\",\"url\":\"https:\\\/\\\/www.subaru.es\\\/blog\\\/wp-content\\\/uploads\\\/2016\\\/12\\\/Logo-Subaru-TypeV_C300-scaled.jpg\",\"contentUrl\":\"https:\\\/\\\/www.subaru.es\\\/blog\\\/wp-content\\\/uploads\\\/2016\\\/12\\\/Logo-Subaru-TypeV_C300-scaled.jpg\",\"width\":2560,\"height\":1864,\"caption\":\"Subaru Espa\u00f1a S.A.\"},\"image\":{\"@id\":\"https:\\\/\\\/www.subaru.es\\\/blog\\\/#\\\/schema\\\/logo\\\/image\\\/\"},\"sameAs\":[\"https:\\\/\\\/www.facebook.com\\\/subaruespana\",\"https:\\\/\\\/www.instagram.com\\\/subarues\\\/\",\"https:\\\/\\\/www.youtube.com\\\/user\\\/subaruespana\"]},{\"@type\":\"Person\",\"@id\":\"https:\\\/\\\/www.subaru.es\\\/blog\\\/#\\\/schema\\\/person\\\/19a90b892230b8e0ec752704ddf4aa10\",\"name\":\"Subaru\",\"url\":\"https:\\\/\\\/www.subaru.es\\\/blog\\\/author\\\/subaria\\\/\"}]}<\/script>\n<!-- \/ Yoast SEO plugin. -->","yoast_head_json":{"title":"SWRT: Dos equipos en 2009 - Universo Subaru","robots":{"index":"index","follow":"follow","max-snippet":"max-snippet:-1","max-image-preview":"max-image-preview:large","max-video-preview":"max-video-preview:-1"},"canonical":"https:\/\/www.subaru.es\/blog\/nuestra-marca\/swrt-dos-equipos-en-2009\/","og_locale":"es_ES","og_type":"article","og_title":"SWRT: Dos equipos en 2009 - Universo Subaru","og_description":"Confirmado: El Subaru World Rally Team correr\u00e1 con dos equipos a partir de 2009. Los rumores han resultado ciertos, el equipo Subaru lo ha confirmado a trav\u00e9s de su p\u00e1gina web. El acuerdo inicial contempla la participaci\u00f3n de dos Subaru Impreza 2008 de competici\u00f3n en 10 pruebas europeas m\u00e1s una m\u00e1s en otro continente, quiz\u00e1 [&hellip;]","og_url":"https:\/\/www.subaru.es\/blog\/nuestra-marca\/swrt-dos-equipos-en-2009\/","og_site_name":"Universo Subaru","article_publisher":"https:\/\/www.facebook.com\/subaruespana","article_published_time":"2008-09-26T09:23:11+00:00","article_modified_time":"2016-10-17T13:11:12+00:00","og_image":[{"width":462,"height":272,"url":"https:\/\/www.subaru.es\/blog\/wp-content\/uploads\/2008\/09\/dos-equipos-swrt.jpg","type":"image\/jpeg"}],"author":"Subaru","twitter_card":"summary_large_image","twitter_misc":{"Escrito por":"Subaru","Tiempo de lectura":"1 minuto"},"schema":{"@context":"https:\/\/schema.org","@graph":[{"@type":"Article","@id":"https:\/\/www.subaru.es\/blog\/nuestra-marca\/swrt-dos-equipos-en-2009\/#article","isPartOf":{"@id":"https:\/\/www.subaru.es\/blog\/nuestra-marca\/swrt-dos-equipos-en-2009\/"},"author":{"name":"Subaru","@id":"https:\/\/www.subaru.es\/blog\/#\/schema\/person\/19a90b892230b8e0ec752704ddf4aa10"},"headline":"SWRT: Dos equipos en 2009","datePublished":"2008-09-26T09:23:11+00:00","dateModified":"2016-10-17T13:11:12+00:00","mainEntityOfPage":{"@id":"https:\/\/www.subaru.es\/blog\/nuestra-marca\/swrt-dos-equipos-en-2009\/"},"wordCount":165,"commentCount":1,"publisher":{"@id":"https:\/\/www.subaru.es\/blog\/#organization"},"image":{"@id":"https:\/\/www.subaru.es\/blog\/nuestra-marca\/swrt-dos-equipos-en-2009\/#primaryimage"},"thumbnailUrl":"https:\/\/www.subaru.es\/blog\/wp-content\/uploads\/2008\/09\/dos-equipos-swrt.jpg","keywords":["dos equipos","Mads Ostberg","rallyes","subaru 2009","swrt 2009"],"articleSection":["Nuestra marca"],"inLanguage":"es","potentialAction":[{"@type":"CommentAction","name":"Comment","target":["https:\/\/www.subaru.es\/blog\/nuestra-marca\/swrt-dos-equipos-en-2009\/#respond"]}]},{"@type":"WebPage","@id":"https:\/\/www.subaru.es\/blog\/nuestra-marca\/swrt-dos-equipos-en-2009\/","url":"https:\/\/www.subaru.es\/blog\/nuestra-marca\/swrt-dos-equipos-en-2009\/","name":"SWRT: Dos equipos en 2009 - Universo Subaru","isPartOf":{"@id":"https:\/\/www.subaru.es\/blog\/#website"},"primaryImageOfPage":{"@id":"https:\/\/www.subaru.es\/blog\/nuestra-marca\/swrt-dos-equipos-en-2009\/#primaryimage"},"image":{"@id":"https:\/\/www.subaru.es\/blog\/nuestra-marca\/swrt-dos-equipos-en-2009\/#primaryimage"},"thumbnailUrl":"https:\/\/www.subaru.es\/blog\/wp-content\/uploads\/2008\/09\/dos-equipos-swrt.jpg","datePublished":"2008-09-26T09:23:11+00:00","dateModified":"2016-10-17T13:11:12+00:00","breadcrumb":{"@id":"https:\/\/www.subaru.es\/blog\/nuestra-marca\/swrt-dos-equipos-en-2009\/#breadcrumb"},"inLanguage":"es","potentialAction":[{"@type":"ReadAction","target":["https:\/\/www.subaru.es\/blog\/nuestra-marca\/swrt-dos-equipos-en-2009\/"]}]},{"@type":"ImageObject","inLanguage":"es","@id":"https:\/\/www.subaru.es\/blog\/nuestra-marca\/swrt-dos-equipos-en-2009\/#primaryimage","url":"https:\/\/www.subaru.es\/blog\/wp-content\/uploads\/2008\/09\/dos-equipos-swrt.jpg","contentUrl":"https:\/\/www.subaru.es\/blog\/wp-content\/uploads\/2008\/09\/dos-equipos-swrt.jpg","width":462,"height":272},{"@type":"BreadcrumbList","@id":"https:\/\/www.subaru.es\/blog\/nuestra-marca\/swrt-dos-equipos-en-2009\/#breadcrumb","itemListElement":[{"@type":"ListItem","position":1,"name":"Portada","item":"https:\/\/www.subaru.es\/blog\/"},{"@type":"ListItem","position":2,"name":"SWRT: Dos equipos en 2009"}]},{"@type":"WebSite","@id":"https:\/\/www.subaru.es\/blog\/#website","url":"https:\/\/www.subaru.es\/blog\/","name":"Universo Subaru","description":"Descubre este apasionante espacio de Subaru donde vas a conocer todo sobre nuestros coches y las experiencias que vivimos con ellos. Si est\u00e1s preparado para dejarte seducir por la filosof\u00eda Subaru, qu\u00e9date con nosotros.","publisher":{"@id":"https:\/\/www.subaru.es\/blog\/#organization"},"potentialAction":[{"@type":"SearchAction","target":{"@type":"EntryPoint","urlTemplate":"https:\/\/www.subaru.es\/blog\/?s={search_term_string}"},"query-input":{"@type":"PropertyValueSpecification","valueRequired":true,"valueName":"search_term_string"}}],"inLanguage":"es"},{"@type":"Organization","@id":"https:\/\/www.subaru.es\/blog\/#organization","name":"Subaru Espa\u00f1a S.A.","url":"https:\/\/www.subaru.es\/blog\/","logo":{"@type":"ImageObject","inLanguage":"es","@id":"https:\/\/www.subaru.es\/blog\/#\/schema\/logo\/image\/","url":"https:\/\/www.subaru.es\/blog\/wp-content\/uploads\/2016\/12\/Logo-Subaru-TypeV_C300-scaled.jpg","contentUrl":"https:\/\/www.subaru.es\/blog\/wp-content\/uploads\/2016\/12\/Logo-Subaru-TypeV_C300-scaled.jpg","width":2560,"height":1864,"caption":"Subaru Espa\u00f1a S.A."},"image":{"@id":"https:\/\/www.subaru.es\/blog\/#\/schema\/logo\/image\/"},"sameAs":["https:\/\/www.facebook.com\/subaruespana","https:\/\/www.instagram.com\/subarues\/","https:\/\/www.youtube.com\/user\/subaruespana"]},{"@type":"Person","@id":"https:\/\/www.subaru.es\/blog\/#\/schema\/person\/19a90b892230b8e0ec752704ddf4aa10","name":"Subaru","url":"https:\/\/www.subaru.es\/blog\/author\/subaria\/"}]}},"_links":{"self":[{"href":"https:\/\/www.subaru.es\/blog\/wp-json\/wp\/v2\/posts\/1463","targetHints":{"allow":["GET"]}}],"collection":[{"href":"https:\/\/www.subaru.es\/blog\/wp-json\/wp\/v2\/posts"}],"about":[{"href":"https:\/\/www.subaru.es\/blog\/wp-json\/wp\/v2\/types\/post"}],"author":[{"embeddable":true,"href":"https:\/\/www.subaru.es\/blog\/wp-json\/wp\/v2\/users\/21"}],"replies":[{"embeddable":true,"href":"https:\/\/www.subaru.es\/blog\/wp-json\/wp\/v2\/comments?post=1463"}],"version-history":[{"count":1,"href":"https:\/\/www.subaru.es\/blog\/wp-json\/wp\/v2\/posts\/1463\/revisions"}],"predecessor-version":[{"id":15378,"href":"https:\/\/www.subaru.es\/blog\/wp-json\/wp\/v2\/posts\/1463\/revisions\/15378"}],"wp:featuredmedia":[{"embeddable":true,"href":"https:\/\/www.subaru.es\/blog\/wp-json\/wp\/v2\/media\/1464"}],"wp:attachment":[{"href":"https:\/\/www.subaru.es\/blog\/wp-json\/wp\/v2\/media?parent=1463"}],"wp:term":[{"taxonomy":"category","embeddable":true,"href":"https:\/\/www.subaru.es\/blog\/wp-json\/wp\/v2\/categories?post=1463"},{"taxonomy":"post_tag","embeddable":true,"href":"https:\/\/www.subaru.es\/blog\/wp-json\/wp\/v2\/tags?post=1463"}],"curies":[{"name":"wp","href":"https:\/\/api.w.org\/{rel}","templated":true}]}}