{"id":12826,"date":"2016-09-23T13:04:00","date_gmt":"2016-09-23T11:04:00","guid":{"rendered":"http:\/\/subaru.preproduccion.com\/blog\/?p=12826"},"modified":"2020-08-06T11:37:23","modified_gmt":"2020-08-06T09:37:23","slug":"alex-rins-el-wrx-sti-es-un-coche-con-un-motor-una-estabilidad-y-una-traccion-brutales","status":"publish","type":"post","link":"https:\/\/www.subaru.es\/blog\/nuestra-marca\/alex-rins-el-wrx-sti-es-un-coche-con-un-motor-una-estabilidad-y-una-traccion-brutales\/","title":{"rendered":"\u00c1lex Rins: \u201cEl WRX STI es un coche con un motor, una estabilidad y una tracci\u00f3n brutales\u201d"},"content":{"rendered":"<p><strong>Nuestro embajador de marca \u00c1lex Rins, el piloto espa\u00f1ol de Moto2 con mayor proyecci\u00f3n de futuro en el panorama del motociclismo nacional, est\u00e1 disfrutando desde primeros de junio, como ya os contamos <\/strong><strong><a href=\"https:\/\/www.subaru.es\/blog\/subaru\/alex-rins-%E2%80%9Cun-subaru-recoge-todo-lo-que-aprende-en-las-competiciones-en-las-que-participa%E2%80%9D\/\">aqu\u00ed<\/a>, de uno de nuestros espectaculares <a href=\"http:\/\/www.subaru.es\/vehiculos\/wrx\">WRX STI<\/a>.\u00a0Se lo est\u00e1 pasando de cine conduci\u00e9ndolo y nos lo ha querido contar en este post.<\/strong><\/p>\n<p><strong><a href=\"https:\/\/www.subaru.es\/blog\/wp-content\/uploads\/2016\/09\/\u00c1lex-Rins-con-su-Subaru-WRX-STI.jpg\"><img decoding=\"async\" class=\"aligncenter size-full wp-image-12832 lazyload\" title=\"\u00c1lex Rins con su Subaru WRX STI\" data-src=\"https:\/\/www.subaru.es\/blog\/wp-content\/uploads\/2016\/09\/lex-Rins-con-su-Subaru-WRX-STI-e1474623673497.jpg\" alt=\"\" width=\"640\" height=\"480\" data-srcset=\"https:\/\/www.subaru.es\/blog\/wp-content\/uploads\/2016\/09\/lex-Rins-con-su-Subaru-WRX-STI-e1474623673497.jpg 640w, https:\/\/www.subaru.es\/blog\/wp-content\/uploads\/2016\/09\/lex-Rins-con-su-Subaru-WRX-STI-e1474623673497-560x420.jpg 560w\" data-sizes=\"(max-width: 640px) 100vw, 640px\" src=\"data:image\/svg+xml;base64,PHN2ZyB3aWR0aD0iMSIgaGVpZ2h0PSIxIiB4bWxucz0iaHR0cDovL3d3dy53My5vcmcvMjAwMC9zdmciPjwvc3ZnPg==\" style=\"--smush-placeholder-width: 640px; --smush-placeholder-aspect-ratio: 640\/480;\" \/><\/a><br \/>\n<\/strong><\/p>\n<p><strong>Con una sonrisa de oreja a oreja nos empieza confesando que, nada m\u00e1s recoger el STI del concesionario Japan Lesseps de Barcelona<\/strong>, \u201ccargu\u00e9 el maletero del coche, sub\u00ed mi bicicleta y me fui a Almer\u00eda a pasar cuatro d\u00edas. Fue un buen viaje para empezar mi andadura con mi nuevo Subaru\u201d. Tanto es as\u00ed, que luego le siguieron otros destinos como la Costa Brava y Barcelona.<\/p>\n<p><strong>Nuestro famoso subarista ha recorrido con su flamante STI unos 7.000 kil\u00f3metros<\/strong>, aunque \u201cme hubiese gustado hacer m\u00e1s todav\u00eda, pero paso mucho tiempo fuera de Espa\u00f1a compitiendo en el Mundial de Moto2 y no me ha sido posible\u201d.<\/p>\n<p><a href=\"https:\/\/www.subaru.es\/blog\/wp-content\/uploads\/2016\/09\/\u00c1lex-Rins-con-su-Subaru-WRX-STI-3.jpg\"><img decoding=\"async\" class=\"aligncenter size-full wp-image-12834 lazyload\" title=\"\u00c1lex Rins con su Subaru WRX STI 3\" data-src=\"https:\/\/www.subaru.es\/blog\/wp-content\/uploads\/2016\/09\/lex-Rins-con-su-Subaru-WRX-STI-3-e1474623935483.jpg\" alt=\"\" width=\"640\" height=\"480\" data-srcset=\"https:\/\/www.subaru.es\/blog\/wp-content\/uploads\/2016\/09\/lex-Rins-con-su-Subaru-WRX-STI-3-e1474623935483.jpg 640w, https:\/\/www.subaru.es\/blog\/wp-content\/uploads\/2016\/09\/lex-Rins-con-su-Subaru-WRX-STI-3-e1474623935483-560x420.jpg 560w\" data-sizes=\"(max-width: 640px) 100vw, 640px\" src=\"data:image\/svg+xml;base64,PHN2ZyB3aWR0aD0iMSIgaGVpZ2h0PSIxIiB4bWxucz0iaHR0cDovL3d3dy53My5vcmcvMjAwMC9zdmciPjwvc3ZnPg==\" style=\"--smush-placeholder-width: 640px; --smush-placeholder-aspect-ratio: 640\/480;\" \/><\/a><\/p>\n<p>El barcelon\u00e9s ha utilizado mucho su Subaru en su d\u00eda a d\u00eda durante estos cuatro meses, ya que \u201caunque es un modelo muy deportivo, eso no te impide conducirlo por la ciudad c\u00f3modamente gracias a sus tres mapas de potencia. En especial, tiene uno muy suave que va muy bien para un uso diario\u201d.<\/p>\n<p>Ya en carretera, \u201c<strong>la conducci\u00f3n que te permite hacer al viajar es muy c\u00f3moda y te da mucha <a href=\"http:\/\/www.subaru.es\/seguridad\">seguridad<\/a><\/strong>. Adem\u00e1s, en las curvas el chasis es muy bueno y las suspensiones son duras, lo que te deja sentir muy bien el coche\u201d.<\/p>\n<p>Sobre el motor, la tracci\u00f3n, la estabilidad, los frenos y la direcci\u00f3n, as\u00ed como el equipamiento, la habitabilidad y la comodidad del WRX STI, \u00c1lex nos dice completamente convencido que, para \u00e9l, \u201cson aspectos excelentes\u201d. Y una curiosidad: quiere hacer especial menci\u00f3n del maletero: \u201ca primera vista puede no parecerlo, pero\u00a0el maletero es enorme y con capacidad para meter muchas cosas\u201d. Al preguntarle por una valoraci\u00f3n global, no lo duda ni un momento y nos hace un resumen definitivo: \u00a0\u201c<strong>Se trata de un coche muy c\u00f3modo con un motor, una estabilidad y una tracci\u00f3n brutales, adem\u00e1s de contar con un completo equipamiento<\/strong>\u201d.<\/p>\n<p>\u201c<strong>La verdad es que estoy muy contento con mi STI, es un coche sensacional<\/strong>\u201d. Adem\u00e1s, \u00c1lex nos confiesa que le gustar\u00eda probar el Subaru Outback, \u201cya que me parece un veh\u00edculo ideal para ir por la monta\u00f1a y por la nieve\u201d.<\/p>\n<p><a href=\"https:\/\/www.subaru.es\/blog\/wp-content\/uploads\/2016\/09\/\u00c1lex-Rins-con-su-Subaru-WRX-STI-2.jpg\"><img decoding=\"async\" class=\"aligncenter size-full wp-image-12836 lazyload\" title=\"\u00c1lex Rins con su Subaru WRX STI 2\" data-src=\"https:\/\/www.subaru.es\/blog\/wp-content\/uploads\/2016\/09\/lex-Rins-con-su-Subaru-WRX-STI-2-e1474624178819.jpg\" alt=\"\" width=\"640\" height=\"480\" data-srcset=\"https:\/\/www.subaru.es\/blog\/wp-content\/uploads\/2016\/09\/lex-Rins-con-su-Subaru-WRX-STI-2-e1474624178819.jpg 640w, https:\/\/www.subaru.es\/blog\/wp-content\/uploads\/2016\/09\/lex-Rins-con-su-Subaru-WRX-STI-2-e1474624178819-560x420.jpg 560w\" data-sizes=\"(max-width: 640px) 100vw, 640px\" src=\"data:image\/svg+xml;base64,PHN2ZyB3aWR0aD0iMSIgaGVpZ2h0PSIxIiB4bWxucz0iaHR0cDovL3d3dy53My5vcmcvMjAwMC9zdmciPjwvc3ZnPg==\" style=\"--smush-placeholder-width: 640px; --smush-placeholder-aspect-ratio: 640\/480;\" \/><\/a><\/p>\n<p>Como sab\u00e9is,<strong> la pasi\u00f3n de Rins por la competici\u00f3n comenz\u00f3 con tan solo tres a\u00f1os<\/strong>, cuando le regalaron un quad. No obstante, fue con seis cuando le <strong>dejaron probar una moto y <\/strong>\u201cdesde el primer momento sent\u00ed algo especial sobre las dos ruedas y no par\u00e9 hasta que mis padres me compraron mi primera moto de motocross\u201d, nos cuenta con su habitual tono amable.<\/p>\n<p><a href=\"https:\/\/www.youtube.com\/watch?v=B7YZiPRVheE\"><img decoding=\"async\" class=\"aligncenter size-full wp-image-12837 lazyload\" title=\"\u00c1lex Rins saluda desde su Subaru STI\" data-src=\"https:\/\/www.subaru.es\/blog\/wp-content\/uploads\/2016\/09\/lex-Rins-saluda-desde-su-Subaru-STI-e1474624367686.png\" alt=\"\" width=\"640\" height=\"352\" data-srcset=\"https:\/\/www.subaru.es\/blog\/wp-content\/uploads\/2016\/09\/lex-Rins-saluda-desde-su-Subaru-STI-e1474624367686.png 640w, https:\/\/www.subaru.es\/blog\/wp-content\/uploads\/2016\/09\/lex-Rins-saluda-desde-su-Subaru-STI-e1474624367686-560x308.png 560w\" data-sizes=\"(max-width: 640px) 100vw, 640px\" src=\"data:image\/svg+xml;base64,PHN2ZyB3aWR0aD0iMSIgaGVpZ2h0PSIxIiB4bWxucz0iaHR0cDovL3d3dy53My5vcmcvMjAwMC9zdmciPjwvc3ZnPg==\" style=\"--smush-placeholder-width: 640px; --smush-placeholder-aspect-ratio: 640\/352;\" \/><\/a><\/p>\n<p>Antes de terminar la conversaci\u00f3n con nuestro embajador de marca y grabarle en v\u00eddeo este <a href=\"https:\/\/www.youtube.com\/watch?v=B7YZiPRVheE\"><strong>simp\u00e1tico saludo<\/strong><\/a>, hablamos de su situaci\u00f3n en el\u00a0<strong><a href=\"http:\/\/www.motogp.com\/es\/Results+Statistics\/2016\/RSM\/Moto2\/World+Standing\">tremendamente igualado<\/a><\/strong> Mundial de Moto2. Y es que a falta de cinco carreras \u201c<strong>s\u00f3lo me separan tres puntos del liderato<\/strong>; por eso lo que tenemos que hacer es seguir el mismo camino que hasta ahora para poder ganar: ir carrera a carrera y buscar siempre el mejor resultado posible en cada Gran Premio\u201d.<\/p>\n<p><strong>Y vosotros, \u00bfcre\u00e9is que lo conseguir\u00e1?<\/strong> Desde aqu\u00ed, \u00c1lex, te deseamos toda la suerte del mundo. \u00a1Te la mereces!<\/p>\n","protected":false},"excerpt":{"rendered":"<p>Nuestro embajador de marca \u00c1lex Rins, el piloto espa\u00f1ol de Moto2 con mayor proyecci\u00f3n de futuro en el panorama del motociclismo nacional, est\u00e1 disfrutando desde primeros de junio, como ya os contamos aqu\u00ed, de uno de nuestros espectaculares WRX STI.\u00a0Se lo est\u00e1 pasando de cine conduci\u00e9ndolo y nos lo ha querido contar en este post. [&hellip;]<\/p>\n","protected":false},"author":21,"featured_media":12832,"comment_status":"open","ping_status":"open","sticky":false,"template":"","format":"standard","meta":{"_acf_changed":false,"_eb_attr":"","inline_featured_image":false,"footnotes":""},"categories":[4401],"tags":[4380,326,62],"class_list":["post-12826","post","type-post","status-publish","format-standard","has-post-thumbnail","hentry","category-nuestra-marca","tag-alex-rins","tag-subaru-impreza-wrx-sti","tag-wrx"],"acf":[],"yoast_head":"<!-- This site is optimized with the Yoast SEO plugin v27.3 - https:\/\/yoast.com\/product\/yoast-seo-wordpress\/ -->\n<title>\u00c1lex Rins: \u201cEl WRX STI es un coche con un motor, una estabilidad y una tracci\u00f3n brutales\u201d - Universo Subaru<\/title>\n<meta name=\"robots\" content=\"index, follow, max-snippet:-1, max-image-preview:large, max-video-preview:-1\" \/>\n<link rel=\"canonical\" href=\"https:\/\/www.subaru.es\/blog\/nuestra-marca\/alex-rins-el-wrx-sti-es-un-coche-con-un-motor-una-estabilidad-y-una-traccion-brutales\/\" \/>\n<meta property=\"og:locale\" content=\"es_ES\" \/>\n<meta property=\"og:type\" content=\"article\" \/>\n<meta property=\"og:title\" content=\"\u00c1lex Rins: \u201cEl WRX STI es un coche con un motor, una estabilidad y una tracci\u00f3n brutales\u201d - Universo Subaru\" \/>\n<meta property=\"og:description\" content=\"Nuestro embajador de marca \u00c1lex Rins, el piloto espa\u00f1ol de Moto2 con mayor proyecci\u00f3n de futuro en el panorama del motociclismo nacional, est\u00e1 disfrutando desde primeros de junio, como ya os contamos aqu\u00ed, de uno de nuestros espectaculares WRX STI.\u00a0Se lo est\u00e1 pasando de cine conduci\u00e9ndolo y nos lo ha querido contar en este post. [&hellip;]\" \/>\n<meta property=\"og:url\" content=\"https:\/\/www.subaru.es\/blog\/nuestra-marca\/alex-rins-el-wrx-sti-es-un-coche-con-un-motor-una-estabilidad-y-una-traccion-brutales\/\" \/>\n<meta property=\"og:site_name\" content=\"Universo Subaru\" \/>\n<meta property=\"article:publisher\" content=\"https:\/\/www.facebook.com\/subaruespana\" \/>\n<meta property=\"article:published_time\" content=\"2016-09-23T11:04:00+00:00\" \/>\n<meta property=\"article:modified_time\" content=\"2020-08-06T09:37:23+00:00\" \/>\n<meta property=\"og:image\" content=\"https:\/\/www.subaru.es\/blog\/wp-content\/uploads\/2016\/09\/lex-Rins-con-su-Subaru-WRX-STI-e1474623673497.jpg\" \/>\n\t<meta property=\"og:image:width\" content=\"640\" \/>\n\t<meta property=\"og:image:height\" content=\"480\" \/>\n\t<meta property=\"og:image:type\" content=\"image\/jpeg\" \/>\n<meta name=\"author\" content=\"Subaru\" \/>\n<meta name=\"twitter:card\" content=\"summary_large_image\" \/>\n<meta name=\"twitter:label1\" content=\"Escrito por\" \/>\n\t<meta name=\"twitter:data1\" content=\"Subaru\" \/>\n\t<meta name=\"twitter:label2\" content=\"Tiempo de lectura\" \/>\n\t<meta name=\"twitter:data2\" content=\"3 minutos\" \/>\n<script type=\"application\/ld+json\" class=\"yoast-schema-graph\">{\"@context\":\"https:\\\/\\\/schema.org\",\"@graph\":[{\"@type\":\"Article\",\"@id\":\"https:\\\/\\\/www.subaru.es\\\/blog\\\/nuestra-marca\\\/alex-rins-el-wrx-sti-es-un-coche-con-un-motor-una-estabilidad-y-una-traccion-brutales\\\/#article\",\"isPartOf\":{\"@id\":\"https:\\\/\\\/www.subaru.es\\\/blog\\\/nuestra-marca\\\/alex-rins-el-wrx-sti-es-un-coche-con-un-motor-una-estabilidad-y-una-traccion-brutales\\\/\"},\"author\":{\"name\":\"Subaru\",\"@id\":\"https:\\\/\\\/www.subaru.es\\\/blog\\\/#\\\/schema\\\/person\\\/19a90b892230b8e0ec752704ddf4aa10\"},\"headline\":\"\u00c1lex Rins: \u201cEl WRX STI es un coche con un motor, una estabilidad y una tracci\u00f3n brutales\u201d\",\"datePublished\":\"2016-09-23T11:04:00+00:00\",\"dateModified\":\"2020-08-06T09:37:23+00:00\",\"mainEntityOfPage\":{\"@id\":\"https:\\\/\\\/www.subaru.es\\\/blog\\\/nuestra-marca\\\/alex-rins-el-wrx-sti-es-un-coche-con-un-motor-una-estabilidad-y-una-traccion-brutales\\\/\"},\"wordCount\":614,\"commentCount\":0,\"publisher\":{\"@id\":\"https:\\\/\\\/www.subaru.es\\\/blog\\\/#organization\"},\"image\":{\"@id\":\"https:\\\/\\\/www.subaru.es\\\/blog\\\/nuestra-marca\\\/alex-rins-el-wrx-sti-es-un-coche-con-un-motor-una-estabilidad-y-una-traccion-brutales\\\/#primaryimage\"},\"thumbnailUrl\":\"https:\\\/\\\/www.subaru.es\\\/blog\\\/wp-content\\\/uploads\\\/2016\\\/09\\\/lex-Rins-con-su-Subaru-WRX-STI-e1474623673497.jpg\",\"keywords\":[\"\u00c1lex Rins\",\"Subaru Impreza WRX STI\",\"wrx\"],\"articleSection\":[\"Nuestra marca\"],\"inLanguage\":\"es\",\"potentialAction\":[{\"@type\":\"CommentAction\",\"name\":\"Comment\",\"target\":[\"https:\\\/\\\/www.subaru.es\\\/blog\\\/nuestra-marca\\\/alex-rins-el-wrx-sti-es-un-coche-con-un-motor-una-estabilidad-y-una-traccion-brutales\\\/#respond\"]}]},{\"@type\":\"WebPage\",\"@id\":\"https:\\\/\\\/www.subaru.es\\\/blog\\\/nuestra-marca\\\/alex-rins-el-wrx-sti-es-un-coche-con-un-motor-una-estabilidad-y-una-traccion-brutales\\\/\",\"url\":\"https:\\\/\\\/www.subaru.es\\\/blog\\\/nuestra-marca\\\/alex-rins-el-wrx-sti-es-un-coche-con-un-motor-una-estabilidad-y-una-traccion-brutales\\\/\",\"name\":\"\u00c1lex Rins: \u201cEl WRX STI es un coche con un motor, una estabilidad y una tracci\u00f3n brutales\u201d - Universo Subaru\",\"isPartOf\":{\"@id\":\"https:\\\/\\\/www.subaru.es\\\/blog\\\/#website\"},\"primaryImageOfPage\":{\"@id\":\"https:\\\/\\\/www.subaru.es\\\/blog\\\/nuestra-marca\\\/alex-rins-el-wrx-sti-es-un-coche-con-un-motor-una-estabilidad-y-una-traccion-brutales\\\/#primaryimage\"},\"image\":{\"@id\":\"https:\\\/\\\/www.subaru.es\\\/blog\\\/nuestra-marca\\\/alex-rins-el-wrx-sti-es-un-coche-con-un-motor-una-estabilidad-y-una-traccion-brutales\\\/#primaryimage\"},\"thumbnailUrl\":\"https:\\\/\\\/www.subaru.es\\\/blog\\\/wp-content\\\/uploads\\\/2016\\\/09\\\/lex-Rins-con-su-Subaru-WRX-STI-e1474623673497.jpg\",\"datePublished\":\"2016-09-23T11:04:00+00:00\",\"dateModified\":\"2020-08-06T09:37:23+00:00\",\"breadcrumb\":{\"@id\":\"https:\\\/\\\/www.subaru.es\\\/blog\\\/nuestra-marca\\\/alex-rins-el-wrx-sti-es-un-coche-con-un-motor-una-estabilidad-y-una-traccion-brutales\\\/#breadcrumb\"},\"inLanguage\":\"es\",\"potentialAction\":[{\"@type\":\"ReadAction\",\"target\":[\"https:\\\/\\\/www.subaru.es\\\/blog\\\/nuestra-marca\\\/alex-rins-el-wrx-sti-es-un-coche-con-un-motor-una-estabilidad-y-una-traccion-brutales\\\/\"]}]},{\"@type\":\"ImageObject\",\"inLanguage\":\"es\",\"@id\":\"https:\\\/\\\/www.subaru.es\\\/blog\\\/nuestra-marca\\\/alex-rins-el-wrx-sti-es-un-coche-con-un-motor-una-estabilidad-y-una-traccion-brutales\\\/#primaryimage\",\"url\":\"https:\\\/\\\/www.subaru.es\\\/blog\\\/wp-content\\\/uploads\\\/2016\\\/09\\\/lex-Rins-con-su-Subaru-WRX-STI-e1474623673497.jpg\",\"contentUrl\":\"https:\\\/\\\/www.subaru.es\\\/blog\\\/wp-content\\\/uploads\\\/2016\\\/09\\\/lex-Rins-con-su-Subaru-WRX-STI-e1474623673497.jpg\",\"width\":640,\"height\":480},{\"@type\":\"BreadcrumbList\",\"@id\":\"https:\\\/\\\/www.subaru.es\\\/blog\\\/nuestra-marca\\\/alex-rins-el-wrx-sti-es-un-coche-con-un-motor-una-estabilidad-y-una-traccion-brutales\\\/#breadcrumb\",\"itemListElement\":[{\"@type\":\"ListItem\",\"position\":1,\"name\":\"Portada\",\"item\":\"https:\\\/\\\/www.subaru.es\\\/blog\\\/\"},{\"@type\":\"ListItem\",\"position\":2,\"name\":\"\u00c1lex Rins: \u201cEl WRX STI es un coche con un motor, una estabilidad y una tracci\u00f3n brutales\u201d\"}]},{\"@type\":\"WebSite\",\"@id\":\"https:\\\/\\\/www.subaru.es\\\/blog\\\/#website\",\"url\":\"https:\\\/\\\/www.subaru.es\\\/blog\\\/\",\"name\":\"Universo Subaru\",\"description\":\"Descubre este apasionante espacio de Subaru donde vas a conocer todo sobre nuestros coches y las experiencias que vivimos con ellos. Si est\u00e1s preparado para dejarte seducir por la filosof\u00eda Subaru, qu\u00e9date con nosotros.\",\"publisher\":{\"@id\":\"https:\\\/\\\/www.subaru.es\\\/blog\\\/#organization\"},\"potentialAction\":[{\"@type\":\"SearchAction\",\"target\":{\"@type\":\"EntryPoint\",\"urlTemplate\":\"https:\\\/\\\/www.subaru.es\\\/blog\\\/?s={search_term_string}\"},\"query-input\":{\"@type\":\"PropertyValueSpecification\",\"valueRequired\":true,\"valueName\":\"search_term_string\"}}],\"inLanguage\":\"es\"},{\"@type\":\"Organization\",\"@id\":\"https:\\\/\\\/www.subaru.es\\\/blog\\\/#organization\",\"name\":\"Subaru Espa\u00f1a S.A.\",\"url\":\"https:\\\/\\\/www.subaru.es\\\/blog\\\/\",\"logo\":{\"@type\":\"ImageObject\",\"inLanguage\":\"es\",\"@id\":\"https:\\\/\\\/www.subaru.es\\\/blog\\\/#\\\/schema\\\/logo\\\/image\\\/\",\"url\":\"https:\\\/\\\/www.subaru.es\\\/blog\\\/wp-content\\\/uploads\\\/2016\\\/12\\\/Logo-Subaru-TypeV_C300-scaled.jpg\",\"contentUrl\":\"https:\\\/\\\/www.subaru.es\\\/blog\\\/wp-content\\\/uploads\\\/2016\\\/12\\\/Logo-Subaru-TypeV_C300-scaled.jpg\",\"width\":2560,\"height\":1864,\"caption\":\"Subaru Espa\u00f1a S.A.\"},\"image\":{\"@id\":\"https:\\\/\\\/www.subaru.es\\\/blog\\\/#\\\/schema\\\/logo\\\/image\\\/\"},\"sameAs\":[\"https:\\\/\\\/www.facebook.com\\\/subaruespana\",\"https:\\\/\\\/www.instagram.com\\\/subarues\\\/\",\"https:\\\/\\\/www.youtube.com\\\/user\\\/subaruespana\"]},{\"@type\":\"Person\",\"@id\":\"https:\\\/\\\/www.subaru.es\\\/blog\\\/#\\\/schema\\\/person\\\/19a90b892230b8e0ec752704ddf4aa10\",\"name\":\"Subaru\",\"url\":\"https:\\\/\\\/www.subaru.es\\\/blog\\\/author\\\/subaria\\\/\"}]}<\/script>\n<!-- \/ Yoast SEO plugin. -->","yoast_head_json":{"title":"\u00c1lex Rins: \u201cEl WRX STI es un coche con un motor, una estabilidad y una tracci\u00f3n brutales\u201d - Universo Subaru","robots":{"index":"index","follow":"follow","max-snippet":"max-snippet:-1","max-image-preview":"max-image-preview:large","max-video-preview":"max-video-preview:-1"},"canonical":"https:\/\/www.subaru.es\/blog\/nuestra-marca\/alex-rins-el-wrx-sti-es-un-coche-con-un-motor-una-estabilidad-y-una-traccion-brutales\/","og_locale":"es_ES","og_type":"article","og_title":"\u00c1lex Rins: \u201cEl WRX STI es un coche con un motor, una estabilidad y una tracci\u00f3n brutales\u201d - Universo Subaru","og_description":"Nuestro embajador de marca \u00c1lex Rins, el piloto espa\u00f1ol de Moto2 con mayor proyecci\u00f3n de futuro en el panorama del motociclismo nacional, est\u00e1 disfrutando desde primeros de junio, como ya os contamos aqu\u00ed, de uno de nuestros espectaculares WRX STI.\u00a0Se lo est\u00e1 pasando de cine conduci\u00e9ndolo y nos lo ha querido contar en este post. [&hellip;]","og_url":"https:\/\/www.subaru.es\/blog\/nuestra-marca\/alex-rins-el-wrx-sti-es-un-coche-con-un-motor-una-estabilidad-y-una-traccion-brutales\/","og_site_name":"Universo Subaru","article_publisher":"https:\/\/www.facebook.com\/subaruespana","article_published_time":"2016-09-23T11:04:00+00:00","article_modified_time":"2020-08-06T09:37:23+00:00","og_image":[{"width":640,"height":480,"url":"https:\/\/www.subaru.es\/blog\/wp-content\/uploads\/2016\/09\/lex-Rins-con-su-Subaru-WRX-STI-e1474623673497.jpg","type":"image\/jpeg"}],"author":"Subaru","twitter_card":"summary_large_image","twitter_misc":{"Escrito por":"Subaru","Tiempo de lectura":"3 minutos"},"schema":{"@context":"https:\/\/schema.org","@graph":[{"@type":"Article","@id":"https:\/\/www.subaru.es\/blog\/nuestra-marca\/alex-rins-el-wrx-sti-es-un-coche-con-un-motor-una-estabilidad-y-una-traccion-brutales\/#article","isPartOf":{"@id":"https:\/\/www.subaru.es\/blog\/nuestra-marca\/alex-rins-el-wrx-sti-es-un-coche-con-un-motor-una-estabilidad-y-una-traccion-brutales\/"},"author":{"name":"Subaru","@id":"https:\/\/www.subaru.es\/blog\/#\/schema\/person\/19a90b892230b8e0ec752704ddf4aa10"},"headline":"\u00c1lex Rins: \u201cEl WRX STI es un coche con un motor, una estabilidad y una tracci\u00f3n brutales\u201d","datePublished":"2016-09-23T11:04:00+00:00","dateModified":"2020-08-06T09:37:23+00:00","mainEntityOfPage":{"@id":"https:\/\/www.subaru.es\/blog\/nuestra-marca\/alex-rins-el-wrx-sti-es-un-coche-con-un-motor-una-estabilidad-y-una-traccion-brutales\/"},"wordCount":614,"commentCount":0,"publisher":{"@id":"https:\/\/www.subaru.es\/blog\/#organization"},"image":{"@id":"https:\/\/www.subaru.es\/blog\/nuestra-marca\/alex-rins-el-wrx-sti-es-un-coche-con-un-motor-una-estabilidad-y-una-traccion-brutales\/#primaryimage"},"thumbnailUrl":"https:\/\/www.subaru.es\/blog\/wp-content\/uploads\/2016\/09\/lex-Rins-con-su-Subaru-WRX-STI-e1474623673497.jpg","keywords":["\u00c1lex Rins","Subaru Impreza WRX STI","wrx"],"articleSection":["Nuestra marca"],"inLanguage":"es","potentialAction":[{"@type":"CommentAction","name":"Comment","target":["https:\/\/www.subaru.es\/blog\/nuestra-marca\/alex-rins-el-wrx-sti-es-un-coche-con-un-motor-una-estabilidad-y-una-traccion-brutales\/#respond"]}]},{"@type":"WebPage","@id":"https:\/\/www.subaru.es\/blog\/nuestra-marca\/alex-rins-el-wrx-sti-es-un-coche-con-un-motor-una-estabilidad-y-una-traccion-brutales\/","url":"https:\/\/www.subaru.es\/blog\/nuestra-marca\/alex-rins-el-wrx-sti-es-un-coche-con-un-motor-una-estabilidad-y-una-traccion-brutales\/","name":"\u00c1lex Rins: \u201cEl WRX STI es un coche con un motor, una estabilidad y una tracci\u00f3n brutales\u201d - Universo Subaru","isPartOf":{"@id":"https:\/\/www.subaru.es\/blog\/#website"},"primaryImageOfPage":{"@id":"https:\/\/www.subaru.es\/blog\/nuestra-marca\/alex-rins-el-wrx-sti-es-un-coche-con-un-motor-una-estabilidad-y-una-traccion-brutales\/#primaryimage"},"image":{"@id":"https:\/\/www.subaru.es\/blog\/nuestra-marca\/alex-rins-el-wrx-sti-es-un-coche-con-un-motor-una-estabilidad-y-una-traccion-brutales\/#primaryimage"},"thumbnailUrl":"https:\/\/www.subaru.es\/blog\/wp-content\/uploads\/2016\/09\/lex-Rins-con-su-Subaru-WRX-STI-e1474623673497.jpg","datePublished":"2016-09-23T11:04:00+00:00","dateModified":"2020-08-06T09:37:23+00:00","breadcrumb":{"@id":"https:\/\/www.subaru.es\/blog\/nuestra-marca\/alex-rins-el-wrx-sti-es-un-coche-con-un-motor-una-estabilidad-y-una-traccion-brutales\/#breadcrumb"},"inLanguage":"es","potentialAction":[{"@type":"ReadAction","target":["https:\/\/www.subaru.es\/blog\/nuestra-marca\/alex-rins-el-wrx-sti-es-un-coche-con-un-motor-una-estabilidad-y-una-traccion-brutales\/"]}]},{"@type":"ImageObject","inLanguage":"es","@id":"https:\/\/www.subaru.es\/blog\/nuestra-marca\/alex-rins-el-wrx-sti-es-un-coche-con-un-motor-una-estabilidad-y-una-traccion-brutales\/#primaryimage","url":"https:\/\/www.subaru.es\/blog\/wp-content\/uploads\/2016\/09\/lex-Rins-con-su-Subaru-WRX-STI-e1474623673497.jpg","contentUrl":"https:\/\/www.subaru.es\/blog\/wp-content\/uploads\/2016\/09\/lex-Rins-con-su-Subaru-WRX-STI-e1474623673497.jpg","width":640,"height":480},{"@type":"BreadcrumbList","@id":"https:\/\/www.subaru.es\/blog\/nuestra-marca\/alex-rins-el-wrx-sti-es-un-coche-con-un-motor-una-estabilidad-y-una-traccion-brutales\/#breadcrumb","itemListElement":[{"@type":"ListItem","position":1,"name":"Portada","item":"https:\/\/www.subaru.es\/blog\/"},{"@type":"ListItem","position":2,"name":"\u00c1lex Rins: \u201cEl WRX STI es un coche con un motor, una estabilidad y una tracci\u00f3n brutales\u201d"}]},{"@type":"WebSite","@id":"https:\/\/www.subaru.es\/blog\/#website","url":"https:\/\/www.subaru.es\/blog\/","name":"Universo Subaru","description":"Descubre este apasionante espacio de Subaru donde vas a conocer todo sobre nuestros coches y las experiencias que vivimos con ellos. Si est\u00e1s preparado para dejarte seducir por la filosof\u00eda Subaru, qu\u00e9date con nosotros.","publisher":{"@id":"https:\/\/www.subaru.es\/blog\/#organization"},"potentialAction":[{"@type":"SearchAction","target":{"@type":"EntryPoint","urlTemplate":"https:\/\/www.subaru.es\/blog\/?s={search_term_string}"},"query-input":{"@type":"PropertyValueSpecification","valueRequired":true,"valueName":"search_term_string"}}],"inLanguage":"es"},{"@type":"Organization","@id":"https:\/\/www.subaru.es\/blog\/#organization","name":"Subaru Espa\u00f1a S.A.","url":"https:\/\/www.subaru.es\/blog\/","logo":{"@type":"ImageObject","inLanguage":"es","@id":"https:\/\/www.subaru.es\/blog\/#\/schema\/logo\/image\/","url":"https:\/\/www.subaru.es\/blog\/wp-content\/uploads\/2016\/12\/Logo-Subaru-TypeV_C300-scaled.jpg","contentUrl":"https:\/\/www.subaru.es\/blog\/wp-content\/uploads\/2016\/12\/Logo-Subaru-TypeV_C300-scaled.jpg","width":2560,"height":1864,"caption":"Subaru Espa\u00f1a S.A."},"image":{"@id":"https:\/\/www.subaru.es\/blog\/#\/schema\/logo\/image\/"},"sameAs":["https:\/\/www.facebook.com\/subaruespana","https:\/\/www.instagram.com\/subarues\/","https:\/\/www.youtube.com\/user\/subaruespana"]},{"@type":"Person","@id":"https:\/\/www.subaru.es\/blog\/#\/schema\/person\/19a90b892230b8e0ec752704ddf4aa10","name":"Subaru","url":"https:\/\/www.subaru.es\/blog\/author\/subaria\/"}]}},"_links":{"self":[{"href":"https:\/\/www.subaru.es\/blog\/wp-json\/wp\/v2\/posts\/12826","targetHints":{"allow":["GET"]}}],"collection":[{"href":"https:\/\/www.subaru.es\/blog\/wp-json\/wp\/v2\/posts"}],"about":[{"href":"https:\/\/www.subaru.es\/blog\/wp-json\/wp\/v2\/types\/post"}],"author":[{"embeddable":true,"href":"https:\/\/www.subaru.es\/blog\/wp-json\/wp\/v2\/users\/21"}],"replies":[{"embeddable":true,"href":"https:\/\/www.subaru.es\/blog\/wp-json\/wp\/v2\/comments?post=12826"}],"version-history":[{"count":1,"href":"https:\/\/www.subaru.es\/blog\/wp-json\/wp\/v2\/posts\/12826\/revisions"}],"predecessor-version":[{"id":14677,"href":"https:\/\/www.subaru.es\/blog\/wp-json\/wp\/v2\/posts\/12826\/revisions\/14677"}],"wp:featuredmedia":[{"embeddable":true,"href":"https:\/\/www.subaru.es\/blog\/wp-json\/wp\/v2\/media\/12832"}],"wp:attachment":[{"href":"https:\/\/www.subaru.es\/blog\/wp-json\/wp\/v2\/media?parent=12826"}],"wp:term":[{"taxonomy":"category","embeddable":true,"href":"https:\/\/www.subaru.es\/blog\/wp-json\/wp\/v2\/categories?post=12826"},{"taxonomy":"post_tag","embeddable":true,"href":"https:\/\/www.subaru.es\/blog\/wp-json\/wp\/v2\/tags?post=12826"}],"curies":[{"name":"wp","href":"https:\/\/api.w.org\/{rel}","templated":true}]}}