{"id":12739,"date":"2016-09-09T07:21:01","date_gmt":"2016-09-09T05:21:01","guid":{"rendered":"http:\/\/subaru.preproduccion.com\/blog\/?p=12739"},"modified":"2016-11-07T11:42:03","modified_gmt":"2016-11-07T09:42:03","slug":"creemos-que-somos-un-valor-anadido-para-subaru","status":"publish","type":"post","link":"https:\/\/www.subaru.es\/blog\/nuestra-marca\/creemos-que-somos-un-valor-anadido-para-subaru\/","title":{"rendered":"\u201cCreemos que somos un valor a\u00f1adido para Subaru\u201d"},"content":{"rendered":"<p lang=\"es-ES\"><span style=\"color: #000000;\"><span style=\"font-family: Verdana, sans-serif;\"><strong>Lo afirma de manera tan categ\u00f3rica Jonas Prado, actual presidente del <a href=\"http:\/\/www.clubsubaru.es\/smf\/\">Club Subaru Espa\u00f1a<\/a>, organizaci\u00f3n cuyos or\u00edgenes se remontan al 14 de febrero de 2008. Nacido como un foro que servir\u00eda como punto de encuentro entre propietarios y aficionados de nuestra marca, en poco tiempo el registro de usuarios se dispar\u00f3 y comenzaron a organizarse peque\u00f1os encuentros en todas las comunidades aut\u00f3nomas de nuestro pa\u00eds, hasta que en septiembre de ese mismo a\u00f1o el club celebr\u00f3 su primera concentraci\u00f3n nacional, que tuvo lugar en Madrid y reuni\u00f3 40 veh\u00edculos <a href=\"http:\/\/www.subaru.es\/\">Subaru<\/a>.<\/strong><\/span><\/span><\/p>\n<p lang=\"es-ES\"><span style=\"color: #000000;\"><span style=\"font-family: Verdana, sans-serif;\"><strong><a href=\"https:\/\/www.subaru.es\/blog\/wp-content\/uploads\/2016\/09\/Club-Subaru-Espa\u00f1a-3_b1.jpg\"><img decoding=\"async\" class=\"aligncenter size-full wp-image-12770 lazyload\" title=\"Club Subaru Espa\u00f1a 3_b\" data-src=\"https:\/\/www.subaru.es\/blog\/wp-content\/uploads\/2016\/09\/Club-Subaru-Espa\u00f1a-3_b1-e1473406473607.jpg\" alt=\"\" width=\"640\" height=\"312\" data-srcset=\"https:\/\/www.subaru.es\/blog\/wp-content\/uploads\/2016\/09\/Club-Subaru-Espa\u00f1a-3_b1-e1473406473607.jpg 640w, https:\/\/www.subaru.es\/blog\/wp-content\/uploads\/2016\/09\/Club-Subaru-Espa\u00f1a-3_b1-e1473406473607-560x273.jpg 560w\" data-sizes=\"(max-width: 640px) 100vw, 640px\" src=\"data:image\/svg+xml;base64,PHN2ZyB3aWR0aD0iMSIgaGVpZ2h0PSIxIiB4bWxucz0iaHR0cDovL3d3dy53My5vcmcvMjAwMC9zdmciPjwvc3ZnPg==\" style=\"--smush-placeholder-width: 640px; --smush-placeholder-aspect-ratio: 640\/312;\" \/><\/a><br \/>\n<\/strong><\/span><\/span><\/p>\n<p lang=\"es-ES\"><span style=\"color: #000000;\"><span style=\"font-family: Verdana, sans-serif;\">Coincidiendo con su segundo aniversario, en febrero de 2010 tuvo lugar la segunda concentraci\u00f3n nacional en Aranda de Duero, que consigui\u00f3 reunir cerca de 80 veh\u00edculos y a unas 150 personas. All\u00ed mismo, <strong>mediante una asamblea se decidi\u00f3 dar el siguiente paso como club<\/strong> \u00aby hacerlo completamente legal, registr\u00e1ndolo con sus estatutos, su directiva y sus socios, as\u00ed como un hosting\u00bb, nos explica Jonas Prado.<\/span><\/span><\/p>\n<p lang=\"es-ES\"><span style=\"color: #000000;\"><span style=\"font-family: Verdana, sans-serif;\"><a href=\"https:\/\/www.subaru.es\/blog\/wp-content\/uploads\/2016\/09\/Club-Subaru-Espa\u00f1a-2_b.jpg\"><img decoding=\"async\" class=\"aligncenter size-full wp-image-12747 lazyload\" title=\"Club Subaru Espa\u00f1a 2_b\" data-src=\"https:\/\/www.subaru.es\/blog\/wp-content\/uploads\/2016\/09\/Club-Subaru-Espa\u00f1a-2_b-e1473343087327.jpg\" alt=\"\" width=\"640\" height=\"267\" data-srcset=\"https:\/\/www.subaru.es\/blog\/wp-content\/uploads\/2016\/09\/Club-Subaru-Espa\u00f1a-2_b-e1473343087327.jpg 640w, https:\/\/www.subaru.es\/blog\/wp-content\/uploads\/2016\/09\/Club-Subaru-Espa\u00f1a-2_b-e1473343087327-560x234.jpg 560w\" data-sizes=\"(max-width: 640px) 100vw, 640px\" src=\"data:image\/svg+xml;base64,PHN2ZyB3aWR0aD0iMSIgaGVpZ2h0PSIxIiB4bWxucz0iaHR0cDovL3d3dy53My5vcmcvMjAwMC9zdmciPjwvc3ZnPg==\" style=\"--smush-placeholder-width: 640px; --smush-placeholder-aspect-ratio: 640\/267;\" \/><\/a><br \/>\n<\/span><\/span><\/p>\n<p lang=\"es-ES\"><span style=\"color: #000000;\"><span style=\"font-family: Verdana, sans-serif;\">Los a\u00f1os de crisis tambi\u00e9n afectaron a los usuarios del Club Subaru Espa\u00f1a, \u00abdonde <strong>muchos por desgracia tuvieron que vender sus apreciados coches,<\/strong> mientras que otros no pod\u00edan seguir asistiendo a las concentraciones, cuyas convocatorias registraron menor \u00edndice de participaci\u00f3n\u00bb, nos cuenta el actual presidente.<\/span><\/span><\/p>\n<p lang=\"es-ES\"><span style=\"color: #000000;\"><span style=\"font-family: Verdana, sans-serif;\">El cambio de nuevo se apreci\u00f3 en 2015, con algunas novedades en la direcci\u00f3n del Club Subaru Espa\u00f1a que dieron lugar a la entrada de gente nueva con muchas ganas e ilusi\u00f3n. Uno de ellos fue precisamente Jonas, quien le ha dado un<strong> impulso al club y ha conseguido un r\u00e9cord de participaci\u00f3n en 2016<\/strong> durante la cuarta concentraci\u00f3n nacional celebrada en Zaragoza con 124 Subaru y m\u00e1s de 250 personas.<\/span><\/span><\/p>\n<p lang=\"es-ES\"><span style=\"color: #000000;\"><span style=\"font-family: Verdana, sans-serif;\"><a href=\"https:\/\/www.subaru.es\/blog\/wp-content\/uploads\/2016\/09\/Club-Subaru-Espa\u00f1a-3_b.jpg\"><img decoding=\"async\" class=\"aligncenter size-full wp-image-12750 lazyload\" title=\"Club Subaru Espa\u00f1a 3_b\" data-src=\"https:\/\/www.subaru.es\/blog\/wp-content\/uploads\/2016\/09\/Club-Subaru-Espa\u00f1a-3_b-e1473343243176.jpg\" alt=\"\" width=\"640\" height=\"349\" data-srcset=\"https:\/\/www.subaru.es\/blog\/wp-content\/uploads\/2016\/09\/Club-Subaru-Espa\u00f1a-3_b-e1473343243176.jpg 640w, https:\/\/www.subaru.es\/blog\/wp-content\/uploads\/2016\/09\/Club-Subaru-Espa\u00f1a-3_b-e1473343243176-560x305.jpg 560w\" data-sizes=\"(max-width: 640px) 100vw, 640px\" src=\"data:image\/svg+xml;base64,PHN2ZyB3aWR0aD0iMSIgaGVpZ2h0PSIxIiB4bWxucz0iaHR0cDovL3d3dy53My5vcmcvMjAwMC9zdmciPjwvc3ZnPg==\" style=\"--smush-placeholder-width: 640px; --smush-placeholder-aspect-ratio: 640\/349;\" \/><\/a><br \/>\n<\/span><\/span><\/p>\n<p lang=\"es-ES\"><span style=\"color: #000000;\"><span style=\"font-family: Verdana, sans-serif;\">La concentraci\u00f3n ma\u00f1a fue todo un \u00e9xito y se pudo apreciar el buen ambiente que hay entre los miembros del club, donde muchos<strong> se consideran una gran familia<\/strong>. Jonas nos cuenta que en dicha cita se aprovech\u00f3 para rendir un peque\u00f1o homenaje a dos compa\u00f1eros fallecidos, CarloStc y Kevin.<\/span><\/span><\/p>\n<p lang=\"es-ES\"><span style=\"color: #000000;\">\u201c<span style=\"font-family: Verdana, sans-serif;\"><strong>Este club tiene por pilares la amistad y su car\u00e1cter familiar<\/strong>, lo que le hace funcionar como una hermandad\u201d, remarca Jonas. Actualmente en el foro hay registrados m\u00e1s de 3.400 usuarios, de los que 2.000 son usuarios activos. \u201cCada d\u00eda se registran nuevos miembros y se escriben decenas de mensajes, mientras que constantemente hay alguna actividad en las diferentes comunidades aut\u00f3nomas\u201d, dice el m\u00e1ximo responsable del club.<\/span><\/span><\/p>\n<p lang=\"es-ES\"><span style=\"color: #000000;\"><span style=\"font-family: Verdana, sans-serif;\"><a href=\"https:\/\/www.subaru.es\/blog\/wp-content\/uploads\/2016\/09\/Club-Subaru-Espa\u00f1a-4_b.jpg\"><img decoding=\"async\" class=\"aligncenter size-full wp-image-12751 lazyload\" title=\"Club Subaru Espa\u00f1a 4_b\" data-src=\"https:\/\/www.subaru.es\/blog\/wp-content\/uploads\/2016\/09\/Club-Subaru-Espa\u00f1a-4_b-e1473343373885.jpg\" alt=\"\" width=\"640\" height=\"426\" data-srcset=\"https:\/\/www.subaru.es\/blog\/wp-content\/uploads\/2016\/09\/Club-Subaru-Espa\u00f1a-4_b-e1473343373885.jpg 640w, https:\/\/www.subaru.es\/blog\/wp-content\/uploads\/2016\/09\/Club-Subaru-Espa\u00f1a-4_b-e1473343373885-560x373.jpg 560w\" data-sizes=\"(max-width: 640px) 100vw, 640px\" src=\"data:image\/svg+xml;base64,PHN2ZyB3aWR0aD0iMSIgaGVpZ2h0PSIxIiB4bWxucz0iaHR0cDovL3d3dy53My5vcmcvMjAwMC9zdmciPjwvc3ZnPg==\" style=\"--smush-placeholder-width: 640px; --smush-placeholder-aspect-ratio: 640\/426;\" \/><\/a><br \/>\n<\/span><\/span><\/p>\n<p lang=\"es-ES\"><span style=\"color: #000000;\"><span style=\"font-family: Verdana, sans-serif;\">Entre los eventos que realiza la entidad, aparte de la concentraci\u00f3n nacional -que se celebra cada dos a\u00f1os y <strong>cuya pr\u00f3xima edici\u00f3n ser\u00e1 en 2018 en Segovia<\/strong>-, se organizan comidas, circuitos, rutas del WRC y, c\u00f3mo no, la comida de Navidad. \u201cNuestros \u00faltimos eventos han sido tandas en Calafat, un evento solidario en Madrid y una ruta por el norte, ademas de acompa\u00f1ar a nuestros compa\u00f1eros de Portugal en su reuni\u00f3n nacional, que se celebr\u00f3 con fines ben\u00e9ficos\u201d.<\/span><\/span><\/p>\n<p lang=\"es-ES\"><span style=\"color: #000000;\"><span style=\"font-family: Verdana, sans-serif;\">Para formar parte del Club Subaru Espa\u00f1a el \u00fanico requisito es tener uno de nuestros veh\u00edculos y, sobre todo, \u201c<strong>ganas de pasarlo bien en familia disfrutando del buen ambiente que tenemos<\/strong>\u201d, nos explica Jonas. La actual junta directiva del club est\u00e1 formada por el propio Jonas Prado, presidente; Aitor Mardaras, vicepresidente; Javier Dopico, secretario, y Chema San Vicente, tesorero.<\/span><\/span><\/p>\n<p lang=\"es-ES\"><span style=\"color: #000000;\"><span style=\"font-family: Verdana, sans-serif;\"><a href=\"https:\/\/www.subaru.es\/blog\/wp-content\/uploads\/2016\/09\/image10.jpg\"><img decoding=\"async\" class=\"aligncenter size-full wp-image-12754 lazyload\" title=\"image10\" data-src=\"https:\/\/www.subaru.es\/blog\/wp-content\/uploads\/2016\/09\/image10-e1473343430557.jpg\" alt=\"\" width=\"640\" height=\"489\" data-srcset=\"https:\/\/www.subaru.es\/blog\/wp-content\/uploads\/2016\/09\/image10-e1473343430557.jpg 640w, https:\/\/www.subaru.es\/blog\/wp-content\/uploads\/2016\/09\/image10-e1473343430557-560x428.jpg 560w\" data-sizes=\"(max-width: 640px) 100vw, 640px\" src=\"data:image\/svg+xml;base64,PHN2ZyB3aWR0aD0iMSIgaGVpZ2h0PSIxIiB4bWxucz0iaHR0cDovL3d3dy53My5vcmcvMjAwMC9zdmciPjwvc3ZnPg==\" style=\"--smush-placeholder-width: 640px; --smush-placeholder-aspect-ratio: 640\/489;\" \/><\/a><br \/>\n<\/span><\/span><\/p>\n<p lang=\"es-ES\"><span style=\"color: #000000;\"><span style=\"font-family: Verdana, sans-serif;\">En cuanto a entidades dignas de menci\u00f3n para el club, Jonas reconoce que <strong><a href=\"http:\/\/forums.nasioc.com\/\">Nasioc <\/a><\/strong>(EE.UU.) es su foro de referencia, junto a <a href=\"http:\/\/forum.webclub-subaru.com\/\"><strong>webclubsubaru<\/strong><\/a> (Francia);<strong><a href=\"http:\/\/www.6to6motor.com\/sobre-6to6.html\"> 6to6<\/a><\/strong> el evento que destacar\u00eda y <strong><a href=\"http:\/\/pawneesbarcelona.blogspot.com.es\/\">Pawnees MC<\/a><\/strong> el club en el que mirarse.<\/span><\/span><\/p>\n<p lang=\"es-ES\"><span style=\"color: #000000;\"><span style=\"font-family: Verdana, sans-serif;\">Entre sus objetivos a medio y largo plazo, Jonas destaca que \u201c<strong>nos gustar\u00eda ser un referente como club de una marca de coches<\/strong>, adem\u00e1s de poder hacer cursos de conducci\u00f3n en circuito tanto de asfalto como de tierra o nieve, por ejemplo&#8230; Todo, claro est\u00e1, con el apoyo de la marca\u201d.<\/span><\/span><\/p>\n<p lang=\"es-ES\"><span style=\"color: #000000;\"><span style=\"font-family: Verdana, sans-serif;\"><strong>Actualmente los componentes del club est\u00e1n planeando un viaje en grupo a Jap\u00f3n<\/strong> con la intenci\u00f3n de visitar la f\u00e1brica de Subaru, as\u00ed como el museo, \u201clo que ser\u00eda el sue\u00f1o de casi todo subarista\u201d, concluye Jonas.<\/span><\/span><\/p>\n<p lang=\"es-ES\"><span style=\"color: #000000;\"><span style=\"font-family: Verdana, sans-serif;\"><a href=\"https:\/\/www.subaru.es\/blog\/wp-content\/uploads\/2016\/09\/Club-Subaru-Espa\u00f1a-1_b1.jpg\"><img decoding=\"async\" class=\"aligncenter size-full wp-image-12771 lazyload\" title=\"Club Subaru Espa\u00f1a 1_b\" data-src=\"https:\/\/www.subaru.es\/blog\/wp-content\/uploads\/2016\/09\/Club-Subaru-Espa\u00f1a-1_b1-e1473406531922.jpg\" alt=\"\" width=\"640\" height=\"278\" data-srcset=\"https:\/\/www.subaru.es\/blog\/wp-content\/uploads\/2016\/09\/Club-Subaru-Espa\u00f1a-1_b1-e1473406531922.jpg 640w, https:\/\/www.subaru.es\/blog\/wp-content\/uploads\/2016\/09\/Club-Subaru-Espa\u00f1a-1_b1-e1473406531922-560x243.jpg 560w\" data-sizes=\"(max-width: 640px) 100vw, 640px\" src=\"data:image\/svg+xml;base64,PHN2ZyB3aWR0aD0iMSIgaGVpZ2h0PSIxIiB4bWxucz0iaHR0cDovL3d3dy53My5vcmcvMjAwMC9zdmciPjwvc3ZnPg==\" style=\"--smush-placeholder-width: 640px; --smush-placeholder-aspect-ratio: 640\/278;\" \/><\/a><br \/>\n<\/span><\/span><\/p>\n<p><span style=\"color: #000000;\"><span style=\"font-family: Verdana, sans-serif;\">El Club Subaru Espa\u00f1a refuerza su actividad, adem\u00e1s de con su <strong><a href=\"http:\/\/www.clubsubaru.es\">blog<\/a><\/strong>, con una <strong>interesante labor en las redes sociales<\/strong>. As\u00ed, en <strong><a href=\"https:\/\/twitter.com\/clubsubaru\">Twitter<\/a><\/strong> (<\/span><\/span><a href=\"https:\/\/twitter.com\/ClubSubaru\"><span style=\"color: #000000;\"><span style=\"font-family: Verdana, sans-serif;\">@ClubSubaru<\/span><\/span><\/a><span style=\"color: #000000;\"><span style=\"font-family: Verdana, sans-serif;\">) cuenta con m\u00e1s de 200 seguidores, en <strong><a href=\"https:\/\/es-es.facebook.com\/Club-Subaru-Espa%C3%B1a-171596736187884\/\">Facebook<\/a><\/strong> con 3.000 y en Instagram (<\/span><\/span><a href=\"https:\/\/www.instagram.com\/clubsubaruspain\/\"><span style=\"color: #000000;\"><span style=\"font-family: Verdana, sans-serif;\"><span style=\"text-decoration: underline;\">@clubsubaruspain<\/span><\/span><\/span><\/a><span style=\"color: #000000;\"><span style=\"font-family: Verdana, sans-serif;\">) con 1.600.<\/span><\/span><\/p>\n<p><span style=\"font-family: Verdana, sans-serif;\">Para finalizar, os mostramos un <strong><a href=\"http:\/\/youtu.be\/_3FNFltu5u4\">v\u00eddeo resumen<\/a><\/strong> de la \u00faltima concentraci\u00f3n nacional celebrada recientemente en Zaragoza, para que pod\u00e1is haceros una idea m\u00e1s definida de las actividades que realiza la organizaci\u00f3n. \u00bfOs anim\u00e1is a haceros miembros del <strong><a href=\"http:\/\/www.clubsubaru.es\/smf\/\">Club Subaru Espa\u00f1a<\/a><\/strong>? <\/span><\/p>\n<p><span style=\"font-family: Verdana, sans-serif;\"><a href=\"http:\/\/youtu.be\/_3FNFltu5u4\"><img decoding=\"async\" class=\"aligncenter size-full wp-image-12759 lazyload\" title=\"Club Subaru Espa\u00f1a 6_b\" data-src=\"https:\/\/www.subaru.es\/blog\/wp-content\/uploads\/2016\/09\/Club-Subaru-Espa\u00f1a-6_b-e1473343785899.jpg\" alt=\"\" width=\"640\" height=\"356\" data-srcset=\"https:\/\/www.subaru.es\/blog\/wp-content\/uploads\/2016\/09\/Club-Subaru-Espa\u00f1a-6_b-e1473343785899.jpg 640w, https:\/\/www.subaru.es\/blog\/wp-content\/uploads\/2016\/09\/Club-Subaru-Espa\u00f1a-6_b-e1473343785899-560x312.jpg 560w\" data-sizes=\"(max-width: 640px) 100vw, 640px\" src=\"data:image\/svg+xml;base64,PHN2ZyB3aWR0aD0iMSIgaGVpZ2h0PSIxIiB4bWxucz0iaHR0cDovL3d3dy53My5vcmcvMjAwMC9zdmciPjwvc3ZnPg==\" style=\"--smush-placeholder-width: 640px; --smush-placeholder-aspect-ratio: 640\/356;\" \/><\/a><br \/>\n<\/span><\/p>\n","protected":false},"excerpt":{"rendered":"<p>\u201cCreemos que somos un valor a\u00f1adido para Subaru\u201d. Lo afirma de manera tan categ\u00f3rica Jonas Prado, actual presidente del Club Subaru Espa\u00f1a, cuyos or\u00edgenes se remontan al 14 de febrero de 2008. Nacido como un foro que servir\u00eda como punto de encuentro entre propietarios y aficionados de nuestra marca, en un breve plazo de tiempo el registro de usuarios se dispar\u00f3 y comenzaron a organizarse peque\u00f1os encuentros en todas las comunidades aut\u00f3nomas de nuestro pa\u00eds, hasta que en septiembre de ese mismo a\u00f1o se celebr\u00f3 su primera concentraci\u00f3n nacional, que tuvo lugar en Madrid y reuni\u00f3 40 veh\u00edculos Subaru.<\/p>\n","protected":false},"author":21,"featured_media":12754,"comment_status":"open","ping_status":"open","sticky":false,"template":"","format":"standard","meta":{"_acf_changed":false,"_eb_attr":"","inline_featured_image":false,"footnotes":""},"categories":[4401],"tags":[2895,4370,3209],"class_list":["post-12739","post","type-post","status-publish","format-standard","has-post-thumbnail","hentry","category-nuestra-marca","tag-2-concentracion-nacional-del-club-subaru-espana","tag-aficionados","tag-club-subaru-espana"],"acf":[],"yoast_head":"<!-- This site is optimized with the Yoast SEO plugin v27.3 - https:\/\/yoast.com\/product\/yoast-seo-wordpress\/ -->\n<title>\u201cCreemos que somos un valor a\u00f1adido para Subaru\u201d - Universo Subaru<\/title>\n<meta name=\"robots\" content=\"index, follow, max-snippet:-1, max-image-preview:large, max-video-preview:-1\" \/>\n<link rel=\"canonical\" href=\"https:\/\/www.subaru.es\/blog\/nuestra-marca\/creemos-que-somos-un-valor-anadido-para-subaru\/\" \/>\n<meta property=\"og:locale\" content=\"es_ES\" \/>\n<meta property=\"og:type\" content=\"article\" \/>\n<meta property=\"og:title\" content=\"\u201cCreemos que somos un valor a\u00f1adido para Subaru\u201d - Universo Subaru\" \/>\n<meta property=\"og:description\" content=\"\u201cCreemos que somos un valor a\u00f1adido para Subaru\u201d. Lo afirma de manera tan categ\u00f3rica Jonas Prado, actual presidente del Club Subaru Espa\u00f1a, cuyos or\u00edgenes se remontan al 14 de febrero de 2008. Nacido como un foro que servir\u00eda como punto de encuentro entre propietarios y aficionados de nuestra marca, en un breve plazo de tiempo el registro de usuarios se dispar\u00f3 y comenzaron a organizarse peque\u00f1os encuentros en todas las comunidades aut\u00f3nomas de nuestro pa\u00eds, hasta que en septiembre de ese mismo a\u00f1o se celebr\u00f3 su primera concentraci\u00f3n nacional, que tuvo lugar en Madrid y reuni\u00f3 40 veh\u00edculos Subaru.\" \/>\n<meta property=\"og:url\" content=\"https:\/\/www.subaru.es\/blog\/nuestra-marca\/creemos-que-somos-un-valor-anadido-para-subaru\/\" \/>\n<meta property=\"og:site_name\" content=\"Universo Subaru\" \/>\n<meta property=\"article:publisher\" content=\"https:\/\/www.facebook.com\/subaruespana\" \/>\n<meta property=\"article:published_time\" content=\"2016-09-09T05:21:01+00:00\" \/>\n<meta property=\"article:modified_time\" content=\"2016-11-07T09:42:03+00:00\" \/>\n<meta property=\"og:image\" content=\"https:\/\/www.subaru.es\/blog\/wp-content\/uploads\/2016\/09\/image10-e1473343430557.jpg\" \/>\n\t<meta property=\"og:image:width\" content=\"640\" \/>\n\t<meta property=\"og:image:height\" content=\"489\" \/>\n\t<meta property=\"og:image:type\" content=\"image\/jpeg\" \/>\n<meta name=\"author\" content=\"Subaru\" \/>\n<meta name=\"twitter:card\" content=\"summary_large_image\" \/>\n<meta name=\"twitter:label1\" content=\"Escrito por\" \/>\n\t<meta name=\"twitter:data1\" content=\"Subaru\" \/>\n\t<meta name=\"twitter:label2\" content=\"Tiempo de lectura\" \/>\n\t<meta name=\"twitter:data2\" content=\"4 minutos\" \/>\n<script type=\"application\/ld+json\" class=\"yoast-schema-graph\">{\"@context\":\"https:\\\/\\\/schema.org\",\"@graph\":[{\"@type\":\"Article\",\"@id\":\"https:\\\/\\\/www.subaru.es\\\/blog\\\/nuestra-marca\\\/creemos-que-somos-un-valor-anadido-para-subaru\\\/#article\",\"isPartOf\":{\"@id\":\"https:\\\/\\\/www.subaru.es\\\/blog\\\/nuestra-marca\\\/creemos-que-somos-un-valor-anadido-para-subaru\\\/\"},\"author\":{\"name\":\"Subaru\",\"@id\":\"https:\\\/\\\/www.subaru.es\\\/blog\\\/#\\\/schema\\\/person\\\/19a90b892230b8e0ec752704ddf4aa10\"},\"headline\":\"\u201cCreemos que somos un valor a\u00f1adido para Subaru\u201d\",\"datePublished\":\"2016-09-09T05:21:01+00:00\",\"dateModified\":\"2016-11-07T09:42:03+00:00\",\"mainEntityOfPage\":{\"@id\":\"https:\\\/\\\/www.subaru.es\\\/blog\\\/nuestra-marca\\\/creemos-que-somos-un-valor-anadido-para-subaru\\\/\"},\"wordCount\":791,\"commentCount\":1,\"publisher\":{\"@id\":\"https:\\\/\\\/www.subaru.es\\\/blog\\\/#organization\"},\"image\":{\"@id\":\"https:\\\/\\\/www.subaru.es\\\/blog\\\/nuestra-marca\\\/creemos-que-somos-un-valor-anadido-para-subaru\\\/#primaryimage\"},\"thumbnailUrl\":\"https:\\\/\\\/www.subaru.es\\\/blog\\\/wp-content\\\/uploads\\\/2016\\\/09\\\/image10-e1473343430557.jpg\",\"keywords\":[\"2\u00aa Concentraci\u00f3n Nacional del Club Subaru Espa\u00f1a\",\"aficionados\",\"Club Subaru Espa\u00f1a\"],\"articleSection\":[\"Nuestra marca\"],\"inLanguage\":\"es\",\"potentialAction\":[{\"@type\":\"CommentAction\",\"name\":\"Comment\",\"target\":[\"https:\\\/\\\/www.subaru.es\\\/blog\\\/nuestra-marca\\\/creemos-que-somos-un-valor-anadido-para-subaru\\\/#respond\"]}]},{\"@type\":\"WebPage\",\"@id\":\"https:\\\/\\\/www.subaru.es\\\/blog\\\/nuestra-marca\\\/creemos-que-somos-un-valor-anadido-para-subaru\\\/\",\"url\":\"https:\\\/\\\/www.subaru.es\\\/blog\\\/nuestra-marca\\\/creemos-que-somos-un-valor-anadido-para-subaru\\\/\",\"name\":\"\u201cCreemos que somos un valor a\u00f1adido para Subaru\u201d - Universo Subaru\",\"isPartOf\":{\"@id\":\"https:\\\/\\\/www.subaru.es\\\/blog\\\/#website\"},\"primaryImageOfPage\":{\"@id\":\"https:\\\/\\\/www.subaru.es\\\/blog\\\/nuestra-marca\\\/creemos-que-somos-un-valor-anadido-para-subaru\\\/#primaryimage\"},\"image\":{\"@id\":\"https:\\\/\\\/www.subaru.es\\\/blog\\\/nuestra-marca\\\/creemos-que-somos-un-valor-anadido-para-subaru\\\/#primaryimage\"},\"thumbnailUrl\":\"https:\\\/\\\/www.subaru.es\\\/blog\\\/wp-content\\\/uploads\\\/2016\\\/09\\\/image10-e1473343430557.jpg\",\"datePublished\":\"2016-09-09T05:21:01+00:00\",\"dateModified\":\"2016-11-07T09:42:03+00:00\",\"breadcrumb\":{\"@id\":\"https:\\\/\\\/www.subaru.es\\\/blog\\\/nuestra-marca\\\/creemos-que-somos-un-valor-anadido-para-subaru\\\/#breadcrumb\"},\"inLanguage\":\"es\",\"potentialAction\":[{\"@type\":\"ReadAction\",\"target\":[\"https:\\\/\\\/www.subaru.es\\\/blog\\\/nuestra-marca\\\/creemos-que-somos-un-valor-anadido-para-subaru\\\/\"]}]},{\"@type\":\"ImageObject\",\"inLanguage\":\"es\",\"@id\":\"https:\\\/\\\/www.subaru.es\\\/blog\\\/nuestra-marca\\\/creemos-que-somos-un-valor-anadido-para-subaru\\\/#primaryimage\",\"url\":\"https:\\\/\\\/www.subaru.es\\\/blog\\\/wp-content\\\/uploads\\\/2016\\\/09\\\/image10-e1473343430557.jpg\",\"contentUrl\":\"https:\\\/\\\/www.subaru.es\\\/blog\\\/wp-content\\\/uploads\\\/2016\\\/09\\\/image10-e1473343430557.jpg\",\"width\":640,\"height\":489},{\"@type\":\"BreadcrumbList\",\"@id\":\"https:\\\/\\\/www.subaru.es\\\/blog\\\/nuestra-marca\\\/creemos-que-somos-un-valor-anadido-para-subaru\\\/#breadcrumb\",\"itemListElement\":[{\"@type\":\"ListItem\",\"position\":1,\"name\":\"Portada\",\"item\":\"https:\\\/\\\/www.subaru.es\\\/blog\\\/\"},{\"@type\":\"ListItem\",\"position\":2,\"name\":\"\u201cCreemos que somos un valor a\u00f1adido para Subaru\u201d\"}]},{\"@type\":\"WebSite\",\"@id\":\"https:\\\/\\\/www.subaru.es\\\/blog\\\/#website\",\"url\":\"https:\\\/\\\/www.subaru.es\\\/blog\\\/\",\"name\":\"Universo Subaru\",\"description\":\"Descubre este apasionante espacio de Subaru donde vas a conocer todo sobre nuestros coches y las experiencias que vivimos con ellos. Si est\u00e1s preparado para dejarte seducir por la filosof\u00eda Subaru, qu\u00e9date con nosotros.\",\"publisher\":{\"@id\":\"https:\\\/\\\/www.subaru.es\\\/blog\\\/#organization\"},\"potentialAction\":[{\"@type\":\"SearchAction\",\"target\":{\"@type\":\"EntryPoint\",\"urlTemplate\":\"https:\\\/\\\/www.subaru.es\\\/blog\\\/?s={search_term_string}\"},\"query-input\":{\"@type\":\"PropertyValueSpecification\",\"valueRequired\":true,\"valueName\":\"search_term_string\"}}],\"inLanguage\":\"es\"},{\"@type\":\"Organization\",\"@id\":\"https:\\\/\\\/www.subaru.es\\\/blog\\\/#organization\",\"name\":\"Subaru Espa\u00f1a S.A.\",\"url\":\"https:\\\/\\\/www.subaru.es\\\/blog\\\/\",\"logo\":{\"@type\":\"ImageObject\",\"inLanguage\":\"es\",\"@id\":\"https:\\\/\\\/www.subaru.es\\\/blog\\\/#\\\/schema\\\/logo\\\/image\\\/\",\"url\":\"https:\\\/\\\/www.subaru.es\\\/blog\\\/wp-content\\\/uploads\\\/2016\\\/12\\\/Logo-Subaru-TypeV_C300-scaled.jpg\",\"contentUrl\":\"https:\\\/\\\/www.subaru.es\\\/blog\\\/wp-content\\\/uploads\\\/2016\\\/12\\\/Logo-Subaru-TypeV_C300-scaled.jpg\",\"width\":2560,\"height\":1864,\"caption\":\"Subaru Espa\u00f1a S.A.\"},\"image\":{\"@id\":\"https:\\\/\\\/www.subaru.es\\\/blog\\\/#\\\/schema\\\/logo\\\/image\\\/\"},\"sameAs\":[\"https:\\\/\\\/www.facebook.com\\\/subaruespana\",\"https:\\\/\\\/www.instagram.com\\\/subarues\\\/\",\"https:\\\/\\\/www.youtube.com\\\/user\\\/subaruespana\"]},{\"@type\":\"Person\",\"@id\":\"https:\\\/\\\/www.subaru.es\\\/blog\\\/#\\\/schema\\\/person\\\/19a90b892230b8e0ec752704ddf4aa10\",\"name\":\"Subaru\",\"url\":\"https:\\\/\\\/www.subaru.es\\\/blog\\\/author\\\/subaria\\\/\"}]}<\/script>\n<!-- \/ Yoast SEO plugin. -->","yoast_head_json":{"title":"\u201cCreemos que somos un valor a\u00f1adido para Subaru\u201d - Universo Subaru","robots":{"index":"index","follow":"follow","max-snippet":"max-snippet:-1","max-image-preview":"max-image-preview:large","max-video-preview":"max-video-preview:-1"},"canonical":"https:\/\/www.subaru.es\/blog\/nuestra-marca\/creemos-que-somos-un-valor-anadido-para-subaru\/","og_locale":"es_ES","og_type":"article","og_title":"\u201cCreemos que somos un valor a\u00f1adido para Subaru\u201d - Universo Subaru","og_description":"\u201cCreemos que somos un valor a\u00f1adido para Subaru\u201d. Lo afirma de manera tan categ\u00f3rica Jonas Prado, actual presidente del Club Subaru Espa\u00f1a, cuyos or\u00edgenes se remontan al 14 de febrero de 2008. Nacido como un foro que servir\u00eda como punto de encuentro entre propietarios y aficionados de nuestra marca, en un breve plazo de tiempo el registro de usuarios se dispar\u00f3 y comenzaron a organizarse peque\u00f1os encuentros en todas las comunidades aut\u00f3nomas de nuestro pa\u00eds, hasta que en septiembre de ese mismo a\u00f1o se celebr\u00f3 su primera concentraci\u00f3n nacional, que tuvo lugar en Madrid y reuni\u00f3 40 veh\u00edculos Subaru.","og_url":"https:\/\/www.subaru.es\/blog\/nuestra-marca\/creemos-que-somos-un-valor-anadido-para-subaru\/","og_site_name":"Universo Subaru","article_publisher":"https:\/\/www.facebook.com\/subaruespana","article_published_time":"2016-09-09T05:21:01+00:00","article_modified_time":"2016-11-07T09:42:03+00:00","og_image":[{"width":640,"height":489,"url":"https:\/\/www.subaru.es\/blog\/wp-content\/uploads\/2016\/09\/image10-e1473343430557.jpg","type":"image\/jpeg"}],"author":"Subaru","twitter_card":"summary_large_image","twitter_misc":{"Escrito por":"Subaru","Tiempo de lectura":"4 minutos"},"schema":{"@context":"https:\/\/schema.org","@graph":[{"@type":"Article","@id":"https:\/\/www.subaru.es\/blog\/nuestra-marca\/creemos-que-somos-un-valor-anadido-para-subaru\/#article","isPartOf":{"@id":"https:\/\/www.subaru.es\/blog\/nuestra-marca\/creemos-que-somos-un-valor-anadido-para-subaru\/"},"author":{"name":"Subaru","@id":"https:\/\/www.subaru.es\/blog\/#\/schema\/person\/19a90b892230b8e0ec752704ddf4aa10"},"headline":"\u201cCreemos que somos un valor a\u00f1adido para Subaru\u201d","datePublished":"2016-09-09T05:21:01+00:00","dateModified":"2016-11-07T09:42:03+00:00","mainEntityOfPage":{"@id":"https:\/\/www.subaru.es\/blog\/nuestra-marca\/creemos-que-somos-un-valor-anadido-para-subaru\/"},"wordCount":791,"commentCount":1,"publisher":{"@id":"https:\/\/www.subaru.es\/blog\/#organization"},"image":{"@id":"https:\/\/www.subaru.es\/blog\/nuestra-marca\/creemos-que-somos-un-valor-anadido-para-subaru\/#primaryimage"},"thumbnailUrl":"https:\/\/www.subaru.es\/blog\/wp-content\/uploads\/2016\/09\/image10-e1473343430557.jpg","keywords":["2\u00aa Concentraci\u00f3n Nacional del Club Subaru Espa\u00f1a","aficionados","Club Subaru Espa\u00f1a"],"articleSection":["Nuestra marca"],"inLanguage":"es","potentialAction":[{"@type":"CommentAction","name":"Comment","target":["https:\/\/www.subaru.es\/blog\/nuestra-marca\/creemos-que-somos-un-valor-anadido-para-subaru\/#respond"]}]},{"@type":"WebPage","@id":"https:\/\/www.subaru.es\/blog\/nuestra-marca\/creemos-que-somos-un-valor-anadido-para-subaru\/","url":"https:\/\/www.subaru.es\/blog\/nuestra-marca\/creemos-que-somos-un-valor-anadido-para-subaru\/","name":"\u201cCreemos que somos un valor a\u00f1adido para Subaru\u201d - Universo Subaru","isPartOf":{"@id":"https:\/\/www.subaru.es\/blog\/#website"},"primaryImageOfPage":{"@id":"https:\/\/www.subaru.es\/blog\/nuestra-marca\/creemos-que-somos-un-valor-anadido-para-subaru\/#primaryimage"},"image":{"@id":"https:\/\/www.subaru.es\/blog\/nuestra-marca\/creemos-que-somos-un-valor-anadido-para-subaru\/#primaryimage"},"thumbnailUrl":"https:\/\/www.subaru.es\/blog\/wp-content\/uploads\/2016\/09\/image10-e1473343430557.jpg","datePublished":"2016-09-09T05:21:01+00:00","dateModified":"2016-11-07T09:42:03+00:00","breadcrumb":{"@id":"https:\/\/www.subaru.es\/blog\/nuestra-marca\/creemos-que-somos-un-valor-anadido-para-subaru\/#breadcrumb"},"inLanguage":"es","potentialAction":[{"@type":"ReadAction","target":["https:\/\/www.subaru.es\/blog\/nuestra-marca\/creemos-que-somos-un-valor-anadido-para-subaru\/"]}]},{"@type":"ImageObject","inLanguage":"es","@id":"https:\/\/www.subaru.es\/blog\/nuestra-marca\/creemos-que-somos-un-valor-anadido-para-subaru\/#primaryimage","url":"https:\/\/www.subaru.es\/blog\/wp-content\/uploads\/2016\/09\/image10-e1473343430557.jpg","contentUrl":"https:\/\/www.subaru.es\/blog\/wp-content\/uploads\/2016\/09\/image10-e1473343430557.jpg","width":640,"height":489},{"@type":"BreadcrumbList","@id":"https:\/\/www.subaru.es\/blog\/nuestra-marca\/creemos-que-somos-un-valor-anadido-para-subaru\/#breadcrumb","itemListElement":[{"@type":"ListItem","position":1,"name":"Portada","item":"https:\/\/www.subaru.es\/blog\/"},{"@type":"ListItem","position":2,"name":"\u201cCreemos que somos un valor a\u00f1adido para Subaru\u201d"}]},{"@type":"WebSite","@id":"https:\/\/www.subaru.es\/blog\/#website","url":"https:\/\/www.subaru.es\/blog\/","name":"Universo Subaru","description":"Descubre este apasionante espacio de Subaru donde vas a conocer todo sobre nuestros coches y las experiencias que vivimos con ellos. Si est\u00e1s preparado para dejarte seducir por la filosof\u00eda Subaru, qu\u00e9date con nosotros.","publisher":{"@id":"https:\/\/www.subaru.es\/blog\/#organization"},"potentialAction":[{"@type":"SearchAction","target":{"@type":"EntryPoint","urlTemplate":"https:\/\/www.subaru.es\/blog\/?s={search_term_string}"},"query-input":{"@type":"PropertyValueSpecification","valueRequired":true,"valueName":"search_term_string"}}],"inLanguage":"es"},{"@type":"Organization","@id":"https:\/\/www.subaru.es\/blog\/#organization","name":"Subaru Espa\u00f1a S.A.","url":"https:\/\/www.subaru.es\/blog\/","logo":{"@type":"ImageObject","inLanguage":"es","@id":"https:\/\/www.subaru.es\/blog\/#\/schema\/logo\/image\/","url":"https:\/\/www.subaru.es\/blog\/wp-content\/uploads\/2016\/12\/Logo-Subaru-TypeV_C300-scaled.jpg","contentUrl":"https:\/\/www.subaru.es\/blog\/wp-content\/uploads\/2016\/12\/Logo-Subaru-TypeV_C300-scaled.jpg","width":2560,"height":1864,"caption":"Subaru Espa\u00f1a S.A."},"image":{"@id":"https:\/\/www.subaru.es\/blog\/#\/schema\/logo\/image\/"},"sameAs":["https:\/\/www.facebook.com\/subaruespana","https:\/\/www.instagram.com\/subarues\/","https:\/\/www.youtube.com\/user\/subaruespana"]},{"@type":"Person","@id":"https:\/\/www.subaru.es\/blog\/#\/schema\/person\/19a90b892230b8e0ec752704ddf4aa10","name":"Subaru","url":"https:\/\/www.subaru.es\/blog\/author\/subaria\/"}]}},"_links":{"self":[{"href":"https:\/\/www.subaru.es\/blog\/wp-json\/wp\/v2\/posts\/12739","targetHints":{"allow":["GET"]}}],"collection":[{"href":"https:\/\/www.subaru.es\/blog\/wp-json\/wp\/v2\/posts"}],"about":[{"href":"https:\/\/www.subaru.es\/blog\/wp-json\/wp\/v2\/types\/post"}],"author":[{"embeddable":true,"href":"https:\/\/www.subaru.es\/blog\/wp-json\/wp\/v2\/users\/21"}],"replies":[{"embeddable":true,"href":"https:\/\/www.subaru.es\/blog\/wp-json\/wp\/v2\/comments?post=12739"}],"version-history":[{"count":2,"href":"https:\/\/www.subaru.es\/blog\/wp-json\/wp\/v2\/posts\/12739\/revisions"}],"predecessor-version":[{"id":16253,"href":"https:\/\/www.subaru.es\/blog\/wp-json\/wp\/v2\/posts\/12739\/revisions\/16253"}],"wp:featuredmedia":[{"embeddable":true,"href":"https:\/\/www.subaru.es\/blog\/wp-json\/wp\/v2\/media\/12754"}],"wp:attachment":[{"href":"https:\/\/www.subaru.es\/blog\/wp-json\/wp\/v2\/media?parent=12739"}],"wp:term":[{"taxonomy":"category","embeddable":true,"href":"https:\/\/www.subaru.es\/blog\/wp-json\/wp\/v2\/categories?post=12739"},{"taxonomy":"post_tag","embeddable":true,"href":"https:\/\/www.subaru.es\/blog\/wp-json\/wp\/v2\/tags?post=12739"}],"curies":[{"name":"wp","href":"https:\/\/api.w.org\/{rel}","templated":true}]}}