{"id":1273,"date":"2008-08-09T14:56:26","date_gmt":"2008-08-09T12:56:26","guid":{"rendered":"http:\/\/subaru.preproduccion.com\/blog\/wp-content\/2008\/08\/09\/el-forester-me-salvo-la-vida\/"},"modified":"2016-10-17T15:11:14","modified_gmt":"2016-10-17T13:11:14","slug":"el-forester-me-salvo-la-vida","status":"publish","type":"post","link":"https:\/\/www.subaru.es\/blog\/nuestra-marca\/el-forester-me-salvo-la-vida\/","title":{"rendered":"El Forester me salv\u00f3 la vida"},"content":{"rendered":"<p>Curiosa la noticia que hemos encontrado en el <strong><a href=\"http:\/\/www.streetdirectory.com\/travel_guide\/51706\/car_focus\/subaru_forester_saved_drivers_life.html\">editorial de StreetDirectory.com<\/a><\/strong>: <strong>\u00abSubaru Forester Saved Drivers Life\u00bb<\/strong> (<em>Subaru Forester salv\u00f3 la vida de los conductores<\/em>). Seg\u00fan cuenta en su art\u00edculo Anthony Fontanelle, el protagonista de esta historia afirma que el Subaru Forester le salv\u00f3 la vida.<\/p>\n<p><center><img data-src='https:\/\/www.subaru.es\/blog\/wp-content\/uploads\/2008\/08\/forester-vida.jpg' alt='Forester, seguridad' src='data:image\/svg+xml;base64,PHN2ZyB3aWR0aD0iMSIgaGVpZ2h0PSIxIiB4bWxucz0iaHR0cDovL3d3dy53My5vcmcvMjAwMC9zdmciPjwvc3ZnPg==' class='lazyload' style='--smush-placeholder-width: 430px; --smush-placeholder-aspect-ratio: 430\/200;' \/><\/center><\/p>\n<p>Matthew Scott, de 28 a\u00f1os, es propietario de un <strong>Subaru Forester<\/strong> y se vio involucrado recientemente en un grave accidente automovil\u00edstico en Anchorage, estado de Alaska. Scott afirma que no recuerda casi nada del fatal accidente, pero sus m\u00e9dicos se muestran seguros de que se recuperar\u00e1 completamente. En estos momentos, se encuentra ingresado por graves da\u00f1os en cabeza y torso.<\/p>\n<p>La v\u00edctima dice que compr\u00f3 su Forester en 2003 por sus caracter\u00edsticas de equipamiento en seguridad. Ahora cree que el coche ha podido evitar un desenlace peor.<\/p>\n<blockquote><p>\n\u00abPodr\u00eda haber sido mucho peor. Parece que choc\u00f3 con el frontal del Subaru sobre la rueda del otro coche. Si hubiera chocado con la puerta del conductor, creo que habr\u00eda sido una fatalidad para el otro conductor tambi\u00e9n.\u00bb <strong>Afirma el teniente Steven Hebbe, del departamento de polic\u00eda de Anchorage<\/strong>.<\/p><\/blockquote>\n<p><a href=\"http:\/\/www.streetdirectory.com\/travel_guide\/51706\/car_focus\/subaru_forester_saved_drivers_life.html\"><strong>Leer historia completa en Street Directory<\/strong><\/a><\/p>\n<p><strong><a href=\"https:\/\/www.subaru.es\/blog\/2007\/10\/13\/subaru-forester-2008-un-coche-a-prueba-de-golpes\/\">M\u00e1s informaci\u00f3n sobre seguridad Subaru<\/a><\/strong><\/p>\n","protected":false},"excerpt":{"rendered":"<p>Curiosa la noticia que hemos encontrado en el editorial de StreetDirectory.com: \u00abSubaru Forester Saved Drivers Life\u00bb (Subaru Forester salv\u00f3 la vida de los conductores). Seg\u00fan cuenta en su art\u00edculo Anthony Fontanelle, el protagonista de esta historia afirma que el Subaru Forester le salv\u00f3 la vida. Matthew Scott, de 28 a\u00f1os, es propietario de un Subaru [&hellip;]<\/p>\n","protected":false},"author":21,"featured_media":1285,"comment_status":"open","ping_status":"open","sticky":false,"template":"","format":"standard","meta":{"_acf_changed":false,"_eb_attr":"","inline_featured_image":false,"footnotes":""},"categories":[4401],"tags":[267,13,164,4390,1036],"class_list":["post-1273","post","type-post","status-publish","format-standard","has-post-thumbnail","hentry","category-nuestra-marca","tag-accidente","tag-forester","tag-seguridad","tag-subaru","tag-trafico"],"acf":[],"yoast_head":"<!-- This site is optimized with the Yoast SEO plugin v27.3 - https:\/\/yoast.com\/product\/yoast-seo-wordpress\/ -->\n<title>El Forester me salv\u00f3 la vida - Universo Subaru<\/title>\n<meta name=\"robots\" content=\"index, follow, max-snippet:-1, max-image-preview:large, max-video-preview:-1\" \/>\n<link rel=\"canonical\" href=\"https:\/\/www.subaru.es\/blog\/nuestra-marca\/el-forester-me-salvo-la-vida\/\" \/>\n<meta property=\"og:locale\" content=\"es_ES\" \/>\n<meta property=\"og:type\" content=\"article\" \/>\n<meta property=\"og:title\" content=\"El Forester me salv\u00f3 la vida - Universo Subaru\" \/>\n<meta property=\"og:description\" content=\"Curiosa la noticia que hemos encontrado en el editorial de StreetDirectory.com: \u00abSubaru Forester Saved Drivers Life\u00bb (Subaru Forester salv\u00f3 la vida de los conductores). Seg\u00fan cuenta en su art\u00edculo Anthony Fontanelle, el protagonista de esta historia afirma que el Subaru Forester le salv\u00f3 la vida. Matthew Scott, de 28 a\u00f1os, es propietario de un Subaru [&hellip;]\" \/>\n<meta property=\"og:url\" content=\"https:\/\/www.subaru.es\/blog\/nuestra-marca\/el-forester-me-salvo-la-vida\/\" \/>\n<meta property=\"og:site_name\" content=\"Universo Subaru\" \/>\n<meta property=\"article:publisher\" content=\"https:\/\/www.facebook.com\/subaruespana\" \/>\n<meta property=\"article:published_time\" content=\"2008-08-09T12:56:26+00:00\" \/>\n<meta property=\"article:modified_time\" content=\"2016-10-17T13:11:14+00:00\" \/>\n<meta property=\"og:image\" content=\"https:\/\/www.subaru.es\/blog\/wp-content\/uploads\/2008\/08\/forester-vida.jpg\" \/>\n\t<meta property=\"og:image:width\" content=\"430\" \/>\n\t<meta property=\"og:image:height\" content=\"200\" \/>\n\t<meta property=\"og:image:type\" content=\"image\/jpeg\" \/>\n<meta name=\"author\" content=\"Subaru\" \/>\n<meta name=\"twitter:card\" content=\"summary_large_image\" \/>\n<meta name=\"twitter:label1\" content=\"Escrito por\" \/>\n\t<meta name=\"twitter:data1\" content=\"Subaru\" \/>\n\t<meta name=\"twitter:label2\" content=\"Tiempo de lectura\" \/>\n\t<meta name=\"twitter:data2\" content=\"1 minuto\" \/>\n<script type=\"application\/ld+json\" class=\"yoast-schema-graph\">{\"@context\":\"https:\\\/\\\/schema.org\",\"@graph\":[{\"@type\":\"Article\",\"@id\":\"https:\\\/\\\/www.subaru.es\\\/blog\\\/nuestra-marca\\\/el-forester-me-salvo-la-vida\\\/#article\",\"isPartOf\":{\"@id\":\"https:\\\/\\\/www.subaru.es\\\/blog\\\/nuestra-marca\\\/el-forester-me-salvo-la-vida\\\/\"},\"author\":{\"name\":\"Subaru\",\"@id\":\"https:\\\/\\\/www.subaru.es\\\/blog\\\/#\\\/schema\\\/person\\\/19a90b892230b8e0ec752704ddf4aa10\"},\"headline\":\"El Forester me salv\u00f3 la vida\",\"datePublished\":\"2008-08-09T12:56:26+00:00\",\"dateModified\":\"2016-10-17T13:11:14+00:00\",\"mainEntityOfPage\":{\"@id\":\"https:\\\/\\\/www.subaru.es\\\/blog\\\/nuestra-marca\\\/el-forester-me-salvo-la-vida\\\/\"},\"wordCount\":211,\"commentCount\":0,\"publisher\":{\"@id\":\"https:\\\/\\\/www.subaru.es\\\/blog\\\/#organization\"},\"image\":{\"@id\":\"https:\\\/\\\/www.subaru.es\\\/blog\\\/nuestra-marca\\\/el-forester-me-salvo-la-vida\\\/#primaryimage\"},\"thumbnailUrl\":\"https:\\\/\\\/www.subaru.es\\\/blog\\\/wp-content\\\/uploads\\\/2008\\\/08\\\/forester-vida.jpg\",\"keywords\":[\"accidente\",\"forester\",\"seguridad\",\"Subaru\",\"tr\u00e1fico\"],\"articleSection\":[\"Nuestra marca\"],\"inLanguage\":\"es\",\"potentialAction\":[{\"@type\":\"CommentAction\",\"name\":\"Comment\",\"target\":[\"https:\\\/\\\/www.subaru.es\\\/blog\\\/nuestra-marca\\\/el-forester-me-salvo-la-vida\\\/#respond\"]}]},{\"@type\":\"WebPage\",\"@id\":\"https:\\\/\\\/www.subaru.es\\\/blog\\\/nuestra-marca\\\/el-forester-me-salvo-la-vida\\\/\",\"url\":\"https:\\\/\\\/www.subaru.es\\\/blog\\\/nuestra-marca\\\/el-forester-me-salvo-la-vida\\\/\",\"name\":\"El Forester me salv\u00f3 la vida - Universo Subaru\",\"isPartOf\":{\"@id\":\"https:\\\/\\\/www.subaru.es\\\/blog\\\/#website\"},\"primaryImageOfPage\":{\"@id\":\"https:\\\/\\\/www.subaru.es\\\/blog\\\/nuestra-marca\\\/el-forester-me-salvo-la-vida\\\/#primaryimage\"},\"image\":{\"@id\":\"https:\\\/\\\/www.subaru.es\\\/blog\\\/nuestra-marca\\\/el-forester-me-salvo-la-vida\\\/#primaryimage\"},\"thumbnailUrl\":\"https:\\\/\\\/www.subaru.es\\\/blog\\\/wp-content\\\/uploads\\\/2008\\\/08\\\/forester-vida.jpg\",\"datePublished\":\"2008-08-09T12:56:26+00:00\",\"dateModified\":\"2016-10-17T13:11:14+00:00\",\"breadcrumb\":{\"@id\":\"https:\\\/\\\/www.subaru.es\\\/blog\\\/nuestra-marca\\\/el-forester-me-salvo-la-vida\\\/#breadcrumb\"},\"inLanguage\":\"es\",\"potentialAction\":[{\"@type\":\"ReadAction\",\"target\":[\"https:\\\/\\\/www.subaru.es\\\/blog\\\/nuestra-marca\\\/el-forester-me-salvo-la-vida\\\/\"]}]},{\"@type\":\"ImageObject\",\"inLanguage\":\"es\",\"@id\":\"https:\\\/\\\/www.subaru.es\\\/blog\\\/nuestra-marca\\\/el-forester-me-salvo-la-vida\\\/#primaryimage\",\"url\":\"https:\\\/\\\/www.subaru.es\\\/blog\\\/wp-content\\\/uploads\\\/2008\\\/08\\\/forester-vida.jpg\",\"contentUrl\":\"https:\\\/\\\/www.subaru.es\\\/blog\\\/wp-content\\\/uploads\\\/2008\\\/08\\\/forester-vida.jpg\",\"width\":430,\"height\":200},{\"@type\":\"BreadcrumbList\",\"@id\":\"https:\\\/\\\/www.subaru.es\\\/blog\\\/nuestra-marca\\\/el-forester-me-salvo-la-vida\\\/#breadcrumb\",\"itemListElement\":[{\"@type\":\"ListItem\",\"position\":1,\"name\":\"Portada\",\"item\":\"https:\\\/\\\/www.subaru.es\\\/blog\\\/\"},{\"@type\":\"ListItem\",\"position\":2,\"name\":\"El Forester me salv\u00f3 la vida\"}]},{\"@type\":\"WebSite\",\"@id\":\"https:\\\/\\\/www.subaru.es\\\/blog\\\/#website\",\"url\":\"https:\\\/\\\/www.subaru.es\\\/blog\\\/\",\"name\":\"Universo Subaru\",\"description\":\"Descubre este apasionante espacio de Subaru donde vas a conocer todo sobre nuestros coches y las experiencias que vivimos con ellos. Si est\u00e1s preparado para dejarte seducir por la filosof\u00eda Subaru, qu\u00e9date con nosotros.\",\"publisher\":{\"@id\":\"https:\\\/\\\/www.subaru.es\\\/blog\\\/#organization\"},\"potentialAction\":[{\"@type\":\"SearchAction\",\"target\":{\"@type\":\"EntryPoint\",\"urlTemplate\":\"https:\\\/\\\/www.subaru.es\\\/blog\\\/?s={search_term_string}\"},\"query-input\":{\"@type\":\"PropertyValueSpecification\",\"valueRequired\":true,\"valueName\":\"search_term_string\"}}],\"inLanguage\":\"es\"},{\"@type\":\"Organization\",\"@id\":\"https:\\\/\\\/www.subaru.es\\\/blog\\\/#organization\",\"name\":\"Subaru Espa\u00f1a S.A.\",\"url\":\"https:\\\/\\\/www.subaru.es\\\/blog\\\/\",\"logo\":{\"@type\":\"ImageObject\",\"inLanguage\":\"es\",\"@id\":\"https:\\\/\\\/www.subaru.es\\\/blog\\\/#\\\/schema\\\/logo\\\/image\\\/\",\"url\":\"https:\\\/\\\/www.subaru.es\\\/blog\\\/wp-content\\\/uploads\\\/2016\\\/12\\\/Logo-Subaru-TypeV_C300-scaled.jpg\",\"contentUrl\":\"https:\\\/\\\/www.subaru.es\\\/blog\\\/wp-content\\\/uploads\\\/2016\\\/12\\\/Logo-Subaru-TypeV_C300-scaled.jpg\",\"width\":2560,\"height\":1864,\"caption\":\"Subaru Espa\u00f1a S.A.\"},\"image\":{\"@id\":\"https:\\\/\\\/www.subaru.es\\\/blog\\\/#\\\/schema\\\/logo\\\/image\\\/\"},\"sameAs\":[\"https:\\\/\\\/www.facebook.com\\\/subaruespana\",\"https:\\\/\\\/www.instagram.com\\\/subarues\\\/\",\"https:\\\/\\\/www.youtube.com\\\/user\\\/subaruespana\"]},{\"@type\":\"Person\",\"@id\":\"https:\\\/\\\/www.subaru.es\\\/blog\\\/#\\\/schema\\\/person\\\/19a90b892230b8e0ec752704ddf4aa10\",\"name\":\"Subaru\",\"url\":\"https:\\\/\\\/www.subaru.es\\\/blog\\\/author\\\/subaria\\\/\"}]}<\/script>\n<!-- \/ Yoast SEO plugin. -->","yoast_head_json":{"title":"El Forester me salv\u00f3 la vida - Universo Subaru","robots":{"index":"index","follow":"follow","max-snippet":"max-snippet:-1","max-image-preview":"max-image-preview:large","max-video-preview":"max-video-preview:-1"},"canonical":"https:\/\/www.subaru.es\/blog\/nuestra-marca\/el-forester-me-salvo-la-vida\/","og_locale":"es_ES","og_type":"article","og_title":"El Forester me salv\u00f3 la vida - Universo Subaru","og_description":"Curiosa la noticia que hemos encontrado en el editorial de StreetDirectory.com: \u00abSubaru Forester Saved Drivers Life\u00bb (Subaru Forester salv\u00f3 la vida de los conductores). Seg\u00fan cuenta en su art\u00edculo Anthony Fontanelle, el protagonista de esta historia afirma que el Subaru Forester le salv\u00f3 la vida. Matthew Scott, de 28 a\u00f1os, es propietario de un Subaru [&hellip;]","og_url":"https:\/\/www.subaru.es\/blog\/nuestra-marca\/el-forester-me-salvo-la-vida\/","og_site_name":"Universo Subaru","article_publisher":"https:\/\/www.facebook.com\/subaruespana","article_published_time":"2008-08-09T12:56:26+00:00","article_modified_time":"2016-10-17T13:11:14+00:00","og_image":[{"width":430,"height":200,"url":"https:\/\/www.subaru.es\/blog\/wp-content\/uploads\/2008\/08\/forester-vida.jpg","type":"image\/jpeg"}],"author":"Subaru","twitter_card":"summary_large_image","twitter_misc":{"Escrito por":"Subaru","Tiempo de lectura":"1 minuto"},"schema":{"@context":"https:\/\/schema.org","@graph":[{"@type":"Article","@id":"https:\/\/www.subaru.es\/blog\/nuestra-marca\/el-forester-me-salvo-la-vida\/#article","isPartOf":{"@id":"https:\/\/www.subaru.es\/blog\/nuestra-marca\/el-forester-me-salvo-la-vida\/"},"author":{"name":"Subaru","@id":"https:\/\/www.subaru.es\/blog\/#\/schema\/person\/19a90b892230b8e0ec752704ddf4aa10"},"headline":"El Forester me salv\u00f3 la vida","datePublished":"2008-08-09T12:56:26+00:00","dateModified":"2016-10-17T13:11:14+00:00","mainEntityOfPage":{"@id":"https:\/\/www.subaru.es\/blog\/nuestra-marca\/el-forester-me-salvo-la-vida\/"},"wordCount":211,"commentCount":0,"publisher":{"@id":"https:\/\/www.subaru.es\/blog\/#organization"},"image":{"@id":"https:\/\/www.subaru.es\/blog\/nuestra-marca\/el-forester-me-salvo-la-vida\/#primaryimage"},"thumbnailUrl":"https:\/\/www.subaru.es\/blog\/wp-content\/uploads\/2008\/08\/forester-vida.jpg","keywords":["accidente","forester","seguridad","Subaru","tr\u00e1fico"],"articleSection":["Nuestra marca"],"inLanguage":"es","potentialAction":[{"@type":"CommentAction","name":"Comment","target":["https:\/\/www.subaru.es\/blog\/nuestra-marca\/el-forester-me-salvo-la-vida\/#respond"]}]},{"@type":"WebPage","@id":"https:\/\/www.subaru.es\/blog\/nuestra-marca\/el-forester-me-salvo-la-vida\/","url":"https:\/\/www.subaru.es\/blog\/nuestra-marca\/el-forester-me-salvo-la-vida\/","name":"El Forester me salv\u00f3 la vida - Universo Subaru","isPartOf":{"@id":"https:\/\/www.subaru.es\/blog\/#website"},"primaryImageOfPage":{"@id":"https:\/\/www.subaru.es\/blog\/nuestra-marca\/el-forester-me-salvo-la-vida\/#primaryimage"},"image":{"@id":"https:\/\/www.subaru.es\/blog\/nuestra-marca\/el-forester-me-salvo-la-vida\/#primaryimage"},"thumbnailUrl":"https:\/\/www.subaru.es\/blog\/wp-content\/uploads\/2008\/08\/forester-vida.jpg","datePublished":"2008-08-09T12:56:26+00:00","dateModified":"2016-10-17T13:11:14+00:00","breadcrumb":{"@id":"https:\/\/www.subaru.es\/blog\/nuestra-marca\/el-forester-me-salvo-la-vida\/#breadcrumb"},"inLanguage":"es","potentialAction":[{"@type":"ReadAction","target":["https:\/\/www.subaru.es\/blog\/nuestra-marca\/el-forester-me-salvo-la-vida\/"]}]},{"@type":"ImageObject","inLanguage":"es","@id":"https:\/\/www.subaru.es\/blog\/nuestra-marca\/el-forester-me-salvo-la-vida\/#primaryimage","url":"https:\/\/www.subaru.es\/blog\/wp-content\/uploads\/2008\/08\/forester-vida.jpg","contentUrl":"https:\/\/www.subaru.es\/blog\/wp-content\/uploads\/2008\/08\/forester-vida.jpg","width":430,"height":200},{"@type":"BreadcrumbList","@id":"https:\/\/www.subaru.es\/blog\/nuestra-marca\/el-forester-me-salvo-la-vida\/#breadcrumb","itemListElement":[{"@type":"ListItem","position":1,"name":"Portada","item":"https:\/\/www.subaru.es\/blog\/"},{"@type":"ListItem","position":2,"name":"El Forester me salv\u00f3 la vida"}]},{"@type":"WebSite","@id":"https:\/\/www.subaru.es\/blog\/#website","url":"https:\/\/www.subaru.es\/blog\/","name":"Universo Subaru","description":"Descubre este apasionante espacio de Subaru donde vas a conocer todo sobre nuestros coches y las experiencias que vivimos con ellos. Si est\u00e1s preparado para dejarte seducir por la filosof\u00eda Subaru, qu\u00e9date con nosotros.","publisher":{"@id":"https:\/\/www.subaru.es\/blog\/#organization"},"potentialAction":[{"@type":"SearchAction","target":{"@type":"EntryPoint","urlTemplate":"https:\/\/www.subaru.es\/blog\/?s={search_term_string}"},"query-input":{"@type":"PropertyValueSpecification","valueRequired":true,"valueName":"search_term_string"}}],"inLanguage":"es"},{"@type":"Organization","@id":"https:\/\/www.subaru.es\/blog\/#organization","name":"Subaru Espa\u00f1a S.A.","url":"https:\/\/www.subaru.es\/blog\/","logo":{"@type":"ImageObject","inLanguage":"es","@id":"https:\/\/www.subaru.es\/blog\/#\/schema\/logo\/image\/","url":"https:\/\/www.subaru.es\/blog\/wp-content\/uploads\/2016\/12\/Logo-Subaru-TypeV_C300-scaled.jpg","contentUrl":"https:\/\/www.subaru.es\/blog\/wp-content\/uploads\/2016\/12\/Logo-Subaru-TypeV_C300-scaled.jpg","width":2560,"height":1864,"caption":"Subaru Espa\u00f1a S.A."},"image":{"@id":"https:\/\/www.subaru.es\/blog\/#\/schema\/logo\/image\/"},"sameAs":["https:\/\/www.facebook.com\/subaruespana","https:\/\/www.instagram.com\/subarues\/","https:\/\/www.youtube.com\/user\/subaruespana"]},{"@type":"Person","@id":"https:\/\/www.subaru.es\/blog\/#\/schema\/person\/19a90b892230b8e0ec752704ddf4aa10","name":"Subaru","url":"https:\/\/www.subaru.es\/blog\/author\/subaria\/"}]}},"_links":{"self":[{"href":"https:\/\/www.subaru.es\/blog\/wp-json\/wp\/v2\/posts\/1273","targetHints":{"allow":["GET"]}}],"collection":[{"href":"https:\/\/www.subaru.es\/blog\/wp-json\/wp\/v2\/posts"}],"about":[{"href":"https:\/\/www.subaru.es\/blog\/wp-json\/wp\/v2\/types\/post"}],"author":[{"embeddable":true,"href":"https:\/\/www.subaru.es\/blog\/wp-json\/wp\/v2\/users\/21"}],"replies":[{"embeddable":true,"href":"https:\/\/www.subaru.es\/blog\/wp-json\/wp\/v2\/comments?post=1273"}],"version-history":[{"count":1,"href":"https:\/\/www.subaru.es\/blog\/wp-json\/wp\/v2\/posts\/1273\/revisions"}],"predecessor-version":[{"id":15444,"href":"https:\/\/www.subaru.es\/blog\/wp-json\/wp\/v2\/posts\/1273\/revisions\/15444"}],"wp:featuredmedia":[{"embeddable":true,"href":"https:\/\/www.subaru.es\/blog\/wp-json\/wp\/v2\/media\/1285"}],"wp:attachment":[{"href":"https:\/\/www.subaru.es\/blog\/wp-json\/wp\/v2\/media?parent=1273"}],"wp:term":[{"taxonomy":"category","embeddable":true,"href":"https:\/\/www.subaru.es\/blog\/wp-json\/wp\/v2\/categories?post=1273"},{"taxonomy":"post_tag","embeddable":true,"href":"https:\/\/www.subaru.es\/blog\/wp-json\/wp\/v2\/tags?post=1273"}],"curies":[{"name":"wp","href":"https:\/\/api.w.org\/{rel}","templated":true}]}}