{"id":12257,"date":"2016-07-08T13:44:03","date_gmt":"2016-07-08T11:44:03","guid":{"rendered":"http:\/\/subaru.preproduccion.com\/blog\/?p=12257"},"modified":"2020-08-06T11:02:07","modified_gmt":"2020-08-06T09:02:07","slug":"a-que-esperas-para-apuntarte-al-subaru-triatlon-cross-de-madrid","status":"publish","type":"post","link":"https:\/\/www.subaru.es\/blog\/subaru-lifestyle\/a-que-esperas-para-apuntarte-al-subaru-triatlon-cross-de-madrid\/","title":{"rendered":"\u00bfA qu\u00e9 esperas para apuntarte al Subaru Triatl\u00f3n Cross de Madrid?"},"content":{"rendered":"<p><span style=\"font-family: Verdana, sans-serif;\"><strong>La iniciativa de Triatlon Cross, <\/strong><strong>que con el apoyo de Subaru pretende acercar esta modalidad de triatl\u00f3n al deportista popular, est\u00e1 inmersa en los preparativos de su segunda edici\u00f3n. Esta prueba, que ya tuvo su primera entrega el pasado 1 de mayo en Calella (Barcelona) y que el pr\u00f3ximo d\u00eda 3 de septiembre celebrar\u00e1 su <a href=\"http:\/\/subarutriatloncross.com\/informacion-madrid\/ \">segunda etapa<\/a> en la madrile\u00f1a Casa de Campo, es la confirmaci\u00f3n de la firme apuesta de nuestra marca en favor del deporte. Puedes inscribirte <a href=\"http:\/\/subarutriatloncross.com\/inscripciones\/ \">aqu\u00ed<\/a>, <\/strong><strong>\u00bfa qu\u00e9 esperas?<\/strong><\/span><\/p>\n<p><span style=\"font-family: Verdana, sans-serif;\"><strong><a href=\"https:\/\/www.subaru.es\/blog\/wp-content\/uploads\/2016\/07\/Subaru-triatlon-3.jpg\"><img decoding=\"async\" class=\"aligncenter size-full wp-image-12276 lazyload\" title=\"Subaru triatl\u00f3n 3\" data-src=\"https:\/\/www.subaru.es\/blog\/wp-content\/uploads\/2016\/07\/Subaru-triatlon-3-e1467975730524.jpg\" alt=\"\" width=\"640\" height=\"424\" src=\"data:image\/svg+xml;base64,PHN2ZyB3aWR0aD0iMSIgaGVpZ2h0PSIxIiB4bWxucz0iaHR0cDovL3d3dy53My5vcmcvMjAwMC9zdmciPjwvc3ZnPg==\" style=\"--smush-placeholder-width: 640px; --smush-placeholder-aspect-ratio: 640\/424;\" \/><\/a><br \/>\n<\/strong><\/span><\/p>\n<p><span style=\"font-family: Verdana, sans-serif;\">Se trata de una disciplina que no contaba con un circuito en el panorama nacional, ya que el <strong><a href=\"http:\/\/subarutriatloncross.com\/\">S<\/a><\/strong><span style=\"color: #000000;\"><span style=\"font-family: Verdana, sans-serif;\"><strong><a href=\"http:\/\/subarutriatloncross.com\/\">ubaru Triatl\u00f3n Cross<\/a><\/strong> <\/span><\/span><span style=\"color: #000000;\"><span style=\"font-family: Verdana, sans-serif;\">es la <strong>primera prueba de triatl\u00f3n con mountain bike que se celebra en Espa\u00f1a<\/strong>.<\/span><\/span><\/span><\/p>\n<p><span style=\"color: #000000;\"><span style=\"font-family: Verdana, sans-serif;\">La prueba de Madrid, que tendr\u00e1 lugar el s\u00e1bado 3 de septiembre, <strong>se celebrar\u00e1 de manera simult\u00e1nea con el ya cl\u00e1sico Triatl\u00f3n Cross de la Casa de Campo<\/strong>, que agrupar\u00e1 a m\u00e1s de 1.000 participantes. Sin duda, constituye la competici\u00f3n de <em>tricross<\/em> con m\u00e1s participaci\u00f3n de toda Espa\u00f1a.<\/span><\/span><\/p>\n<p><span style=\"color: #000000;\"><span style=\"font-family: Verdana, sans-serif;\"><a href=\"https:\/\/www.subaru.es\/blog\/wp-content\/uploads\/2016\/07\/Subaru-triatlon-1.jpg\"><img decoding=\"async\" class=\"aligncenter size-full wp-image-12277 lazyload\" title=\"Subaru triatl\u00f3n 1\" data-src=\"https:\/\/www.subaru.es\/blog\/wp-content\/uploads\/2016\/07\/Subaru-triatlon-1-e1467975770510.jpg\" alt=\"\" width=\"640\" height=\"415\" src=\"data:image\/svg+xml;base64,PHN2ZyB3aWR0aD0iMSIgaGVpZ2h0PSIxIiB4bWxucz0iaHR0cDovL3d3dy53My5vcmcvMjAwMC9zdmciPjwvc3ZnPg==\" style=\"--smush-placeholder-width: 640px; --smush-placeholder-aspect-ratio: 640\/415;\" \/><\/a><br \/>\n<\/span><\/span><\/p>\n<p><span style=\"color: #000000;\"><span style=\"font-family: Verdana, sans-serif;\"><strong>El circuito contar\u00e1 con <a href=\"http:\/\/subarutriatloncross.com\/recorridos-madrid\/ \">dos posibles recorridos<\/a><\/strong>. El primero lo constituye la prueba OPEN, con 350 metros de nataci\u00f3n en el lago, 10 kil\u00f3metros de MTB y 2.100 metros de carrera a pie. El segundo lo conforma la opci\u00f3n PRO, con 750 metros de nataci\u00f3n, 20 kil\u00f3metros de bicicleta de monta\u00f1a y 4.200 metros de carrera a pie.<\/span><\/span><\/p>\n<p><span style=\"color: #000000;\"><span style=\"font-family: Verdana, sans-serif;\"><a href=\"https:\/\/www.subaru.es\/blog\/wp-content\/uploads\/2016\/07\/triatlon-Subaru-recorrido.png\"><img decoding=\"async\" class=\"aligncenter size-full wp-image-12278 lazyload\" title=\"triatl\u00f3n Subaru recorrido\" data-src=\"https:\/\/www.subaru.es\/blog\/wp-content\/uploads\/2016\/07\/triatlon-Subaru-recorrido-e1467975861824.png\" alt=\"\" width=\"640\" height=\"434\" src=\"data:image\/svg+xml;base64,PHN2ZyB3aWR0aD0iMSIgaGVpZ2h0PSIxIiB4bWxucz0iaHR0cDovL3d3dy53My5vcmcvMjAwMC9zdmciPjwvc3ZnPg==\" style=\"--smush-placeholder-width: 640px; --smush-placeholder-aspect-ratio: 640\/434;\" \/><\/a><br \/>\n<\/span><\/span><\/p>\n<p><span style=\"color: #000000;\"><span style=\"font-family: Verdana, sans-serif;\">Con la inscripci\u00f3n recibir\u00e1s de regalo unos manguitos, calcetines y bolsa, y <strong>si te inscribes antes del 21 de julio tambi\u00e9n obtendr\u00e1s un fant\u00e1stico chaleco<\/strong>. Adem\u00e1s se entregar\u00e1 un kit de adhesivos (bici, casco, bolsa, ropero&#8230;), dorsales bici-atleta y gorro de nataci\u00f3n.<\/span><\/span><\/p>\n<h2><span style=\"font-size: 1.5em;\">Categor\u00edas<\/span><\/h2>\n<p><span style=\"color: #000000;\"><span style=\"font-family: Verdana, sans-serif;\">La categor\u00eda estar\u00e1 determinada por la edad del triatleta el 31 de diciembre de 2016. Adem\u00e1s, en el formulario de inscripci\u00f3n tambi\u00e9n os solicitaremos que marqu\u00e9is vuestro nivel (alto o medio) para as\u00ed <strong>homogeneizar las diferentes salidas en cada categor\u00eda<\/strong>.<\/span><\/span><\/p>\n<ul>\n<li><span style=\"font-family: Verdana, sans-serif;\">Absoluta (24-39 a\u00f1os)<\/span><\/li>\n<li><span style=\"font-family: Verdana, sans-serif;\">Cadete (15-17 a\u00f1os)<\/span><\/li>\n<li><span style=\"font-family: Verdana, sans-serif;\">Junior (18-19 a\u00f1os)<\/span><\/li>\n<li><span style=\"font-family: Verdana, sans-serif;\">Sub 23 (20-23 a\u00f1os)<\/span><\/li>\n<li><span style=\"font-family: Verdana, sans-serif;\">Veterano 1 (40-49 a\u00f1os)<\/span><\/li>\n<li><span style=\"font-family: Verdana, sans-serif;\">Veterano 2 (50-59 a\u00f1os)<\/span><\/li>\n<li><span style=\"font-family: Verdana, sans-serif;\">Veterano 3 (60 a\u00f1os o m\u00e1s)<\/span><\/li>\n<\/ul>\n<h2><a href=\"https:\/\/www.subaru.es\/blog\/wp-content\/uploads\/2016\/07\/Subaru-triatlon-2.jpg\"><img decoding=\"async\" class=\"aligncenter size-full wp-image-12280 lazyload\" title=\"Subaru triatl\u00f3n 2\" data-src=\"https:\/\/www.subaru.es\/blog\/wp-content\/uploads\/2016\/07\/Subaru-triatlon-2-e1467975910804.jpg\" alt=\"\" width=\"640\" height=\"427\" src=\"data:image\/svg+xml;base64,PHN2ZyB3aWR0aD0iMSIgaGVpZ2h0PSIxIiB4bWxucz0iaHR0cDovL3d3dy53My5vcmcvMjAwMC9zdmciPjwvc3ZnPg==\" style=\"--smush-placeholder-width: 640px; --smush-placeholder-aspect-ratio: 640\/427;\" \/><\/a><\/h2>\n<h2><strong>Uso de neopreno<\/strong><\/h2>\n<p><span style=\"color: #000000;\"><span style=\"font-family: Verdana, sans-serif;\">Queremos adem\u00e1s comentaros que en septiembre el agua del lago de la Casa de Campo registrar\u00e1 una temperatura que no permitir\u00e1, casi seguro, el uso del neopreno; no obstante, la decisi\u00f3n final la comunicar\u00e1 el juez \u00e1rbitro de la prueba una hora antes de la salida. <strong>En ning\u00fan caso ser\u00e1 obligatorio<\/strong>.<\/span><\/span><\/p>\n<p><span style=\"color: #000000;\"><span style=\"font-family: Verdana, sans-serif;\">El campe\u00f3n del Mundo y de Europa de Triatl\u00f3n Cross de 2015, Rub\u00e9n Ruzafa, fue el vencedor absoluto del <strong><a href=\"https:\/\/www.subaru.es\/blog\/actualidad\/%C2%A1exito-de-la-primera-prueba-del-subaru-triatlon-cross\/ \">primer Subaru Triatl\u00f3n Cross<\/a><\/strong>, celebrado en la localidad barcelonesa de Calella, mientras que en categor\u00eda femenina la ganadora fue Merce Tussel.\u00a0<span style=\"color: #000080;\"><span style=\"color: #000000;\">En dicha edici\u00f3n, el <\/span><\/span>segmento de MTB cont\u00f3 con tramos t\u00e9cnicos y un desnivel acumulado de 800 metros en 21 kil\u00f3metros de distancia, <strong>uno de los recorridos m\u00e1s duros del panorama internacional<\/strong>, incluso m\u00e1s que algunos del <strong><a href=\"http:\/\/www.xterraplanet.com\/ \">circuito mundial XTERRA<\/a><\/strong>. <\/span><\/span><\/p>\n<p><span style=\"font-family: Verdana, sans-serif;\">Os proponemos <\/span><a style=\"font-family: Verdana, sans-serif;\" href=\"https:\/\/www.youtube.com\/watch?v=MgxfO7hS8P8\"><strong>este v\u00eddeo<\/strong><\/a><span style=\"font-family: Verdana, sans-serif;\"> para que vosotros mismos valor\u00e9is la espectacularidad de la prueba de la que os estamos hablando.<\/span><\/p>\n<p><img decoding=\"async\" class=\"aligncenter size-full wp-image-12287 lazyload\" title=\"triatl\u00f3n Subaru Calella\" data-src=\"https:\/\/www.subaru.es\/blog\/wp-content\/uploads\/2016\/07\/triatlon-Subaru-Calella-e1467977590479.png\" alt=\"\" width=\"640\" height=\"358\" src=\"data:image\/svg+xml;base64,PHN2ZyB3aWR0aD0iMSIgaGVpZ2h0PSIxIiB4bWxucz0iaHR0cDovL3d3dy53My5vcmcvMjAwMC9zdmciPjwvc3ZnPg==\" style=\"--smush-placeholder-width: 640px; --smush-placeholder-aspect-ratio: 640\/358;\" \/><\/p>\n<p><span style=\"color: #000000;\"><span style=\"font-family: Verdana, sans-serif;\">Os dejamos adem\u00e1s\u00a0<strong><a href=\"http:\/\/www.triatlonweb.es\/entrenamiento\/planes-entrenamiento\/articulo\/plan-entrenamiento-triatlon-cros\">algunos consejos<\/a><\/strong> sugeridos por nuestro campe\u00f3n Rub\u00e9n Ruzafa para seguir <strong>un plan de entrenamiento adecuado<\/strong>. \u00a1Contamos con vosotros el pr\u00f3ximo d\u00eda 3 de septiembre a las 16:30, recordad que <a href=\"http:\/\/subarutriatloncross.com\/inscripciones\/\"><strong>aqu\u00ed <\/strong><\/a>pod\u00e9is inscribiros! <\/span><\/span><\/p>\n","protected":false},"excerpt":{"rendered":"<p>La iniciativa de Triatlon Cross, que con el apoyo de Subaru pretende acercar esta modalidad de triatl\u00f3n al deportista popular, est\u00e1 inmersa en los preparativos de su segunda edici\u00f3n. Esta prueba, que ya tuvo su primera entrega el pasado 1 de mayo en Calella y que el pr\u00f3ximo d\u00eda 3 de septiembre celebrar\u00e1 su segunda etapa en la madrile\u00f1a Casa de Campo, es la confirmaci\u00f3n de la firme apuesta de nuestra marca en favor del deporte. Puedes inscribirte aqu\u00ed, \u00bfa qu\u00e9 esperas?<\/p>\n","protected":false},"author":21,"featured_media":12276,"comment_status":"open","ping_status":"closed","sticky":false,"template":"","format":"standard","meta":{"_acf_changed":false,"_eb_attr":"","inline_featured_image":false,"footnotes":""},"categories":[4520],"tags":[4360,244,4346],"class_list":["post-12257","post","type-post","status-publish","format-standard","has-post-thumbnail","hentry","category-subaru-lifestyle","tag-deporte","tag-madrid","tag-subaru-triatlon-cross"],"acf":[],"yoast_head":"<!-- This site is optimized with the Yoast SEO plugin v27.3 - https:\/\/yoast.com\/product\/yoast-seo-wordpress\/ -->\n<title>\u00bfA qu\u00e9 esperas para apuntarte al Subaru Triatl\u00f3n Cross de Madrid? - Universo Subaru<\/title>\n<meta name=\"robots\" content=\"index, follow, max-snippet:-1, max-image-preview:large, max-video-preview:-1\" \/>\n<link rel=\"canonical\" href=\"https:\/\/www.subaru.es\/blog\/subaru-lifestyle\/a-que-esperas-para-apuntarte-al-subaru-triatlon-cross-de-madrid\/\" \/>\n<meta property=\"og:locale\" content=\"es_ES\" \/>\n<meta property=\"og:type\" content=\"article\" \/>\n<meta property=\"og:title\" content=\"\u00bfA qu\u00e9 esperas para apuntarte al Subaru Triatl\u00f3n Cross de Madrid? - Universo Subaru\" \/>\n<meta property=\"og:description\" content=\"La iniciativa de Triatlon Cross, que con el apoyo de Subaru pretende acercar esta modalidad de triatl\u00f3n al deportista popular, est\u00e1 inmersa en los preparativos de su segunda edici\u00f3n. Esta prueba, que ya tuvo su primera entrega el pasado 1 de mayo en Calella y que el pr\u00f3ximo d\u00eda 3 de septiembre celebrar\u00e1 su segunda etapa en la madrile\u00f1a Casa de Campo, es la confirmaci\u00f3n de la firme apuesta de nuestra marca en favor del deporte. Puedes inscribirte aqu\u00ed, \u00bfa qu\u00e9 esperas?\" \/>\n<meta property=\"og:url\" content=\"https:\/\/www.subaru.es\/blog\/subaru-lifestyle\/a-que-esperas-para-apuntarte-al-subaru-triatlon-cross-de-madrid\/\" \/>\n<meta property=\"og:site_name\" content=\"Universo Subaru\" \/>\n<meta property=\"article:publisher\" content=\"https:\/\/www.facebook.com\/subaruespana\" \/>\n<meta property=\"article:published_time\" content=\"2016-07-08T11:44:03+00:00\" \/>\n<meta property=\"article:modified_time\" content=\"2020-08-06T09:02:07+00:00\" \/>\n<meta property=\"og:image\" content=\"https:\/\/www.subaru.es\/blog\/wp-content\/uploads\/2016\/07\/Subaru-triatl\u00f3n-3-e1467975730524.jpg\" \/>\n\t<meta property=\"og:image:width\" content=\"640\" \/>\n\t<meta property=\"og:image:height\" content=\"424\" \/>\n\t<meta property=\"og:image:type\" content=\"image\/jpeg\" \/>\n<meta name=\"author\" content=\"Subaru\" \/>\n<meta name=\"twitter:card\" content=\"summary_large_image\" \/>\n<meta name=\"twitter:label1\" content=\"Escrito por\" \/>\n\t<meta name=\"twitter:data1\" content=\"Subaru\" \/>\n\t<meta name=\"twitter:label2\" content=\"Tiempo de lectura\" \/>\n\t<meta name=\"twitter:data2\" content=\"3 minutos\" \/>\n<script type=\"application\/ld+json\" class=\"yoast-schema-graph\">{\"@context\":\"https:\\\/\\\/schema.org\",\"@graph\":[{\"@type\":\"Article\",\"@id\":\"https:\\\/\\\/www.subaru.es\\\/blog\\\/subaru-lifestyle\\\/a-que-esperas-para-apuntarte-al-subaru-triatlon-cross-de-madrid\\\/#article\",\"isPartOf\":{\"@id\":\"https:\\\/\\\/www.subaru.es\\\/blog\\\/subaru-lifestyle\\\/a-que-esperas-para-apuntarte-al-subaru-triatlon-cross-de-madrid\\\/\"},\"author\":{\"name\":\"Subaru\",\"@id\":\"https:\\\/\\\/www.subaru.es\\\/blog\\\/#\\\/schema\\\/person\\\/19a90b892230b8e0ec752704ddf4aa10\"},\"headline\":\"\u00bfA qu\u00e9 esperas para apuntarte al Subaru Triatl\u00f3n Cross de Madrid?\",\"datePublished\":\"2016-07-08T11:44:03+00:00\",\"dateModified\":\"2020-08-06T09:02:07+00:00\",\"mainEntityOfPage\":{\"@id\":\"https:\\\/\\\/www.subaru.es\\\/blog\\\/subaru-lifestyle\\\/a-que-esperas-para-apuntarte-al-subaru-triatlon-cross-de-madrid\\\/\"},\"wordCount\":580,\"commentCount\":1,\"publisher\":{\"@id\":\"https:\\\/\\\/www.subaru.es\\\/blog\\\/#organization\"},\"image\":{\"@id\":\"https:\\\/\\\/www.subaru.es\\\/blog\\\/subaru-lifestyle\\\/a-que-esperas-para-apuntarte-al-subaru-triatlon-cross-de-madrid\\\/#primaryimage\"},\"thumbnailUrl\":\"https:\\\/\\\/www.subaru.es\\\/blog\\\/wp-content\\\/uploads\\\/2016\\\/07\\\/Subaru-triatl\u00f3n-3-e1467975730524.jpg\",\"keywords\":[\"deporte\",\"madrid\",\"Subaru Triatlon Cross\"],\"articleSection\":[\"Subaru LifeStyle\"],\"inLanguage\":\"es\",\"potentialAction\":[{\"@type\":\"CommentAction\",\"name\":\"Comment\",\"target\":[\"https:\\\/\\\/www.subaru.es\\\/blog\\\/subaru-lifestyle\\\/a-que-esperas-para-apuntarte-al-subaru-triatlon-cross-de-madrid\\\/#respond\"]}]},{\"@type\":\"WebPage\",\"@id\":\"https:\\\/\\\/www.subaru.es\\\/blog\\\/subaru-lifestyle\\\/a-que-esperas-para-apuntarte-al-subaru-triatlon-cross-de-madrid\\\/\",\"url\":\"https:\\\/\\\/www.subaru.es\\\/blog\\\/subaru-lifestyle\\\/a-que-esperas-para-apuntarte-al-subaru-triatlon-cross-de-madrid\\\/\",\"name\":\"\u00bfA qu\u00e9 esperas para apuntarte al Subaru Triatl\u00f3n Cross de Madrid? - Universo Subaru\",\"isPartOf\":{\"@id\":\"https:\\\/\\\/www.subaru.es\\\/blog\\\/#website\"},\"primaryImageOfPage\":{\"@id\":\"https:\\\/\\\/www.subaru.es\\\/blog\\\/subaru-lifestyle\\\/a-que-esperas-para-apuntarte-al-subaru-triatlon-cross-de-madrid\\\/#primaryimage\"},\"image\":{\"@id\":\"https:\\\/\\\/www.subaru.es\\\/blog\\\/subaru-lifestyle\\\/a-que-esperas-para-apuntarte-al-subaru-triatlon-cross-de-madrid\\\/#primaryimage\"},\"thumbnailUrl\":\"https:\\\/\\\/www.subaru.es\\\/blog\\\/wp-content\\\/uploads\\\/2016\\\/07\\\/Subaru-triatl\u00f3n-3-e1467975730524.jpg\",\"datePublished\":\"2016-07-08T11:44:03+00:00\",\"dateModified\":\"2020-08-06T09:02:07+00:00\",\"breadcrumb\":{\"@id\":\"https:\\\/\\\/www.subaru.es\\\/blog\\\/subaru-lifestyle\\\/a-que-esperas-para-apuntarte-al-subaru-triatlon-cross-de-madrid\\\/#breadcrumb\"},\"inLanguage\":\"es\",\"potentialAction\":[{\"@type\":\"ReadAction\",\"target\":[\"https:\\\/\\\/www.subaru.es\\\/blog\\\/subaru-lifestyle\\\/a-que-esperas-para-apuntarte-al-subaru-triatlon-cross-de-madrid\\\/\"]}]},{\"@type\":\"ImageObject\",\"inLanguage\":\"es\",\"@id\":\"https:\\\/\\\/www.subaru.es\\\/blog\\\/subaru-lifestyle\\\/a-que-esperas-para-apuntarte-al-subaru-triatlon-cross-de-madrid\\\/#primaryimage\",\"url\":\"https:\\\/\\\/www.subaru.es\\\/blog\\\/wp-content\\\/uploads\\\/2016\\\/07\\\/Subaru-triatl\u00f3n-3-e1467975730524.jpg\",\"contentUrl\":\"https:\\\/\\\/www.subaru.es\\\/blog\\\/wp-content\\\/uploads\\\/2016\\\/07\\\/Subaru-triatl\u00f3n-3-e1467975730524.jpg\",\"width\":640,\"height\":424},{\"@type\":\"BreadcrumbList\",\"@id\":\"https:\\\/\\\/www.subaru.es\\\/blog\\\/subaru-lifestyle\\\/a-que-esperas-para-apuntarte-al-subaru-triatlon-cross-de-madrid\\\/#breadcrumb\",\"itemListElement\":[{\"@type\":\"ListItem\",\"position\":1,\"name\":\"Portada\",\"item\":\"https:\\\/\\\/www.subaru.es\\\/blog\\\/\"},{\"@type\":\"ListItem\",\"position\":2,\"name\":\"\u00bfA qu\u00e9 esperas para apuntarte al Subaru Triatl\u00f3n Cross de Madrid?\"}]},{\"@type\":\"WebSite\",\"@id\":\"https:\\\/\\\/www.subaru.es\\\/blog\\\/#website\",\"url\":\"https:\\\/\\\/www.subaru.es\\\/blog\\\/\",\"name\":\"Universo Subaru\",\"description\":\"Descubre este apasionante espacio de Subaru donde vas a conocer todo sobre nuestros coches y las experiencias que vivimos con ellos. Si est\u00e1s preparado para dejarte seducir por la filosof\u00eda Subaru, qu\u00e9date con nosotros.\",\"publisher\":{\"@id\":\"https:\\\/\\\/www.subaru.es\\\/blog\\\/#organization\"},\"potentialAction\":[{\"@type\":\"SearchAction\",\"target\":{\"@type\":\"EntryPoint\",\"urlTemplate\":\"https:\\\/\\\/www.subaru.es\\\/blog\\\/?s={search_term_string}\"},\"query-input\":{\"@type\":\"PropertyValueSpecification\",\"valueRequired\":true,\"valueName\":\"search_term_string\"}}],\"inLanguage\":\"es\"},{\"@type\":\"Organization\",\"@id\":\"https:\\\/\\\/www.subaru.es\\\/blog\\\/#organization\",\"name\":\"Subaru Espa\u00f1a S.A.\",\"url\":\"https:\\\/\\\/www.subaru.es\\\/blog\\\/\",\"logo\":{\"@type\":\"ImageObject\",\"inLanguage\":\"es\",\"@id\":\"https:\\\/\\\/www.subaru.es\\\/blog\\\/#\\\/schema\\\/logo\\\/image\\\/\",\"url\":\"https:\\\/\\\/www.subaru.es\\\/blog\\\/wp-content\\\/uploads\\\/2016\\\/12\\\/Logo-Subaru-TypeV_C300-scaled.jpg\",\"contentUrl\":\"https:\\\/\\\/www.subaru.es\\\/blog\\\/wp-content\\\/uploads\\\/2016\\\/12\\\/Logo-Subaru-TypeV_C300-scaled.jpg\",\"width\":2560,\"height\":1864,\"caption\":\"Subaru Espa\u00f1a S.A.\"},\"image\":{\"@id\":\"https:\\\/\\\/www.subaru.es\\\/blog\\\/#\\\/schema\\\/logo\\\/image\\\/\"},\"sameAs\":[\"https:\\\/\\\/www.facebook.com\\\/subaruespana\",\"https:\\\/\\\/www.instagram.com\\\/subarues\\\/\",\"https:\\\/\\\/www.youtube.com\\\/user\\\/subaruespana\"]},{\"@type\":\"Person\",\"@id\":\"https:\\\/\\\/www.subaru.es\\\/blog\\\/#\\\/schema\\\/person\\\/19a90b892230b8e0ec752704ddf4aa10\",\"name\":\"Subaru\",\"url\":\"https:\\\/\\\/www.subaru.es\\\/blog\\\/author\\\/subaria\\\/\"}]}<\/script>\n<!-- \/ Yoast SEO plugin. -->","yoast_head_json":{"title":"\u00bfA qu\u00e9 esperas para apuntarte al Subaru Triatl\u00f3n Cross de Madrid? - Universo Subaru","robots":{"index":"index","follow":"follow","max-snippet":"max-snippet:-1","max-image-preview":"max-image-preview:large","max-video-preview":"max-video-preview:-1"},"canonical":"https:\/\/www.subaru.es\/blog\/subaru-lifestyle\/a-que-esperas-para-apuntarte-al-subaru-triatlon-cross-de-madrid\/","og_locale":"es_ES","og_type":"article","og_title":"\u00bfA qu\u00e9 esperas para apuntarte al Subaru Triatl\u00f3n Cross de Madrid? - Universo Subaru","og_description":"La iniciativa de Triatlon Cross, que con el apoyo de Subaru pretende acercar esta modalidad de triatl\u00f3n al deportista popular, est\u00e1 inmersa en los preparativos de su segunda edici\u00f3n. Esta prueba, que ya tuvo su primera entrega el pasado 1 de mayo en Calella y que el pr\u00f3ximo d\u00eda 3 de septiembre celebrar\u00e1 su segunda etapa en la madrile\u00f1a Casa de Campo, es la confirmaci\u00f3n de la firme apuesta de nuestra marca en favor del deporte. Puedes inscribirte aqu\u00ed, \u00bfa qu\u00e9 esperas?","og_url":"https:\/\/www.subaru.es\/blog\/subaru-lifestyle\/a-que-esperas-para-apuntarte-al-subaru-triatlon-cross-de-madrid\/","og_site_name":"Universo Subaru","article_publisher":"https:\/\/www.facebook.com\/subaruespana","article_published_time":"2016-07-08T11:44:03+00:00","article_modified_time":"2020-08-06T09:02:07+00:00","og_image":[{"width":640,"height":424,"url":"https:\/\/www.subaru.es\/blog\/wp-content\/uploads\/2016\/07\/Subaru-triatl\u00f3n-3-e1467975730524.jpg","type":"image\/jpeg"}],"author":"Subaru","twitter_card":"summary_large_image","twitter_misc":{"Escrito por":"Subaru","Tiempo de lectura":"3 minutos"},"schema":{"@context":"https:\/\/schema.org","@graph":[{"@type":"Article","@id":"https:\/\/www.subaru.es\/blog\/subaru-lifestyle\/a-que-esperas-para-apuntarte-al-subaru-triatlon-cross-de-madrid\/#article","isPartOf":{"@id":"https:\/\/www.subaru.es\/blog\/subaru-lifestyle\/a-que-esperas-para-apuntarte-al-subaru-triatlon-cross-de-madrid\/"},"author":{"name":"Subaru","@id":"https:\/\/www.subaru.es\/blog\/#\/schema\/person\/19a90b892230b8e0ec752704ddf4aa10"},"headline":"\u00bfA qu\u00e9 esperas para apuntarte al Subaru Triatl\u00f3n Cross de Madrid?","datePublished":"2016-07-08T11:44:03+00:00","dateModified":"2020-08-06T09:02:07+00:00","mainEntityOfPage":{"@id":"https:\/\/www.subaru.es\/blog\/subaru-lifestyle\/a-que-esperas-para-apuntarte-al-subaru-triatlon-cross-de-madrid\/"},"wordCount":580,"commentCount":1,"publisher":{"@id":"https:\/\/www.subaru.es\/blog\/#organization"},"image":{"@id":"https:\/\/www.subaru.es\/blog\/subaru-lifestyle\/a-que-esperas-para-apuntarte-al-subaru-triatlon-cross-de-madrid\/#primaryimage"},"thumbnailUrl":"https:\/\/www.subaru.es\/blog\/wp-content\/uploads\/2016\/07\/Subaru-triatl\u00f3n-3-e1467975730524.jpg","keywords":["deporte","madrid","Subaru Triatlon Cross"],"articleSection":["Subaru LifeStyle"],"inLanguage":"es","potentialAction":[{"@type":"CommentAction","name":"Comment","target":["https:\/\/www.subaru.es\/blog\/subaru-lifestyle\/a-que-esperas-para-apuntarte-al-subaru-triatlon-cross-de-madrid\/#respond"]}]},{"@type":"WebPage","@id":"https:\/\/www.subaru.es\/blog\/subaru-lifestyle\/a-que-esperas-para-apuntarte-al-subaru-triatlon-cross-de-madrid\/","url":"https:\/\/www.subaru.es\/blog\/subaru-lifestyle\/a-que-esperas-para-apuntarte-al-subaru-triatlon-cross-de-madrid\/","name":"\u00bfA qu\u00e9 esperas para apuntarte al Subaru Triatl\u00f3n Cross de Madrid? - Universo Subaru","isPartOf":{"@id":"https:\/\/www.subaru.es\/blog\/#website"},"primaryImageOfPage":{"@id":"https:\/\/www.subaru.es\/blog\/subaru-lifestyle\/a-que-esperas-para-apuntarte-al-subaru-triatlon-cross-de-madrid\/#primaryimage"},"image":{"@id":"https:\/\/www.subaru.es\/blog\/subaru-lifestyle\/a-que-esperas-para-apuntarte-al-subaru-triatlon-cross-de-madrid\/#primaryimage"},"thumbnailUrl":"https:\/\/www.subaru.es\/blog\/wp-content\/uploads\/2016\/07\/Subaru-triatl\u00f3n-3-e1467975730524.jpg","datePublished":"2016-07-08T11:44:03+00:00","dateModified":"2020-08-06T09:02:07+00:00","breadcrumb":{"@id":"https:\/\/www.subaru.es\/blog\/subaru-lifestyle\/a-que-esperas-para-apuntarte-al-subaru-triatlon-cross-de-madrid\/#breadcrumb"},"inLanguage":"es","potentialAction":[{"@type":"ReadAction","target":["https:\/\/www.subaru.es\/blog\/subaru-lifestyle\/a-que-esperas-para-apuntarte-al-subaru-triatlon-cross-de-madrid\/"]}]},{"@type":"ImageObject","inLanguage":"es","@id":"https:\/\/www.subaru.es\/blog\/subaru-lifestyle\/a-que-esperas-para-apuntarte-al-subaru-triatlon-cross-de-madrid\/#primaryimage","url":"https:\/\/www.subaru.es\/blog\/wp-content\/uploads\/2016\/07\/Subaru-triatl\u00f3n-3-e1467975730524.jpg","contentUrl":"https:\/\/www.subaru.es\/blog\/wp-content\/uploads\/2016\/07\/Subaru-triatl\u00f3n-3-e1467975730524.jpg","width":640,"height":424},{"@type":"BreadcrumbList","@id":"https:\/\/www.subaru.es\/blog\/subaru-lifestyle\/a-que-esperas-para-apuntarte-al-subaru-triatlon-cross-de-madrid\/#breadcrumb","itemListElement":[{"@type":"ListItem","position":1,"name":"Portada","item":"https:\/\/www.subaru.es\/blog\/"},{"@type":"ListItem","position":2,"name":"\u00bfA qu\u00e9 esperas para apuntarte al Subaru Triatl\u00f3n Cross de Madrid?"}]},{"@type":"WebSite","@id":"https:\/\/www.subaru.es\/blog\/#website","url":"https:\/\/www.subaru.es\/blog\/","name":"Universo Subaru","description":"Descubre este apasionante espacio de Subaru donde vas a conocer todo sobre nuestros coches y las experiencias que vivimos con ellos. Si est\u00e1s preparado para dejarte seducir por la filosof\u00eda Subaru, qu\u00e9date con nosotros.","publisher":{"@id":"https:\/\/www.subaru.es\/blog\/#organization"},"potentialAction":[{"@type":"SearchAction","target":{"@type":"EntryPoint","urlTemplate":"https:\/\/www.subaru.es\/blog\/?s={search_term_string}"},"query-input":{"@type":"PropertyValueSpecification","valueRequired":true,"valueName":"search_term_string"}}],"inLanguage":"es"},{"@type":"Organization","@id":"https:\/\/www.subaru.es\/blog\/#organization","name":"Subaru Espa\u00f1a S.A.","url":"https:\/\/www.subaru.es\/blog\/","logo":{"@type":"ImageObject","inLanguage":"es","@id":"https:\/\/www.subaru.es\/blog\/#\/schema\/logo\/image\/","url":"https:\/\/www.subaru.es\/blog\/wp-content\/uploads\/2016\/12\/Logo-Subaru-TypeV_C300-scaled.jpg","contentUrl":"https:\/\/www.subaru.es\/blog\/wp-content\/uploads\/2016\/12\/Logo-Subaru-TypeV_C300-scaled.jpg","width":2560,"height":1864,"caption":"Subaru Espa\u00f1a S.A."},"image":{"@id":"https:\/\/www.subaru.es\/blog\/#\/schema\/logo\/image\/"},"sameAs":["https:\/\/www.facebook.com\/subaruespana","https:\/\/www.instagram.com\/subarues\/","https:\/\/www.youtube.com\/user\/subaruespana"]},{"@type":"Person","@id":"https:\/\/www.subaru.es\/blog\/#\/schema\/person\/19a90b892230b8e0ec752704ddf4aa10","name":"Subaru","url":"https:\/\/www.subaru.es\/blog\/author\/subaria\/"}]}},"_links":{"self":[{"href":"https:\/\/www.subaru.es\/blog\/wp-json\/wp\/v2\/posts\/12257","targetHints":{"allow":["GET"]}}],"collection":[{"href":"https:\/\/www.subaru.es\/blog\/wp-json\/wp\/v2\/posts"}],"about":[{"href":"https:\/\/www.subaru.es\/blog\/wp-json\/wp\/v2\/types\/post"}],"author":[{"embeddable":true,"href":"https:\/\/www.subaru.es\/blog\/wp-json\/wp\/v2\/users\/21"}],"replies":[{"embeddable":true,"href":"https:\/\/www.subaru.es\/blog\/wp-json\/wp\/v2\/comments?post=12257"}],"version-history":[{"count":4,"href":"https:\/\/www.subaru.es\/blog\/wp-json\/wp\/v2\/posts\/12257\/revisions"}],"predecessor-version":[{"id":16309,"href":"https:\/\/www.subaru.es\/blog\/wp-json\/wp\/v2\/posts\/12257\/revisions\/16309"}],"wp:featuredmedia":[{"embeddable":true,"href":"https:\/\/www.subaru.es\/blog\/wp-json\/wp\/v2\/media\/12276"}],"wp:attachment":[{"href":"https:\/\/www.subaru.es\/blog\/wp-json\/wp\/v2\/media?parent=12257"}],"wp:term":[{"taxonomy":"category","embeddable":true,"href":"https:\/\/www.subaru.es\/blog\/wp-json\/wp\/v2\/categories?post=12257"},{"taxonomy":"post_tag","embeddable":true,"href":"https:\/\/www.subaru.es\/blog\/wp-json\/wp\/v2\/tags?post=12257"}],"curies":[{"name":"wp","href":"https:\/\/api.w.org\/{rel}","templated":true}]}}