{"id":12164,"date":"2016-06-24T14:10:41","date_gmt":"2016-06-24T12:10:41","guid":{"rendered":"http:\/\/subaru.preproduccion.com\/blog\/?p=12164"},"modified":"2022-12-16T11:53:23","modified_gmt":"2022-12-16T09:53:23","slug":"destinos-subaru-para-las-vacaciones-mas-esperadas","status":"publish","type":"post","link":"https:\/\/www.subaru.es\/blog\/pet-lovers\/destinos-subaru-para-las-vacaciones-mas-esperadas\/","title":{"rendered":"Atractivos destinos para disfrutar de unas vacaciones sobre ruedas"},"content":{"rendered":"<p><span style=\"font-family: Verdana, sans-serif;\"><strong>Ha llegado el verano y con \u00e9l las ansiadas vacaciones, uno de los mejores momentos del a\u00f1o para organizar una escapada con tu Subaru y disfrutar de unos d\u00edas de descanso con la familia y, si la tienes, tu mascota. Te proponemos diversas opciones que contemplan variadas rutas por Espa\u00f1a que te pueden dar interesantes ideas, tanto si t\u00fa y los tuyos solo os pod\u00e9is plantear una escapada de fin de semana como si sois algo m\u00e1s afortunados.<\/strong><\/span><\/p>\n<p><span style=\"font-family: Verdana, sans-serif;\"><strong><a href=\"https:\/\/www.subaru.es\/blog\/wp-content\/uploads\/2016\/06\/dog-show-h6-and-eura-13.jpg\"><img decoding=\"async\" class=\"aligncenter size-full wp-image-12170 lazyload\" title=\"dog show h6 and eura 13\" data-src=\"https:\/\/www.subaru.es\/blog\/wp-content\/uploads\/2016\/06\/dog-show-h6-and-eura-13-e1466767812633.jpg\" alt=\"\" width=\"640\" height=\"480\" data-srcset=\"https:\/\/www.subaru.es\/blog\/wp-content\/uploads\/2016\/06\/dog-show-h6-and-eura-13-e1466767812633.jpg 640w, https:\/\/www.subaru.es\/blog\/wp-content\/uploads\/2016\/06\/dog-show-h6-and-eura-13-e1466767812633-560x420.jpg 560w\" data-sizes=\"(max-width: 640px) 100vw, 640px\" src=\"data:image\/svg+xml;base64,PHN2ZyB3aWR0aD0iMSIgaGVpZ2h0PSIxIiB4bWxucz0iaHR0cDovL3d3dy53My5vcmcvMjAwMC9zdmciPjwvc3ZnPg==\" style=\"--smush-placeholder-width: 640px; --smush-placeholder-aspect-ratio: 640\/480;\" \/><\/a><br \/>\n<\/strong><\/span><\/p>\n<p><span style=\"font-family: Verdana, sans-serif;\">A continuaci\u00f3n te proponemos una variada selecci\u00f3n de rutas que te enamorar\u00e1n tanto si eres amante del buen vino, de la literatura o el cine, como de la monta\u00f1a, el desierto o de impresionantes saltos de agua en las m\u00e1s bellas cascadas de la geograf\u00eda espa\u00f1ola. El objetivo no es otro que <strong>compartir y disfrutar juntos, grandes y peque\u00f1os, de d\u00edas inolvidables <\/strong>con la comodidad de hacerlo en coche y con la seguridad de hacerlo en un Subaru. \u00bfQu\u00e9 m\u00e1s se puede pedir?<\/span><\/p>\n<p><span style=\"font-family: Verdana, sans-serif;\">Eso s\u00ed, cualquiera que sea la opci\u00f3n que escojas de las que te ofrecemos a continuaci\u00f3n, recuerda que deber\u00e1 ir <strong>acompa\u00f1ada de la m\u00e1xima precauci\u00f3n al volante<\/strong>.<\/span><\/p>\n<p><span style=\"font-family: Verdana, sans-serif;\"><a href=\"https:\/\/www.subaru.es\/blog\/wp-content\/uploads\/2016\/06\/Destinos-Subaru-5.png\"><img decoding=\"async\" class=\"aligncenter size-full wp-image-12171 lazyload\" title=\"Destinos Subaru 5\" data-src=\"https:\/\/www.subaru.es\/blog\/wp-content\/uploads\/2016\/06\/Destinos-Subaru-5-e1466767855419.png\" alt=\"\" width=\"640\" height=\"314\" data-srcset=\"https:\/\/www.subaru.es\/blog\/wp-content\/uploads\/2016\/06\/Destinos-Subaru-5-e1466767855419.png 640w, https:\/\/www.subaru.es\/blog\/wp-content\/uploads\/2016\/06\/Destinos-Subaru-5-e1466767855419-560x275.png 560w\" data-sizes=\"(max-width: 640px) 100vw, 640px\" src=\"data:image\/svg+xml;base64,PHN2ZyB3aWR0aD0iMSIgaGVpZ2h0PSIxIiB4bWxucz0iaHR0cDovL3d3dy53My5vcmcvMjAwMC9zdmciPjwvc3ZnPg==\" style=\"--smush-placeholder-width: 640px; --smush-placeholder-aspect-ratio: 640\/314;\" \/><\/a><br \/>\n<\/span><\/p>\n<h2><span style=\"color: #000000;\"><span style=\"font-family: Verdana, sans-serif;\"><strong>Ruta literaria<\/strong><\/span><\/span><\/h2>\n<p><span style=\"color: #000000;\"><span style=\"font-family: Verdana, sans-serif;\">Bajo el atractivo de tierras manchegas, puedes seguir los pasos del ingenioso hidalgo Don Quijote con el fin de vivir alguna de las aventuras, y por qu\u00e9 no desventuras, que vivi\u00f3 el conocido caballero andante all\u00e1 por el siglo XVII. \u00bfTe enfrentar\u00edas con tu Subaru a los molinos de viento despu\u00e9s de <\/span><\/span><span style=\"color: #000000;\"><span style=\"font-family: Verdana, sans-serif;\">degustar un plato de &#8216;duelos y quebrantos&#8217;? <strong><a href=\"http:\/\/www.spain.info\/es\/reportajes\/ruta-don-quijote-siguiendo-huellas-mejores-novelas-literatura-espanola.html?p=1\">Este recorrido<\/a><\/strong> pasa por 13 pueblos y ciudades del interior y si lo quieres completar necesitas en torno a siete d\u00edas. Pero si tienes m\u00e1s tiempo, te ofrecemos <strong><a href=\"http:\/\/www.donquijote.org\/cultura\/espana\/lugares\/rutas\/ruta-de-don-quixote\">esta segunda<\/a><\/strong><\/span><\/span><span style=\"color: #000000;\"><span style=\"font-family: Verdana, sans-serif;\"><a href=\"http:\/\/www.donquijote.org\/cultura\/espana\/lugares\/rutas\/ruta-de-don-quixote\"><strong> ruta<\/strong><\/a><\/span><\/span> <strong><span style=\"color: #000000;\"><span style=\"font-family: Verdana, sans-serif;\">tur\u00edstica <\/span><\/span><\/strong><span style=\"color: #000080;\"><span style=\"color: #000000;\"><span style=\"font-family: Verdana, sans-serif;\">oficialmente reconocida que pasa <strong>a trav\u00e9s de 148 ciudades a lo largo de sus m\u00e1s de 2.000 km<\/strong>. La Ruta de Don Quijote fue distinguida en 2007 como Itinerario Cultural Europeo por el Consejo de Europa.<\/span><\/span><\/span><\/p>\n<h2><span style=\"font-family: Verdana, sans-serif;\"><strong>Destinos con recompensa<\/strong><\/span><\/h2>\n<p><span style=\"font-family: Verdana, sans-serif;\">Si la monta\u00f1a es tu pasi\u00f3n, te proponemos <strong><a href=\"http:\/\/viajes.101lugaresincreibles.com\/2016\/06\/una-ruta-pirineo-espanol-mejores-pueblos-se-pasan-bonitos\/\">esta escapada<\/a><\/strong><\/span><span style=\"font-family: Verdana, sans-serif;\"> por distintos pueblos enclavados en los valles pirenaicos. Eso s\u00ed, necesitas <strong>paciencia en la conducci\u00f3n y mucha destreza con las curvas<\/strong>, lo que no te ser\u00e1 complicado con nuestra <strong><a href=\"https:\/\/www.youtube.com\/watch?v=tW18-OrLh94\">tracci\u00f3n total sim\u00e9trica<\/a><\/strong>. Tu recompensa valdr\u00e1 la pena, creer\u00e1s que has alcanzado el para\u00edso: bell\u00edsimos pueblecitos junto a r\u00edos y arroyos que muchas veces atraviesan peque\u00f1as poblaciones actuando como relajantes bandas sonoras. Podr\u00e1s bajar de tu Subaru y estirar las piernas por impresionantes senderos en zonas boscosas o junto a lagos que te har\u00e1n olvidar el bullicio de la ciudad.<\/span><\/p>\n<p><span style=\"font-family: Verdana, sans-serif;\"><a href=\"https:\/\/www.subaru.es\/blog\/wp-content\/uploads\/2016\/06\/Destinos-Subaru-3.png\"><img decoding=\"async\" class=\"aligncenter size-full wp-image-12172 lazyload\" title=\"Destinos Subaru 3\" data-src=\"https:\/\/www.subaru.es\/blog\/wp-content\/uploads\/2016\/06\/Destinos-Subaru-3-e1466767923263.png\" alt=\"\" width=\"640\" height=\"314\" data-srcset=\"https:\/\/www.subaru.es\/blog\/wp-content\/uploads\/2016\/06\/Destinos-Subaru-3-e1466767923263.png 640w, https:\/\/www.subaru.es\/blog\/wp-content\/uploads\/2016\/06\/Destinos-Subaru-3-e1466767923263-560x275.png 560w\" data-sizes=\"(max-width: 640px) 100vw, 640px\" src=\"data:image\/svg+xml;base64,PHN2ZyB3aWR0aD0iMSIgaGVpZ2h0PSIxIiB4bWxucz0iaHR0cDovL3d3dy53My5vcmcvMjAwMC9zdmciPjwvc3ZnPg==\" style=\"--smush-placeholder-width: 640px; --smush-placeholder-aspect-ratio: 640\/314;\" \/><\/a><br \/>\n<\/span><\/p>\n<p><span style=\"font-family: Verdana, sans-serif;\">La siguiente opci\u00f3n que te sugerimos consiste en escoger <strong><a href=\"http:\/\/viajes.101lugaresincreibles.com\/2015\/04\/una-ruta-para-hacer-en-coche-por-20-de-los-pueblos-mas-curiosos-y-bonitos-de-andalucia\/\">alguna de estas rutas<\/a> <\/strong><\/span><span style=\"font-family: Verdana, sans-serif;\">que transcurren por Andaluc\u00eda. <\/span><span style=\"color: #000000;\"><span style=\"font-family: Verdana, sans-serif;\">Diferentes opciones tem\u00e1ticas <strong>ya organizadas o por organizar de acuerdo a vuestra disponibilidad de tiempo<\/strong>, como la <strong><a href=\"https:\/\/es.wikipedia.org\/wiki\/Ruta_de_los_pueblos_blancos\">Ruta de los Pueblos Blancos<\/a><\/strong><\/span><\/span><span style=\"color: #000000;\"><span style=\"font-family: Verdana, sans-serif;\">, que incluye algunas de las localidades m\u00e1s <\/span><\/span><span style=\"color: #000000;\"><span style=\"font-family: Verdana, sans-serif;\">bonitas y curiosas (por estar <\/span><\/span><span style=\"color: #000000;\"><span style=\"font-family: Verdana, sans-serif;\">colgadas en rocas, <\/span><\/span><span style=\"color: #000000;\"><span style=\"font-family: Verdana, sans-serif;\">emplazadas <\/span><\/span><span style=\"color: #000000;\"><span style=\"font-family: Verdana, sans-serif;\">al borde de precipicios, coronadas por castillos o fortificadas). Dado que A<\/span><\/span><span style=\"color: #000000;\"><span style=\"font-family: Verdana, sans-serif;\">ndaluc\u00eda <\/span><\/span><span style=\"color: #000000;\"><span style=\"font-family: Verdana, sans-serif;\">es la comunidad aut\u00f3noma espa\u00f1ola m\u00e1s poblada y la segunda m\u00e1s extensa, claro est\u00e1 que podr\u00e1 confeccionarse el <strong>viaje a la carta seg\u00fan vuestras preferencias<\/strong>.<\/span><\/span><\/p>\n<p><span style=\"color: #000000;\"><span style=\"font-family: Verdana, sans-serif;\">Y si eres de los que disfruta viendo los r\u00edos rebosantes de caudal, te proponemos que organices con tu familia una escapada a alguno de estos escenarios \u00fanicos dignos de ser inmortalizados: se trata ni m\u00e1s ni menos que de un <strong>recorrido por las <\/strong><\/span><\/span><strong><span style=\"color: #000000;\"><span style=\"font-family: Verdana, sans-serif;\"><a href=\"http:\/\/www.dondeviajamos.com\/cascadas-espana\/ \">cascadas <\/a><\/span><\/span><span style=\"color: #000000;\"><span style=\"font-family: Verdana, sans-serif;\"><a href=\"http:\/\/www.dondeviajamos.com\/cascadas-espana\/ \">m\u00e1s bellas<\/a> y espectaculares de <\/span><\/span><span style=\"color: #000000;\"><span style=\"font-family: Verdana, sans-serif;\">Espa\u00f1a<\/span><\/span><\/strong><span style=\"color: #000000;\"><span style=\"font-family: Verdana, sans-serif;\">. \u00bfTe apuntas?<\/span><\/span><\/p>\n<p><span style=\"color: #000000;\"><span style=\"font-family: Verdana, sans-serif;\"><a href=\"https:\/\/www.subaru.es\/blog\/wp-content\/uploads\/2016\/06\/Destinos-Subaru-4.png\"><img decoding=\"async\" class=\"aligncenter size-full wp-image-12173 lazyload\" title=\"Destinos Subaru 4\" data-src=\"https:\/\/www.subaru.es\/blog\/wp-content\/uploads\/2016\/06\/Destinos-Subaru-4-e1466767953967.png\" alt=\"\" width=\"640\" height=\"317\" data-srcset=\"https:\/\/www.subaru.es\/blog\/wp-content\/uploads\/2016\/06\/Destinos-Subaru-4-e1466767953967.png 640w, https:\/\/www.subaru.es\/blog\/wp-content\/uploads\/2016\/06\/Destinos-Subaru-4-e1466767953967-560x277.png 560w\" data-sizes=\"(max-width: 640px) 100vw, 640px\" src=\"data:image\/svg+xml;base64,PHN2ZyB3aWR0aD0iMSIgaGVpZ2h0PSIxIiB4bWxucz0iaHR0cDovL3d3dy53My5vcmcvMjAwMC9zdmciPjwvc3ZnPg==\" style=\"--smush-placeholder-width: 640px; --smush-placeholder-aspect-ratio: 640\/317;\" \/><\/a><br \/>\n<\/span><\/span><\/p>\n<h2><strong><span style=\"color: #000000;\"><span style=\"font-family: Verdana, sans-serif;\">Paisajes de cine<\/span><\/span><\/strong><\/h2>\n<p><span style=\"color: #000080;\"><span style=\"color: #000000;\"><span style=\"font-family: Verdana, sans-serif;\">Otra de las opciones que te proponemos es hacer una <strong>escapada corta apta para todos los p\u00fablicos por el \u00fanico paisaje des\u00e9rtico del continente europeo<\/strong>, el Desierto de Tabernas. Os ofrecemos <\/span><\/span><\/span><span style=\"color: #000080;\"><span style=\"color: #000000;\"><span style=\"font-family: Verdana, sans-serif;\"><strong><a href=\"http:\/\/www.malcaminos.com\/servicios\/turismo\/4x4-rutas-tematicas\/ \">este recorrido 4\u00d74<\/a><\/strong> guiado, que incluye paradas para poder apreciar los variados entornos naturales que conforman el desierto y que tradicionalmente han convertido este lugar en tel\u00f3n de numerosos rodajes cinematogr\u00e1ficos.<\/span><\/span><\/span><\/p>\n<h2><strong><span style=\"font-family: Verdana, sans-serif;\">Nada como el litoral espa\u00f1ol<\/span><\/strong><\/h2>\n<p><span style=\"color: #000000;\"><span style=\"font-family: Verdana, sans-serif;\">Si eres amante del buen vino y te gusta el mar, aqu\u00ed tienes el maridaje perfecto: unas vacaciones para <strong>disfrutar de algunos de los territorios vitivin\u00edcolas con m\u00e1s tradici\u00f3n en el litoral espa\u00f1ol<\/strong>. Podr\u00e1s visitar una bodega y conocer c\u00f3mo se elabora el vino, alojarte entre vi\u00f1edos, iniciarte en la cata&#8230; rodeado de las mejores playas. <strong><a href=\"http:\/\/www.spain.info\/es\/reportajes\/las_rutas_del_vino_de_la_costa_de_espana.html\">Esta opci\u00f3n<\/a><\/strong>,<\/span><\/span><span style=\"color: #000000;\"><span style=\"font-family: Verdana, sans-serif;\"> recomendada por la Asociaci\u00f3n Espa\u00f1ola de Ciudades del Vino (ACEVIN), supone una oportunidad de adentrarse en el mundo de la enolog\u00eda durante unas estupendas vacaciones en coche al lado del mar. <\/span><\/span><\/p>\n<p><span style=\"color: #000000;\"><span style=\"font-family: Verdana, sans-serif;\">Aprovechando la vasta tipolog\u00eda de paisajes que tenemos en Espa\u00f1a, y continuando con la tem\u00e1tica mar\u00edtima, no pod\u00edamos olvidarnos de mencionar alguna propuesta en torno a la costa catalana y su <strong>amplio despliegue de pueblos, playas y calas de gran belleza<\/strong>. En dicho contexto, por la <\/span><\/span><span style=\"color: #000000;\"><span style=\"font-family: Verdana, sans-serif;\">Costa Brava os recomendamos una ruta en vuestro Subaru <\/span><\/span><span style=\"color: #000000;\"><span style=\"font-family: Verdana, sans-serif;\">a trav\u00e9s de senderos costeros con impresionantes destinos. Se trata de un <\/span><\/span><span style=\"color: #000000;\"><span style=\"font-family: Verdana, sans-serif;\">recorrido <\/span><\/span><span style=\"color: #000000;\"><span style=\"font-family: Verdana, sans-serif;\">uniendo <strong><a href=\"http:\/\/viajes.101lugaresincreibles.com\/2015\/06\/una-ruta-en-coche-por-8-pueblos-encantadores-de-la-costa-brava\/\">estos ocho pueblos <\/a><\/strong><\/span><\/span><span style=\"color: #000000;\"><span style=\"font-family: Verdana, sans-serif;\"><strong><a href=\"http:\/\/viajes.101lugaresincreibles.com\/2015\/06\/una-ruta-en-coche-por-8-pueblos-encantadores-de-la-costa-brava\/\">sugeridos<\/a><\/strong>. Esta sugerencia permite que la modifiqu\u00e9is de acuerdo a vuestras necesidades, ya que admite un programa de fin de semana o ir reservando alojamiento de manera improvisada por los pueblos m\u00e1s bonitos de la <\/span><\/span><span style=\"color: #000000;\"><span style=\"font-family: Verdana, sans-serif;\">Costa Brava<\/span><\/span><span style=\"color: #000000;\"><span style=\"font-family: Verdana, sans-serif;\">.<\/span><\/span><\/p>\n<p><span style=\"color: #000000;\"><span style=\"font-family: Verdana, sans-serif;\"><a href=\"https:\/\/www.subaru.es\/blog\/wp-content\/uploads\/2016\/06\/Destino-Subaru-8.jpg\"><img decoding=\"async\" class=\"aligncenter size-full wp-image-12174 lazyload\" title=\"Destino Subaru 8\" data-src=\"https:\/\/www.subaru.es\/blog\/wp-content\/uploads\/2016\/06\/Destino-Subaru-8-e1466767990106.jpg\" alt=\"\" width=\"640\" height=\"426\" data-srcset=\"https:\/\/www.subaru.es\/blog\/wp-content\/uploads\/2016\/06\/Destino-Subaru-8-e1466767990106.jpg 640w, https:\/\/www.subaru.es\/blog\/wp-content\/uploads\/2016\/06\/Destino-Subaru-8-e1466767990106-560x373.jpg 560w\" data-sizes=\"(max-width: 640px) 100vw, 640px\" src=\"data:image\/svg+xml;base64,PHN2ZyB3aWR0aD0iMSIgaGVpZ2h0PSIxIiB4bWxucz0iaHR0cDovL3d3dy53My5vcmcvMjAwMC9zdmciPjwvc3ZnPg==\" style=\"--smush-placeholder-width: 640px; --smush-placeholder-aspect-ratio: 640\/426;\" \/><\/a><br \/>\n<\/span><\/span><\/p>\n<h2><span style=\"font-family: Verdana, sans-serif;\"><strong>Viajes solidarios en familia<\/strong><\/span><\/h2>\n<p><span style=\"color: #000000;\"><span style=\"font-family: Verdana, sans-serif;\">\u00bfRecuerdas <strong><a href=\"https:\/\/www.subaru.es\/blog\/subaru\/surfeando-dunas-con-el-xv-en-marruecos\/\">este post<\/a><\/strong> que publicamos en abril? Puede servir a modo de ejemplo para que veas que tambi\u00e9n <strong>se puede optar por un viaje solidario en familia<\/strong> como el que ofrece la <\/span><\/span><span style=\"color: #000000;\"><span style=\"font-family: Verdana, sans-serif;\"><strong><a href=\"http:\/\/www.raidaventura4x4.com\/desiertoni%C3%B1os\/index.html\">Asociaci\u00f3n Desierto Ni\u00f1os<\/a><\/strong>. Se trata de una iniciativa que transcurre por Marruecos en la que se mezclan ocio y rutas 4&#215;4 con acciones solidarias. Eso s\u00ed, si a ti y a los tuyos os apetece esta alternativa, tendr\u00e9is que esperar a Semana Santa.<\/span><\/span><\/p>\n<p><span style=\"color: #000000;\"><span style=\"font-family: Verdana, sans-serif;\"><a href=\"https:\/\/www.subaru.es\/blog\/subaru\/surfeando-dunas-con-el-xv-en-marruecos\/\"><img decoding=\"async\" class=\"aligncenter size-full wp-image-12179 lazyload\" title=\"Subaru en el desierto_b\" data-src=\"https:\/\/www.subaru.es\/blog\/wp-content\/uploads\/2016\/06\/Subaru-en-el-desierto_b-e1466768275181.jpg\" alt=\"\" width=\"640\" height=\"480\" data-srcset=\"https:\/\/www.subaru.es\/blog\/wp-content\/uploads\/2016\/06\/Subaru-en-el-desierto_b-e1466768275181.jpg 640w, https:\/\/www.subaru.es\/blog\/wp-content\/uploads\/2016\/06\/Subaru-en-el-desierto_b-e1466768275181-560x420.jpg 560w\" data-sizes=\"(max-width: 640px) 100vw, 640px\" src=\"data:image\/svg+xml;base64,PHN2ZyB3aWR0aD0iMSIgaGVpZ2h0PSIxIiB4bWxucz0iaHR0cDovL3d3dy53My5vcmcvMjAwMC9zdmciPjwvc3ZnPg==\" style=\"--smush-placeholder-width: 640px; --smush-placeholder-aspect-ratio: 640\/480;\" \/><\/a><br \/>\n<\/span><\/span><\/p>\n<p><span style=\"font-family: Verdana, sans-serif;\">Si quieres enviarnos alguna imagen sobre alg\u00fan destino chulo que te apetezca\u00a0<strong>compartir con otros subaristas como t\u00fa<\/strong>, adelante, as\u00ed completamos este listado de propuestas para una desconexi\u00f3n estival sobre cuatro ruedas con toda la familia. Recuerda que puedes pinchar en el t\u00edtulo de este post y al final del texto encontrar\u00e1s un espacio para sugerirnos tus alternativas. \u00a1Te esperamos!<\/span><\/p>\n","protected":false},"excerpt":{"rendered":"<p>Ha llegado el verano y con \u00e9l las ansiadas vacaciones, uno de los mejores momentos del a\u00f1o para organizar una escapada con tu Subaru y disfrutar de unos d\u00edas de descanso con la familia y, si la tienes, tu mascota. Te proponemos diversas opciones que contemplan variadas rutas por Espa\u00f1a que te pueden dar interesantes [&hellip;]<\/p>\n","protected":false},"author":21,"featured_media":12170,"comment_status":"open","ping_status":"open","sticky":false,"template":"","format":"standard","meta":{"_acf_changed":false,"_eb_attr":"","inline_featured_image":false,"footnotes":""},"categories":[4402,4520],"tags":[3276],"class_list":["post-12164","post","type-post","status-publish","format-standard","has-post-thumbnail","hentry","category-pet-lovers","category-subaru-lifestyle","tag-vacaciones"],"acf":[],"yoast_head":"<!-- This site is optimized with the Yoast SEO plugin v27.3 - https:\/\/yoast.com\/product\/yoast-seo-wordpress\/ -->\n<title>Atractivos destinos para disfrutar de unas vacaciones sobre ruedas - Universo Subaru<\/title>\n<meta name=\"robots\" content=\"index, follow, max-snippet:-1, max-image-preview:large, max-video-preview:-1\" \/>\n<link rel=\"canonical\" href=\"https:\/\/www.subaru.es\/blog\/pet-lovers\/destinos-subaru-para-las-vacaciones-mas-esperadas\/\" \/>\n<meta property=\"og:locale\" content=\"es_ES\" \/>\n<meta property=\"og:type\" content=\"article\" \/>\n<meta property=\"og:title\" content=\"Atractivos destinos para disfrutar de unas vacaciones sobre ruedas - Universo Subaru\" \/>\n<meta property=\"og:description\" content=\"Ha llegado el verano y con \u00e9l las ansiadas vacaciones, uno de los mejores momentos del a\u00f1o para organizar una escapada con tu Subaru y disfrutar de unos d\u00edas de descanso con la familia y, si la tienes, tu mascota. Te proponemos diversas opciones que contemplan variadas rutas por Espa\u00f1a que te pueden dar interesantes [&hellip;]\" \/>\n<meta property=\"og:url\" content=\"https:\/\/www.subaru.es\/blog\/pet-lovers\/destinos-subaru-para-las-vacaciones-mas-esperadas\/\" \/>\n<meta property=\"og:site_name\" content=\"Universo Subaru\" \/>\n<meta property=\"article:publisher\" content=\"https:\/\/www.facebook.com\/subaruespana\" \/>\n<meta property=\"article:published_time\" content=\"2016-06-24T12:10:41+00:00\" \/>\n<meta property=\"article:modified_time\" content=\"2022-12-16T09:53:23+00:00\" \/>\n<meta property=\"og:image\" content=\"https:\/\/www.subaru.es\/blog\/wp-content\/uploads\/2016\/06\/dog-show-h6-and-eura-13-e1466767812633.jpg\" \/>\n\t<meta property=\"og:image:width\" content=\"640\" \/>\n\t<meta property=\"og:image:height\" content=\"480\" \/>\n\t<meta property=\"og:image:type\" content=\"image\/jpeg\" \/>\n<meta name=\"author\" content=\"Subaru\" \/>\n<meta name=\"twitter:card\" content=\"summary_large_image\" \/>\n<meta name=\"twitter:label1\" content=\"Escrito por\" \/>\n\t<meta name=\"twitter:data1\" content=\"Subaru\" \/>\n\t<meta name=\"twitter:label2\" content=\"Tiempo de lectura\" \/>\n\t<meta name=\"twitter:data2\" content=\"5 minutos\" \/>\n<script type=\"application\/ld+json\" class=\"yoast-schema-graph\">{\"@context\":\"https:\\\/\\\/schema.org\",\"@graph\":[{\"@type\":\"Article\",\"@id\":\"https:\\\/\\\/www.subaru.es\\\/blog\\\/pet-lovers\\\/destinos-subaru-para-las-vacaciones-mas-esperadas\\\/#article\",\"isPartOf\":{\"@id\":\"https:\\\/\\\/www.subaru.es\\\/blog\\\/pet-lovers\\\/destinos-subaru-para-las-vacaciones-mas-esperadas\\\/\"},\"author\":{\"name\":\"Subaru\",\"@id\":\"https:\\\/\\\/www.subaru.es\\\/blog\\\/#\\\/schema\\\/person\\\/19a90b892230b8e0ec752704ddf4aa10\"},\"headline\":\"Atractivos destinos para disfrutar de unas vacaciones sobre ruedas\",\"datePublished\":\"2016-06-24T12:10:41+00:00\",\"dateModified\":\"2022-12-16T09:53:23+00:00\",\"mainEntityOfPage\":{\"@id\":\"https:\\\/\\\/www.subaru.es\\\/blog\\\/pet-lovers\\\/destinos-subaru-para-las-vacaciones-mas-esperadas\\\/\"},\"wordCount\":1061,\"commentCount\":5,\"publisher\":{\"@id\":\"https:\\\/\\\/www.subaru.es\\\/blog\\\/#organization\"},\"image\":{\"@id\":\"https:\\\/\\\/www.subaru.es\\\/blog\\\/pet-lovers\\\/destinos-subaru-para-las-vacaciones-mas-esperadas\\\/#primaryimage\"},\"thumbnailUrl\":\"https:\\\/\\\/www.subaru.es\\\/blog\\\/wp-content\\\/uploads\\\/2016\\\/06\\\/dog-show-h6-and-eura-13-e1466767812633.jpg\",\"keywords\":[\"Vacaciones\"],\"articleSection\":[\"Pet lovers\",\"Subaru LifeStyle\"],\"inLanguage\":\"es\",\"potentialAction\":[{\"@type\":\"CommentAction\",\"name\":\"Comment\",\"target\":[\"https:\\\/\\\/www.subaru.es\\\/blog\\\/pet-lovers\\\/destinos-subaru-para-las-vacaciones-mas-esperadas\\\/#respond\"]}]},{\"@type\":\"WebPage\",\"@id\":\"https:\\\/\\\/www.subaru.es\\\/blog\\\/pet-lovers\\\/destinos-subaru-para-las-vacaciones-mas-esperadas\\\/\",\"url\":\"https:\\\/\\\/www.subaru.es\\\/blog\\\/pet-lovers\\\/destinos-subaru-para-las-vacaciones-mas-esperadas\\\/\",\"name\":\"Atractivos destinos para disfrutar de unas vacaciones sobre ruedas - Universo Subaru\",\"isPartOf\":{\"@id\":\"https:\\\/\\\/www.subaru.es\\\/blog\\\/#website\"},\"primaryImageOfPage\":{\"@id\":\"https:\\\/\\\/www.subaru.es\\\/blog\\\/pet-lovers\\\/destinos-subaru-para-las-vacaciones-mas-esperadas\\\/#primaryimage\"},\"image\":{\"@id\":\"https:\\\/\\\/www.subaru.es\\\/blog\\\/pet-lovers\\\/destinos-subaru-para-las-vacaciones-mas-esperadas\\\/#primaryimage\"},\"thumbnailUrl\":\"https:\\\/\\\/www.subaru.es\\\/blog\\\/wp-content\\\/uploads\\\/2016\\\/06\\\/dog-show-h6-and-eura-13-e1466767812633.jpg\",\"datePublished\":\"2016-06-24T12:10:41+00:00\",\"dateModified\":\"2022-12-16T09:53:23+00:00\",\"breadcrumb\":{\"@id\":\"https:\\\/\\\/www.subaru.es\\\/blog\\\/pet-lovers\\\/destinos-subaru-para-las-vacaciones-mas-esperadas\\\/#breadcrumb\"},\"inLanguage\":\"es\",\"potentialAction\":[{\"@type\":\"ReadAction\",\"target\":[\"https:\\\/\\\/www.subaru.es\\\/blog\\\/pet-lovers\\\/destinos-subaru-para-las-vacaciones-mas-esperadas\\\/\"]}]},{\"@type\":\"ImageObject\",\"inLanguage\":\"es\",\"@id\":\"https:\\\/\\\/www.subaru.es\\\/blog\\\/pet-lovers\\\/destinos-subaru-para-las-vacaciones-mas-esperadas\\\/#primaryimage\",\"url\":\"https:\\\/\\\/www.subaru.es\\\/blog\\\/wp-content\\\/uploads\\\/2016\\\/06\\\/dog-show-h6-and-eura-13-e1466767812633.jpg\",\"contentUrl\":\"https:\\\/\\\/www.subaru.es\\\/blog\\\/wp-content\\\/uploads\\\/2016\\\/06\\\/dog-show-h6-and-eura-13-e1466767812633.jpg\",\"width\":640,\"height\":480},{\"@type\":\"BreadcrumbList\",\"@id\":\"https:\\\/\\\/www.subaru.es\\\/blog\\\/pet-lovers\\\/destinos-subaru-para-las-vacaciones-mas-esperadas\\\/#breadcrumb\",\"itemListElement\":[{\"@type\":\"ListItem\",\"position\":1,\"name\":\"Portada\",\"item\":\"https:\\\/\\\/www.subaru.es\\\/blog\\\/\"},{\"@type\":\"ListItem\",\"position\":2,\"name\":\"Atractivos destinos para disfrutar de unas vacaciones sobre ruedas\"}]},{\"@type\":\"WebSite\",\"@id\":\"https:\\\/\\\/www.subaru.es\\\/blog\\\/#website\",\"url\":\"https:\\\/\\\/www.subaru.es\\\/blog\\\/\",\"name\":\"Universo Subaru\",\"description\":\"Descubre este apasionante espacio de Subaru donde vas a conocer todo sobre nuestros coches y las experiencias que vivimos con ellos. Si est\u00e1s preparado para dejarte seducir por la filosof\u00eda Subaru, qu\u00e9date con nosotros.\",\"publisher\":{\"@id\":\"https:\\\/\\\/www.subaru.es\\\/blog\\\/#organization\"},\"potentialAction\":[{\"@type\":\"SearchAction\",\"target\":{\"@type\":\"EntryPoint\",\"urlTemplate\":\"https:\\\/\\\/www.subaru.es\\\/blog\\\/?s={search_term_string}\"},\"query-input\":{\"@type\":\"PropertyValueSpecification\",\"valueRequired\":true,\"valueName\":\"search_term_string\"}}],\"inLanguage\":\"es\"},{\"@type\":\"Organization\",\"@id\":\"https:\\\/\\\/www.subaru.es\\\/blog\\\/#organization\",\"name\":\"Subaru Espa\u00f1a S.A.\",\"url\":\"https:\\\/\\\/www.subaru.es\\\/blog\\\/\",\"logo\":{\"@type\":\"ImageObject\",\"inLanguage\":\"es\",\"@id\":\"https:\\\/\\\/www.subaru.es\\\/blog\\\/#\\\/schema\\\/logo\\\/image\\\/\",\"url\":\"https:\\\/\\\/www.subaru.es\\\/blog\\\/wp-content\\\/uploads\\\/2016\\\/12\\\/Logo-Subaru-TypeV_C300-scaled.jpg\",\"contentUrl\":\"https:\\\/\\\/www.subaru.es\\\/blog\\\/wp-content\\\/uploads\\\/2016\\\/12\\\/Logo-Subaru-TypeV_C300-scaled.jpg\",\"width\":2560,\"height\":1864,\"caption\":\"Subaru Espa\u00f1a S.A.\"},\"image\":{\"@id\":\"https:\\\/\\\/www.subaru.es\\\/blog\\\/#\\\/schema\\\/logo\\\/image\\\/\"},\"sameAs\":[\"https:\\\/\\\/www.facebook.com\\\/subaruespana\",\"https:\\\/\\\/www.instagram.com\\\/subarues\\\/\",\"https:\\\/\\\/www.youtube.com\\\/user\\\/subaruespana\"]},{\"@type\":\"Person\",\"@id\":\"https:\\\/\\\/www.subaru.es\\\/blog\\\/#\\\/schema\\\/person\\\/19a90b892230b8e0ec752704ddf4aa10\",\"name\":\"Subaru\",\"url\":\"https:\\\/\\\/www.subaru.es\\\/blog\\\/author\\\/subaria\\\/\"}]}<\/script>\n<!-- \/ Yoast SEO plugin. -->","yoast_head_json":{"title":"Atractivos destinos para disfrutar de unas vacaciones sobre ruedas - Universo Subaru","robots":{"index":"index","follow":"follow","max-snippet":"max-snippet:-1","max-image-preview":"max-image-preview:large","max-video-preview":"max-video-preview:-1"},"canonical":"https:\/\/www.subaru.es\/blog\/pet-lovers\/destinos-subaru-para-las-vacaciones-mas-esperadas\/","og_locale":"es_ES","og_type":"article","og_title":"Atractivos destinos para disfrutar de unas vacaciones sobre ruedas - Universo Subaru","og_description":"Ha llegado el verano y con \u00e9l las ansiadas vacaciones, uno de los mejores momentos del a\u00f1o para organizar una escapada con tu Subaru y disfrutar de unos d\u00edas de descanso con la familia y, si la tienes, tu mascota. Te proponemos diversas opciones que contemplan variadas rutas por Espa\u00f1a que te pueden dar interesantes [&hellip;]","og_url":"https:\/\/www.subaru.es\/blog\/pet-lovers\/destinos-subaru-para-las-vacaciones-mas-esperadas\/","og_site_name":"Universo Subaru","article_publisher":"https:\/\/www.facebook.com\/subaruespana","article_published_time":"2016-06-24T12:10:41+00:00","article_modified_time":"2022-12-16T09:53:23+00:00","og_image":[{"width":640,"height":480,"url":"https:\/\/www.subaru.es\/blog\/wp-content\/uploads\/2016\/06\/dog-show-h6-and-eura-13-e1466767812633.jpg","type":"image\/jpeg"}],"author":"Subaru","twitter_card":"summary_large_image","twitter_misc":{"Escrito por":"Subaru","Tiempo de lectura":"5 minutos"},"schema":{"@context":"https:\/\/schema.org","@graph":[{"@type":"Article","@id":"https:\/\/www.subaru.es\/blog\/pet-lovers\/destinos-subaru-para-las-vacaciones-mas-esperadas\/#article","isPartOf":{"@id":"https:\/\/www.subaru.es\/blog\/pet-lovers\/destinos-subaru-para-las-vacaciones-mas-esperadas\/"},"author":{"name":"Subaru","@id":"https:\/\/www.subaru.es\/blog\/#\/schema\/person\/19a90b892230b8e0ec752704ddf4aa10"},"headline":"Atractivos destinos para disfrutar de unas vacaciones sobre ruedas","datePublished":"2016-06-24T12:10:41+00:00","dateModified":"2022-12-16T09:53:23+00:00","mainEntityOfPage":{"@id":"https:\/\/www.subaru.es\/blog\/pet-lovers\/destinos-subaru-para-las-vacaciones-mas-esperadas\/"},"wordCount":1061,"commentCount":5,"publisher":{"@id":"https:\/\/www.subaru.es\/blog\/#organization"},"image":{"@id":"https:\/\/www.subaru.es\/blog\/pet-lovers\/destinos-subaru-para-las-vacaciones-mas-esperadas\/#primaryimage"},"thumbnailUrl":"https:\/\/www.subaru.es\/blog\/wp-content\/uploads\/2016\/06\/dog-show-h6-and-eura-13-e1466767812633.jpg","keywords":["Vacaciones"],"articleSection":["Pet lovers","Subaru LifeStyle"],"inLanguage":"es","potentialAction":[{"@type":"CommentAction","name":"Comment","target":["https:\/\/www.subaru.es\/blog\/pet-lovers\/destinos-subaru-para-las-vacaciones-mas-esperadas\/#respond"]}]},{"@type":"WebPage","@id":"https:\/\/www.subaru.es\/blog\/pet-lovers\/destinos-subaru-para-las-vacaciones-mas-esperadas\/","url":"https:\/\/www.subaru.es\/blog\/pet-lovers\/destinos-subaru-para-las-vacaciones-mas-esperadas\/","name":"Atractivos destinos para disfrutar de unas vacaciones sobre ruedas - Universo Subaru","isPartOf":{"@id":"https:\/\/www.subaru.es\/blog\/#website"},"primaryImageOfPage":{"@id":"https:\/\/www.subaru.es\/blog\/pet-lovers\/destinos-subaru-para-las-vacaciones-mas-esperadas\/#primaryimage"},"image":{"@id":"https:\/\/www.subaru.es\/blog\/pet-lovers\/destinos-subaru-para-las-vacaciones-mas-esperadas\/#primaryimage"},"thumbnailUrl":"https:\/\/www.subaru.es\/blog\/wp-content\/uploads\/2016\/06\/dog-show-h6-and-eura-13-e1466767812633.jpg","datePublished":"2016-06-24T12:10:41+00:00","dateModified":"2022-12-16T09:53:23+00:00","breadcrumb":{"@id":"https:\/\/www.subaru.es\/blog\/pet-lovers\/destinos-subaru-para-las-vacaciones-mas-esperadas\/#breadcrumb"},"inLanguage":"es","potentialAction":[{"@type":"ReadAction","target":["https:\/\/www.subaru.es\/blog\/pet-lovers\/destinos-subaru-para-las-vacaciones-mas-esperadas\/"]}]},{"@type":"ImageObject","inLanguage":"es","@id":"https:\/\/www.subaru.es\/blog\/pet-lovers\/destinos-subaru-para-las-vacaciones-mas-esperadas\/#primaryimage","url":"https:\/\/www.subaru.es\/blog\/wp-content\/uploads\/2016\/06\/dog-show-h6-and-eura-13-e1466767812633.jpg","contentUrl":"https:\/\/www.subaru.es\/blog\/wp-content\/uploads\/2016\/06\/dog-show-h6-and-eura-13-e1466767812633.jpg","width":640,"height":480},{"@type":"BreadcrumbList","@id":"https:\/\/www.subaru.es\/blog\/pet-lovers\/destinos-subaru-para-las-vacaciones-mas-esperadas\/#breadcrumb","itemListElement":[{"@type":"ListItem","position":1,"name":"Portada","item":"https:\/\/www.subaru.es\/blog\/"},{"@type":"ListItem","position":2,"name":"Atractivos destinos para disfrutar de unas vacaciones sobre ruedas"}]},{"@type":"WebSite","@id":"https:\/\/www.subaru.es\/blog\/#website","url":"https:\/\/www.subaru.es\/blog\/","name":"Universo Subaru","description":"Descubre este apasionante espacio de Subaru donde vas a conocer todo sobre nuestros coches y las experiencias que vivimos con ellos. Si est\u00e1s preparado para dejarte seducir por la filosof\u00eda Subaru, qu\u00e9date con nosotros.","publisher":{"@id":"https:\/\/www.subaru.es\/blog\/#organization"},"potentialAction":[{"@type":"SearchAction","target":{"@type":"EntryPoint","urlTemplate":"https:\/\/www.subaru.es\/blog\/?s={search_term_string}"},"query-input":{"@type":"PropertyValueSpecification","valueRequired":true,"valueName":"search_term_string"}}],"inLanguage":"es"},{"@type":"Organization","@id":"https:\/\/www.subaru.es\/blog\/#organization","name":"Subaru Espa\u00f1a S.A.","url":"https:\/\/www.subaru.es\/blog\/","logo":{"@type":"ImageObject","inLanguage":"es","@id":"https:\/\/www.subaru.es\/blog\/#\/schema\/logo\/image\/","url":"https:\/\/www.subaru.es\/blog\/wp-content\/uploads\/2016\/12\/Logo-Subaru-TypeV_C300-scaled.jpg","contentUrl":"https:\/\/www.subaru.es\/blog\/wp-content\/uploads\/2016\/12\/Logo-Subaru-TypeV_C300-scaled.jpg","width":2560,"height":1864,"caption":"Subaru Espa\u00f1a S.A."},"image":{"@id":"https:\/\/www.subaru.es\/blog\/#\/schema\/logo\/image\/"},"sameAs":["https:\/\/www.facebook.com\/subaruespana","https:\/\/www.instagram.com\/subarues\/","https:\/\/www.youtube.com\/user\/subaruespana"]},{"@type":"Person","@id":"https:\/\/www.subaru.es\/blog\/#\/schema\/person\/19a90b892230b8e0ec752704ddf4aa10","name":"Subaru","url":"https:\/\/www.subaru.es\/blog\/author\/subaria\/"}]}},"_links":{"self":[{"href":"https:\/\/www.subaru.es\/blog\/wp-json\/wp\/v2\/posts\/12164","targetHints":{"allow":["GET"]}}],"collection":[{"href":"https:\/\/www.subaru.es\/blog\/wp-json\/wp\/v2\/posts"}],"about":[{"href":"https:\/\/www.subaru.es\/blog\/wp-json\/wp\/v2\/types\/post"}],"author":[{"embeddable":true,"href":"https:\/\/www.subaru.es\/blog\/wp-json\/wp\/v2\/users\/21"}],"replies":[{"embeddable":true,"href":"https:\/\/www.subaru.es\/blog\/wp-json\/wp\/v2\/comments?post=12164"}],"version-history":[{"count":2,"href":"https:\/\/www.subaru.es\/blog\/wp-json\/wp\/v2\/posts\/12164\/revisions"}],"predecessor-version":[{"id":16319,"href":"https:\/\/www.subaru.es\/blog\/wp-json\/wp\/v2\/posts\/12164\/revisions\/16319"}],"wp:featuredmedia":[{"embeddable":true,"href":"https:\/\/www.subaru.es\/blog\/wp-json\/wp\/v2\/media\/12170"}],"wp:attachment":[{"href":"https:\/\/www.subaru.es\/blog\/wp-json\/wp\/v2\/media?parent=12164"}],"wp:term":[{"taxonomy":"category","embeddable":true,"href":"https:\/\/www.subaru.es\/blog\/wp-json\/wp\/v2\/categories?post=12164"},{"taxonomy":"post_tag","embeddable":true,"href":"https:\/\/www.subaru.es\/blog\/wp-json\/wp\/v2\/tags?post=12164"}],"curies":[{"name":"wp","href":"https:\/\/api.w.org\/{rel}","templated":true}]}}