{"id":11936,"date":"2016-05-20T12:05:43","date_gmt":"2016-05-20T10:05:43","guid":{"rendered":"http:\/\/subaru.preproduccion.com\/blog\/?p=11936"},"modified":"2020-08-06T11:37:24","modified_gmt":"2020-08-06T09:37:24","slug":"el-brz-pentacar-de-subaru-entra-en-fase-de-competicion","status":"publish","type":"post","link":"https:\/\/www.subaru.es\/blog\/nuestra-marca\/el-brz-pentacar-de-subaru-entra-en-fase-de-competicion\/","title":{"rendered":"El BRZ Pentacar de Subaru entra en fase de competici\u00f3n"},"content":{"rendered":"<p><span style=\"color: #000000;\"><span style=\"font-family: Verdana, sans-serif;\"><strong>El Subaru BRZ Pentacar est\u00e1 listo para competir tras pasar con nota un ambicioso programa de test iniciales con unos resultados altamente satisfactorios, con los que ha dejado constancia de una gran fiabilidad.<\/strong><\/span><\/span><\/p>\n<p><span style=\"color: #000000;\"><span style=\"font-family: Verdana, sans-serif;\"><span><strong><a href=\"https:\/\/www.subaru.es\/blog\/wp-content\/uploads\/2016\/05\/Subaru-BRZ-Pentacar-y-Antonio-Albacete1.jpg\"><img decoding=\"async\" class=\"aligncenter size-full wp-image-11946 lazyload\" title=\"Subaru BRZ Pentacar y Antonio Albacete\" data-src=\"https:\/\/www.subaru.es\/blog\/wp-content\/uploads\/2016\/05\/Subaru-BRZ-Pentacar-y-Antonio-Albacete1-e1463732291527.jpg\" alt=\"\" width=\"640\" height=\"445\" data-srcset=\"https:\/\/www.subaru.es\/blog\/wp-content\/uploads\/2016\/05\/Subaru-BRZ-Pentacar-y-Antonio-Albacete1-e1463732291527.jpg 640w, https:\/\/www.subaru.es\/blog\/wp-content\/uploads\/2016\/05\/Subaru-BRZ-Pentacar-y-Antonio-Albacete1-e1463732291527-560x389.jpg 560w\" data-sizes=\"(max-width: 640px) 100vw, 640px\" src=\"data:image\/svg+xml;base64,PHN2ZyB3aWR0aD0iMSIgaGVpZ2h0PSIxIiB4bWxucz0iaHR0cDovL3d3dy53My5vcmcvMjAwMC9zdmciPjwvc3ZnPg==\" style=\"--smush-placeholder-width: 640px; --smush-placeholder-aspect-ratio: 640\/445;\" \/><\/a><br \/>\n<\/strong><\/span><\/span><\/span><\/p>\n<p><span style=\"color: #000000;\"><span style=\"font-family: Verdana, sans-serif;\">Con el apoyo de <strong><a href=\"http:\/\/www.subaru.es\/\">Subaru Espa\u00f1a<\/a><\/strong> desde el inicio del proyecto, nuestro veh\u00edculo de carreras multidisciplinar ya se encuentra en la fase final del mismo: el gran momento de la competici\u00f3n. El objetivo en esta nueva etapa es seguir avanzando en la puesta a punto del BRZ Pentacar\u00a0<strong>asegurando la mejor respuesta compitiendo al m\u00e1ximo nivel<\/strong>.<\/span><\/span><\/p>\n<p><span style=\"color: #000000;\"><span style=\"font-family: Verdana, sans-serif;\">A continuaci\u00f3n os detallamos las pruebas que ya tenemos programadas en las que participar\u00e1 nuestro BRZ Pentacar. La primera de las citas ser\u00e1 en pocas horas, los d\u00edas 21 y 22 de mayo;\u00a0<strong>se trata del <a href=\"http:\/\/www.vlineorg.com\/cer\/\">Campeonato de Espa\u00f1a de Resistencia<\/a> (CER) en el circuito navarro de Los Arcos<\/strong>. Destaca en esta prueba el pilotaje de Antonio Albacete y Jos\u00e9 Manuel de los Milagros, dos pilotos espa\u00f1oles de amplia experiencia y dilatado curriculum.<\/span><\/span><\/p>\n<p><span style=\"color: #000000;\"><span style=\"font-family: Verdana, sans-serif;\"><span><a href=\"https:\/\/www.subaru.es\/blog\/wp-content\/uploads\/2016\/05\/Subaru-Antonio-Albacete-y-De-los-Milagro.jpg\"><img decoding=\"async\" class=\"aligncenter size-full wp-image-11959 lazyload\" title=\"???????????????????????????????\" data-src=\"https:\/\/www.subaru.es\/blog\/wp-content\/uploads\/2016\/05\/Subaru-Antonio-Albacete-y-De-los-Milagro-e1463740072496.jpg\" alt=\"\" width=\"640\" height=\"468\" data-srcset=\"https:\/\/www.subaru.es\/blog\/wp-content\/uploads\/2016\/05\/Subaru-Antonio-Albacete-y-De-los-Milagro-e1463740072496.jpg 640w, https:\/\/www.subaru.es\/blog\/wp-content\/uploads\/2016\/05\/Subaru-Antonio-Albacete-y-De-los-Milagro-e1463740072496-560x410.jpg 560w\" data-sizes=\"(max-width: 640px) 100vw, 640px\" src=\"data:image\/svg+xml;base64,PHN2ZyB3aWR0aD0iMSIgaGVpZ2h0PSIxIiB4bWxucz0iaHR0cDovL3d3dy53My5vcmcvMjAwMC9zdmciPjwvc3ZnPg==\" style=\"--smush-placeholder-width: 640px; --smush-placeholder-aspect-ratio: 640\/468;\" \/><\/a><br \/>\n<\/span><\/span><\/span><\/p>\n<p><span style=\"color: #000000;\"><span style=\"font-family: Verdana, sans-serif;\"><span>Albacete es el piloto de pruebas del Subaru BRZ Pentacar desde el principio del proyecto, y como sab\u00e9is cuenta con un llamativo palmar\u00e9s, destacando sus mayores logros con la consecuci\u00f3n de tres campeonatos europeos de camiones. Por su parte, De los Milagros, que ser\u00e1 el compa\u00f1ero de Albacete en este interesante reto, es\u00a0<strong>uno de los pilotos de circuito m\u00e1s r\u00e1pidos de nuestro pa\u00eds<\/strong>; cuenta en su palmar\u00e9s con varios campeonatos en la Renault Clio Cup y la Mini Challenge, entre otros, adem\u00e1s de ser campe\u00f3n en su categor\u00eda en las 24 h de Barcelona.<\/span><\/span><\/span><\/p>\n<p><span style=\"color: #000000;\"><span style=\"font-family: Verdana, sans-serif;\">La siguiente de las pruebas ser\u00e1 el <a href=\"http:\/\/www.rallyesdetierra.es\/\"><strong>Campeonato de Espa\u00f1a de Rallyes de Tierra<\/strong><\/a> (CERT) en el rallye del Bierzo, programado para los d\u00edas 24 y 25 del pr\u00f3ximo mes de junio.\u00a0<strong>En este caso ser\u00e1 Amador Vidal quien tomar\u00e1 las riendas del BRZ Pentacar<\/strong>, precisamente campe\u00f3n del CERT en sus dos \u00faltimas ediciones. En cuanto a la tercera de las citas programadas que os podemos avanzar a d\u00eda de hoy, es la participaci\u00f3n en el Rallye Villa de Llanes del Campeonato de Espa\u00f1a de Rallyes de Asfalto (CERA), prevista para los d\u00edas 23 y 24 de septiembre; para esta ocasi\u00f3n el piloto est\u00e1 a\u00fan por confirmar.<\/span><\/span><\/p>\n<p><span style=\"color: #000000;\"><span style=\"font-family: Verdana, sans-serif;\"><span><a href=\"https:\/\/www.subaru.es\/blog\/wp-content\/uploads\/2016\/05\/IMG_5693.jpg\"><img decoding=\"async\" class=\"aligncenter size-full wp-image-11943 lazyload\" title=\"IMG_5693\" data-src=\"https:\/\/www.subaru.es\/blog\/wp-content\/uploads\/2016\/05\/IMG_5693.jpg\" alt=\"\" width=\"640\" height=\"480\" data-srcset=\"https:\/\/www.subaru.es\/blog\/wp-content\/uploads\/2016\/05\/IMG_5693.jpg 640w, https:\/\/www.subaru.es\/blog\/wp-content\/uploads\/2016\/05\/IMG_5693-560x420.jpg 560w\" data-sizes=\"(max-width: 640px) 100vw, 640px\" src=\"data:image\/svg+xml;base64,PHN2ZyB3aWR0aD0iMSIgaGVpZ2h0PSIxIiB4bWxucz0iaHR0cDovL3d3dy53My5vcmcvMjAwMC9zdmciPjwvc3ZnPg==\" style=\"--smush-placeholder-width: 640px; --smush-placeholder-aspect-ratio: 640\/480;\" \/><\/a><br \/>\n<\/span><\/span><\/span><\/p>\n<p><span style=\"color: #000000;\"><span style=\"font-family: Verdana, sans-serif;\">Esperamos que nuestro espectacular Subaru <a href=\"http:\/\/www.subaru.es\/vehiculos\/brz\"><strong>BRZ <\/strong><\/a>Pentacar obtenga buenos registros en las pruebas mencionadas; en pr\u00f3ximos post os lo iremos contando. En cuanto a ti, \u00bftienes previsto presenciar alguna de las citas comentadas?\u00a0<strong>Si quieres hacernos una cr\u00f3nica de alguna de las carreras con el Subaru como protagonista, te la publicaremos<\/strong>. Escr\u00edbenos en el apartado para comentar este post. \u00a1Te esperamos!<\/span><\/span><\/p>\n","protected":false},"excerpt":{"rendered":"<p>El Subaru BRZ Pentacar est\u00e1 listo para competir tras pasar con nota un ambicioso programa de test iniciales con unos resultados altamente satisfactorios, con los que ha dejado constancia de una gran fiabilidad. Con el apoyo de Subaru Espa\u00f1a desde el inicio del proyecto, nuestro veh\u00edculo de carreras multidisciplinar ya se encuentra en la fase [&hellip;]<\/p>\n","protected":false},"author":21,"featured_media":11941,"comment_status":"open","ping_status":"open","sticky":false,"template":"","format":"standard","meta":{"_acf_changed":false,"_eb_attr":"","inline_featured_image":false,"footnotes":""},"categories":[4401],"tags":[4387,4386,3900,4384,4396,4385,4388,3597],"class_list":["post-11936","post","type-post","status-publish","format-standard","has-post-thumbnail","hentry","category-nuestra-marca","tag-ampeonato-de-espana-de-rallyes-de-asfalto","tag-antonio-albacete","tag-brz","tag-brz-pentacar","tag-campeonato-de-espana-de-rallyes-de-tierra","tag-campeonato-de-espana-de-resistencia","tag-cert","tag-subaru-brz"],"acf":[],"yoast_head":"<!-- This site is optimized with the Yoast SEO plugin v27.3 - https:\/\/yoast.com\/product\/yoast-seo-wordpress\/ -->\n<title>El BRZ Pentacar de Subaru entra en fase de competici\u00f3n - Universo Subaru<\/title>\n<meta name=\"robots\" content=\"index, follow, max-snippet:-1, max-image-preview:large, max-video-preview:-1\" \/>\n<link rel=\"canonical\" href=\"https:\/\/www.subaru.es\/blog\/nuestra-marca\/el-brz-pentacar-de-subaru-entra-en-fase-de-competicion\/\" \/>\n<meta property=\"og:locale\" content=\"es_ES\" \/>\n<meta property=\"og:type\" content=\"article\" \/>\n<meta property=\"og:title\" content=\"El BRZ Pentacar de Subaru entra en fase de competici\u00f3n - Universo Subaru\" \/>\n<meta property=\"og:description\" content=\"El Subaru BRZ Pentacar est\u00e1 listo para competir tras pasar con nota un ambicioso programa de test iniciales con unos resultados altamente satisfactorios, con los que ha dejado constancia de una gran fiabilidad. Con el apoyo de Subaru Espa\u00f1a desde el inicio del proyecto, nuestro veh\u00edculo de carreras multidisciplinar ya se encuentra en la fase [&hellip;]\" \/>\n<meta property=\"og:url\" content=\"https:\/\/www.subaru.es\/blog\/nuestra-marca\/el-brz-pentacar-de-subaru-entra-en-fase-de-competicion\/\" \/>\n<meta property=\"og:site_name\" content=\"Universo Subaru\" \/>\n<meta property=\"article:publisher\" content=\"https:\/\/www.facebook.com\/subaruespana\" \/>\n<meta property=\"article:published_time\" content=\"2016-05-20T10:05:43+00:00\" \/>\n<meta property=\"article:modified_time\" content=\"2020-08-06T09:37:24+00:00\" \/>\n<meta property=\"og:image\" content=\"https:\/\/www.subaru.es\/blog\/wp-content\/uploads\/2016\/05\/Subaru-BRZ-Antonio-Albacete-y-JM-de-los-Milagros-en-Meycom-e1463731989165.jpg\" \/>\n\t<meta property=\"og:image:width\" content=\"640\" \/>\n\t<meta property=\"og:image:height\" content=\"468\" \/>\n\t<meta property=\"og:image:type\" content=\"image\/jpeg\" \/>\n<meta name=\"author\" content=\"Subaru\" \/>\n<meta name=\"twitter:card\" content=\"summary_large_image\" \/>\n<meta name=\"twitter:label1\" content=\"Escrito por\" \/>\n\t<meta name=\"twitter:data1\" content=\"Subaru\" \/>\n\t<meta name=\"twitter:label2\" content=\"Tiempo de lectura\" \/>\n\t<meta name=\"twitter:data2\" content=\"2 minutos\" \/>\n<script type=\"application\/ld+json\" class=\"yoast-schema-graph\">{\"@context\":\"https:\\\/\\\/schema.org\",\"@graph\":[{\"@type\":\"Article\",\"@id\":\"https:\\\/\\\/www.subaru.es\\\/blog\\\/nuestra-marca\\\/el-brz-pentacar-de-subaru-entra-en-fase-de-competicion\\\/#article\",\"isPartOf\":{\"@id\":\"https:\\\/\\\/www.subaru.es\\\/blog\\\/nuestra-marca\\\/el-brz-pentacar-de-subaru-entra-en-fase-de-competicion\\\/\"},\"author\":{\"name\":\"Subaru\",\"@id\":\"https:\\\/\\\/www.subaru.es\\\/blog\\\/#\\\/schema\\\/person\\\/19a90b892230b8e0ec752704ddf4aa10\"},\"headline\":\"El BRZ Pentacar de Subaru entra en fase de competici\u00f3n\",\"datePublished\":\"2016-05-20T10:05:43+00:00\",\"dateModified\":\"2020-08-06T09:37:24+00:00\",\"mainEntityOfPage\":{\"@id\":\"https:\\\/\\\/www.subaru.es\\\/blog\\\/nuestra-marca\\\/el-brz-pentacar-de-subaru-entra-en-fase-de-competicion\\\/\"},\"wordCount\":461,\"commentCount\":1,\"publisher\":{\"@id\":\"https:\\\/\\\/www.subaru.es\\\/blog\\\/#organization\"},\"image\":{\"@id\":\"https:\\\/\\\/www.subaru.es\\\/blog\\\/nuestra-marca\\\/el-brz-pentacar-de-subaru-entra-en-fase-de-competicion\\\/#primaryimage\"},\"thumbnailUrl\":\"https:\\\/\\\/www.subaru.es\\\/blog\\\/wp-content\\\/uploads\\\/2016\\\/05\\\/Subaru-BRZ-Antonio-Albacete-y-JM-de-los-Milagros-en-Meycom-e1463731989165.jpg\",\"keywords\":[\"ampeonato de Espa\u00f1a de Rallyes de Asfalto\",\"Antonio Albacete\",\"BRZ\",\"BRZ Pentacar\",\"Campeonato de Espa\u00f1a de Rallyes de Tierra\",\"Campeonato de Espa\u00f1a de Resistencia\",\"CERT\",\"Subaru BRZ\"],\"articleSection\":[\"Nuestra marca\"],\"inLanguage\":\"es\",\"potentialAction\":[{\"@type\":\"CommentAction\",\"name\":\"Comment\",\"target\":[\"https:\\\/\\\/www.subaru.es\\\/blog\\\/nuestra-marca\\\/el-brz-pentacar-de-subaru-entra-en-fase-de-competicion\\\/#respond\"]}]},{\"@type\":\"WebPage\",\"@id\":\"https:\\\/\\\/www.subaru.es\\\/blog\\\/nuestra-marca\\\/el-brz-pentacar-de-subaru-entra-en-fase-de-competicion\\\/\",\"url\":\"https:\\\/\\\/www.subaru.es\\\/blog\\\/nuestra-marca\\\/el-brz-pentacar-de-subaru-entra-en-fase-de-competicion\\\/\",\"name\":\"El BRZ Pentacar de Subaru entra en fase de competici\u00f3n - Universo Subaru\",\"isPartOf\":{\"@id\":\"https:\\\/\\\/www.subaru.es\\\/blog\\\/#website\"},\"primaryImageOfPage\":{\"@id\":\"https:\\\/\\\/www.subaru.es\\\/blog\\\/nuestra-marca\\\/el-brz-pentacar-de-subaru-entra-en-fase-de-competicion\\\/#primaryimage\"},\"image\":{\"@id\":\"https:\\\/\\\/www.subaru.es\\\/blog\\\/nuestra-marca\\\/el-brz-pentacar-de-subaru-entra-en-fase-de-competicion\\\/#primaryimage\"},\"thumbnailUrl\":\"https:\\\/\\\/www.subaru.es\\\/blog\\\/wp-content\\\/uploads\\\/2016\\\/05\\\/Subaru-BRZ-Antonio-Albacete-y-JM-de-los-Milagros-en-Meycom-e1463731989165.jpg\",\"datePublished\":\"2016-05-20T10:05:43+00:00\",\"dateModified\":\"2020-08-06T09:37:24+00:00\",\"breadcrumb\":{\"@id\":\"https:\\\/\\\/www.subaru.es\\\/blog\\\/nuestra-marca\\\/el-brz-pentacar-de-subaru-entra-en-fase-de-competicion\\\/#breadcrumb\"},\"inLanguage\":\"es\",\"potentialAction\":[{\"@type\":\"ReadAction\",\"target\":[\"https:\\\/\\\/www.subaru.es\\\/blog\\\/nuestra-marca\\\/el-brz-pentacar-de-subaru-entra-en-fase-de-competicion\\\/\"]}]},{\"@type\":\"ImageObject\",\"inLanguage\":\"es\",\"@id\":\"https:\\\/\\\/www.subaru.es\\\/blog\\\/nuestra-marca\\\/el-brz-pentacar-de-subaru-entra-en-fase-de-competicion\\\/#primaryimage\",\"url\":\"https:\\\/\\\/www.subaru.es\\\/blog\\\/wp-content\\\/uploads\\\/2016\\\/05\\\/Subaru-BRZ-Antonio-Albacete-y-JM-de-los-Milagros-en-Meycom-e1463731989165.jpg\",\"contentUrl\":\"https:\\\/\\\/www.subaru.es\\\/blog\\\/wp-content\\\/uploads\\\/2016\\\/05\\\/Subaru-BRZ-Antonio-Albacete-y-JM-de-los-Milagros-en-Meycom-e1463731989165.jpg\",\"width\":640,\"height\":468},{\"@type\":\"BreadcrumbList\",\"@id\":\"https:\\\/\\\/www.subaru.es\\\/blog\\\/nuestra-marca\\\/el-brz-pentacar-de-subaru-entra-en-fase-de-competicion\\\/#breadcrumb\",\"itemListElement\":[{\"@type\":\"ListItem\",\"position\":1,\"name\":\"Portada\",\"item\":\"https:\\\/\\\/www.subaru.es\\\/blog\\\/\"},{\"@type\":\"ListItem\",\"position\":2,\"name\":\"El BRZ Pentacar de Subaru entra en fase de competici\u00f3n\"}]},{\"@type\":\"WebSite\",\"@id\":\"https:\\\/\\\/www.subaru.es\\\/blog\\\/#website\",\"url\":\"https:\\\/\\\/www.subaru.es\\\/blog\\\/\",\"name\":\"Universo Subaru\",\"description\":\"Descubre este apasionante espacio de Subaru donde vas a conocer todo sobre nuestros coches y las experiencias que vivimos con ellos. Si est\u00e1s preparado para dejarte seducir por la filosof\u00eda Subaru, qu\u00e9date con nosotros.\",\"publisher\":{\"@id\":\"https:\\\/\\\/www.subaru.es\\\/blog\\\/#organization\"},\"potentialAction\":[{\"@type\":\"SearchAction\",\"target\":{\"@type\":\"EntryPoint\",\"urlTemplate\":\"https:\\\/\\\/www.subaru.es\\\/blog\\\/?s={search_term_string}\"},\"query-input\":{\"@type\":\"PropertyValueSpecification\",\"valueRequired\":true,\"valueName\":\"search_term_string\"}}],\"inLanguage\":\"es\"},{\"@type\":\"Organization\",\"@id\":\"https:\\\/\\\/www.subaru.es\\\/blog\\\/#organization\",\"name\":\"Subaru Espa\u00f1a S.A.\",\"url\":\"https:\\\/\\\/www.subaru.es\\\/blog\\\/\",\"logo\":{\"@type\":\"ImageObject\",\"inLanguage\":\"es\",\"@id\":\"https:\\\/\\\/www.subaru.es\\\/blog\\\/#\\\/schema\\\/logo\\\/image\\\/\",\"url\":\"https:\\\/\\\/www.subaru.es\\\/blog\\\/wp-content\\\/uploads\\\/2016\\\/12\\\/Logo-Subaru-TypeV_C300-scaled.jpg\",\"contentUrl\":\"https:\\\/\\\/www.subaru.es\\\/blog\\\/wp-content\\\/uploads\\\/2016\\\/12\\\/Logo-Subaru-TypeV_C300-scaled.jpg\",\"width\":2560,\"height\":1864,\"caption\":\"Subaru Espa\u00f1a S.A.\"},\"image\":{\"@id\":\"https:\\\/\\\/www.subaru.es\\\/blog\\\/#\\\/schema\\\/logo\\\/image\\\/\"},\"sameAs\":[\"https:\\\/\\\/www.facebook.com\\\/subaruespana\",\"https:\\\/\\\/www.instagram.com\\\/subarues\\\/\",\"https:\\\/\\\/www.youtube.com\\\/user\\\/subaruespana\"]},{\"@type\":\"Person\",\"@id\":\"https:\\\/\\\/www.subaru.es\\\/blog\\\/#\\\/schema\\\/person\\\/19a90b892230b8e0ec752704ddf4aa10\",\"name\":\"Subaru\",\"url\":\"https:\\\/\\\/www.subaru.es\\\/blog\\\/author\\\/subaria\\\/\"}]}<\/script>\n<!-- \/ Yoast SEO plugin. -->","yoast_head_json":{"title":"El BRZ Pentacar de Subaru entra en fase de competici\u00f3n - Universo Subaru","robots":{"index":"index","follow":"follow","max-snippet":"max-snippet:-1","max-image-preview":"max-image-preview:large","max-video-preview":"max-video-preview:-1"},"canonical":"https:\/\/www.subaru.es\/blog\/nuestra-marca\/el-brz-pentacar-de-subaru-entra-en-fase-de-competicion\/","og_locale":"es_ES","og_type":"article","og_title":"El BRZ Pentacar de Subaru entra en fase de competici\u00f3n - Universo Subaru","og_description":"El Subaru BRZ Pentacar est\u00e1 listo para competir tras pasar con nota un ambicioso programa de test iniciales con unos resultados altamente satisfactorios, con los que ha dejado constancia de una gran fiabilidad. Con el apoyo de Subaru Espa\u00f1a desde el inicio del proyecto, nuestro veh\u00edculo de carreras multidisciplinar ya se encuentra en la fase [&hellip;]","og_url":"https:\/\/www.subaru.es\/blog\/nuestra-marca\/el-brz-pentacar-de-subaru-entra-en-fase-de-competicion\/","og_site_name":"Universo Subaru","article_publisher":"https:\/\/www.facebook.com\/subaruespana","article_published_time":"2016-05-20T10:05:43+00:00","article_modified_time":"2020-08-06T09:37:24+00:00","og_image":[{"width":640,"height":468,"url":"https:\/\/www.subaru.es\/blog\/wp-content\/uploads\/2016\/05\/Subaru-BRZ-Antonio-Albacete-y-JM-de-los-Milagros-en-Meycom-e1463731989165.jpg","type":"image\/jpeg"}],"author":"Subaru","twitter_card":"summary_large_image","twitter_misc":{"Escrito por":"Subaru","Tiempo de lectura":"2 minutos"},"schema":{"@context":"https:\/\/schema.org","@graph":[{"@type":"Article","@id":"https:\/\/www.subaru.es\/blog\/nuestra-marca\/el-brz-pentacar-de-subaru-entra-en-fase-de-competicion\/#article","isPartOf":{"@id":"https:\/\/www.subaru.es\/blog\/nuestra-marca\/el-brz-pentacar-de-subaru-entra-en-fase-de-competicion\/"},"author":{"name":"Subaru","@id":"https:\/\/www.subaru.es\/blog\/#\/schema\/person\/19a90b892230b8e0ec752704ddf4aa10"},"headline":"El BRZ Pentacar de Subaru entra en fase de competici\u00f3n","datePublished":"2016-05-20T10:05:43+00:00","dateModified":"2020-08-06T09:37:24+00:00","mainEntityOfPage":{"@id":"https:\/\/www.subaru.es\/blog\/nuestra-marca\/el-brz-pentacar-de-subaru-entra-en-fase-de-competicion\/"},"wordCount":461,"commentCount":1,"publisher":{"@id":"https:\/\/www.subaru.es\/blog\/#organization"},"image":{"@id":"https:\/\/www.subaru.es\/blog\/nuestra-marca\/el-brz-pentacar-de-subaru-entra-en-fase-de-competicion\/#primaryimage"},"thumbnailUrl":"https:\/\/www.subaru.es\/blog\/wp-content\/uploads\/2016\/05\/Subaru-BRZ-Antonio-Albacete-y-JM-de-los-Milagros-en-Meycom-e1463731989165.jpg","keywords":["ampeonato de Espa\u00f1a de Rallyes de Asfalto","Antonio Albacete","BRZ","BRZ Pentacar","Campeonato de Espa\u00f1a de Rallyes de Tierra","Campeonato de Espa\u00f1a de Resistencia","CERT","Subaru BRZ"],"articleSection":["Nuestra marca"],"inLanguage":"es","potentialAction":[{"@type":"CommentAction","name":"Comment","target":["https:\/\/www.subaru.es\/blog\/nuestra-marca\/el-brz-pentacar-de-subaru-entra-en-fase-de-competicion\/#respond"]}]},{"@type":"WebPage","@id":"https:\/\/www.subaru.es\/blog\/nuestra-marca\/el-brz-pentacar-de-subaru-entra-en-fase-de-competicion\/","url":"https:\/\/www.subaru.es\/blog\/nuestra-marca\/el-brz-pentacar-de-subaru-entra-en-fase-de-competicion\/","name":"El BRZ Pentacar de Subaru entra en fase de competici\u00f3n - Universo Subaru","isPartOf":{"@id":"https:\/\/www.subaru.es\/blog\/#website"},"primaryImageOfPage":{"@id":"https:\/\/www.subaru.es\/blog\/nuestra-marca\/el-brz-pentacar-de-subaru-entra-en-fase-de-competicion\/#primaryimage"},"image":{"@id":"https:\/\/www.subaru.es\/blog\/nuestra-marca\/el-brz-pentacar-de-subaru-entra-en-fase-de-competicion\/#primaryimage"},"thumbnailUrl":"https:\/\/www.subaru.es\/blog\/wp-content\/uploads\/2016\/05\/Subaru-BRZ-Antonio-Albacete-y-JM-de-los-Milagros-en-Meycom-e1463731989165.jpg","datePublished":"2016-05-20T10:05:43+00:00","dateModified":"2020-08-06T09:37:24+00:00","breadcrumb":{"@id":"https:\/\/www.subaru.es\/blog\/nuestra-marca\/el-brz-pentacar-de-subaru-entra-en-fase-de-competicion\/#breadcrumb"},"inLanguage":"es","potentialAction":[{"@type":"ReadAction","target":["https:\/\/www.subaru.es\/blog\/nuestra-marca\/el-brz-pentacar-de-subaru-entra-en-fase-de-competicion\/"]}]},{"@type":"ImageObject","inLanguage":"es","@id":"https:\/\/www.subaru.es\/blog\/nuestra-marca\/el-brz-pentacar-de-subaru-entra-en-fase-de-competicion\/#primaryimage","url":"https:\/\/www.subaru.es\/blog\/wp-content\/uploads\/2016\/05\/Subaru-BRZ-Antonio-Albacete-y-JM-de-los-Milagros-en-Meycom-e1463731989165.jpg","contentUrl":"https:\/\/www.subaru.es\/blog\/wp-content\/uploads\/2016\/05\/Subaru-BRZ-Antonio-Albacete-y-JM-de-los-Milagros-en-Meycom-e1463731989165.jpg","width":640,"height":468},{"@type":"BreadcrumbList","@id":"https:\/\/www.subaru.es\/blog\/nuestra-marca\/el-brz-pentacar-de-subaru-entra-en-fase-de-competicion\/#breadcrumb","itemListElement":[{"@type":"ListItem","position":1,"name":"Portada","item":"https:\/\/www.subaru.es\/blog\/"},{"@type":"ListItem","position":2,"name":"El BRZ Pentacar de Subaru entra en fase de competici\u00f3n"}]},{"@type":"WebSite","@id":"https:\/\/www.subaru.es\/blog\/#website","url":"https:\/\/www.subaru.es\/blog\/","name":"Universo Subaru","description":"Descubre este apasionante espacio de Subaru donde vas a conocer todo sobre nuestros coches y las experiencias que vivimos con ellos. Si est\u00e1s preparado para dejarte seducir por la filosof\u00eda Subaru, qu\u00e9date con nosotros.","publisher":{"@id":"https:\/\/www.subaru.es\/blog\/#organization"},"potentialAction":[{"@type":"SearchAction","target":{"@type":"EntryPoint","urlTemplate":"https:\/\/www.subaru.es\/blog\/?s={search_term_string}"},"query-input":{"@type":"PropertyValueSpecification","valueRequired":true,"valueName":"search_term_string"}}],"inLanguage":"es"},{"@type":"Organization","@id":"https:\/\/www.subaru.es\/blog\/#organization","name":"Subaru Espa\u00f1a S.A.","url":"https:\/\/www.subaru.es\/blog\/","logo":{"@type":"ImageObject","inLanguage":"es","@id":"https:\/\/www.subaru.es\/blog\/#\/schema\/logo\/image\/","url":"https:\/\/www.subaru.es\/blog\/wp-content\/uploads\/2016\/12\/Logo-Subaru-TypeV_C300-scaled.jpg","contentUrl":"https:\/\/www.subaru.es\/blog\/wp-content\/uploads\/2016\/12\/Logo-Subaru-TypeV_C300-scaled.jpg","width":2560,"height":1864,"caption":"Subaru Espa\u00f1a S.A."},"image":{"@id":"https:\/\/www.subaru.es\/blog\/#\/schema\/logo\/image\/"},"sameAs":["https:\/\/www.facebook.com\/subaruespana","https:\/\/www.instagram.com\/subarues\/","https:\/\/www.youtube.com\/user\/subaruespana"]},{"@type":"Person","@id":"https:\/\/www.subaru.es\/blog\/#\/schema\/person\/19a90b892230b8e0ec752704ddf4aa10","name":"Subaru","url":"https:\/\/www.subaru.es\/blog\/author\/subaria\/"}]}},"_links":{"self":[{"href":"https:\/\/www.subaru.es\/blog\/wp-json\/wp\/v2\/posts\/11936","targetHints":{"allow":["GET"]}}],"collection":[{"href":"https:\/\/www.subaru.es\/blog\/wp-json\/wp\/v2\/posts"}],"about":[{"href":"https:\/\/www.subaru.es\/blog\/wp-json\/wp\/v2\/types\/post"}],"author":[{"embeddable":true,"href":"https:\/\/www.subaru.es\/blog\/wp-json\/wp\/v2\/users\/21"}],"replies":[{"embeddable":true,"href":"https:\/\/www.subaru.es\/blog\/wp-json\/wp\/v2\/comments?post=11936"}],"version-history":[{"count":1,"href":"https:\/\/www.subaru.es\/blog\/wp-json\/wp\/v2\/posts\/11936\/revisions"}],"predecessor-version":[{"id":14696,"href":"https:\/\/www.subaru.es\/blog\/wp-json\/wp\/v2\/posts\/11936\/revisions\/14696"}],"wp:featuredmedia":[{"embeddable":true,"href":"https:\/\/www.subaru.es\/blog\/wp-json\/wp\/v2\/media\/11941"}],"wp:attachment":[{"href":"https:\/\/www.subaru.es\/blog\/wp-json\/wp\/v2\/media?parent=11936"}],"wp:term":[{"taxonomy":"category","embeddable":true,"href":"https:\/\/www.subaru.es\/blog\/wp-json\/wp\/v2\/categories?post=11936"},{"taxonomy":"post_tag","embeddable":true,"href":"https:\/\/www.subaru.es\/blog\/wp-json\/wp\/v2\/tags?post=11936"}],"curies":[{"name":"wp","href":"https:\/\/api.w.org\/{rel}","templated":true}]}}