{"id":11861,"date":"2016-05-06T13:38:32","date_gmt":"2016-05-06T11:38:32","guid":{"rendered":"http:\/\/subaru.preproduccion.com\/blog\/?p=11861"},"modified":"2016-11-07T13:00:26","modified_gmt":"2016-11-07T11:00:26","slug":"crees-que-los-videos-mas-vistos-son-tambien-los-mejores","status":"publish","type":"post","link":"https:\/\/www.subaru.es\/blog\/nuestra-marca\/crees-que-los-videos-mas-vistos-son-tambien-los-mejores\/","title":{"rendered":"\u00bfCrees que los v\u00eddeos m\u00e1s vistos son tambi\u00e9n los mejores?"},"content":{"rendered":"<p><span style=\"font-family: Verdana, sans-serif;\"><strong>Hemos localizado los seis v\u00eddeos m\u00e1s vistos del <a href=\"https:\/\/www.youtube.com\/user\/subaruespana\">Canal Youtube de Subaru Espa\u00f1a<\/a> para compartirlos con vosotros y saber si, adem\u00e1s de ser los m\u00e1s vistos<\/strong><\/span><span style=\"font-family: Verdana, sans-serif;\"><em><strong>,<\/strong><\/em><\/span><span style=\"font-family: Verdana, sans-serif;\"><strong> pens\u00e1is que son realmente los mejores&#8230; A veces lo m\u00e1s visto no es lo mejor, as\u00ed que os proponemos que nos deis vuestra opini\u00f3n. Tambi\u00e9n hemos seleccionado v\u00eddeos internacionales de Subaru que no os deb\u00e9is perder. Esperamos vuestros comentarios m\u00e1s abajo en respuesta a este mismo post o en el correo electr\u00f3nico info@subaru.es.<\/strong><\/span><\/p>\n<p><span style=\"font-family: Verdana, sans-serif;\"><strong><a href=\"https:\/\/www.youtube.com\/watch?v=AavneQ8s0g4\"><img decoding=\"async\" class=\"aligncenter size-full wp-image-11886 lazyload\" title=\"Subaru Dog testedok\" data-src=\"https:\/\/www.subaru.es\/blog\/wp-content\/uploads\/2016\/05\/Subaru-Dog-testedok1-e1462534613479.jpg\" alt=\"\" width=\"640\" height=\"358\" data-srcset=\"https:\/\/www.subaru.es\/blog\/wp-content\/uploads\/2016\/05\/Subaru-Dog-testedok1-e1462534613479.jpg 640w, https:\/\/www.subaru.es\/blog\/wp-content\/uploads\/2016\/05\/Subaru-Dog-testedok1-e1462534613479-560x313.jpg 560w\" data-sizes=\"(max-width: 640px) 100vw, 640px\" src=\"data:image\/svg+xml;base64,PHN2ZyB3aWR0aD0iMSIgaGVpZ2h0PSIxIiB4bWxucz0iaHR0cDovL3d3dy53My5vcmcvMjAwMC9zdmciPjwvc3ZnPg==\" style=\"--smush-placeholder-width: 640px; --smush-placeholder-aspect-ratio: 640\/358;\" \/><\/a><br \/>\n<\/strong><\/span><\/p>\n<p><span style=\"font-family: Verdana, sans-serif;\"><strong>Los v\u00eddeos m\u00e1s vistos en el canal de Subaru Espa\u00f1a son, por orden de visitas<\/strong>, el de la campa\u00f1a Fan\u00e1ticos del nuevo Outback (2015), ocupando una primer\u00edsima posici\u00f3n a pesar de haberse publicado hace solo un a\u00f1o; la espectacular gymkhana WRX STI (2014), en segundo lugar; el de presentaci\u00f3n del Forester (2015) tambi\u00e9n en el marco de la campa\u00f1a Fan\u00e1ticos; la gymkhana BRZ (2013); uno m\u00e1s con el Outback como protagonista como un \u201caut\u00e9ntico 4&#215;4\u201d (2013) y el simp\u00e1tico v\u00eddeo del Desaf\u00edo Subaru entre Marc M\u00e1rquez contra Laia Sanz (2013).<\/span><\/p>\n<p><span style=\"font-family: Verdana, sans-serif;\">Sin embargo, hay otros v\u00eddeos en el canal tambi\u00e9n muy atractivos que no han conseguidos tantas visitas. Es el caso del que realiz\u00f3 Marc M\u00e1rquez con nuestros amigos de Bola de Nieve<span style=\"color: #0000ff;\"> <strong><a href=\"https:\/\/www.youtube.com\/watch?v=tsXmdGIdr9w\">(ver v\u00eddeo)<\/a><\/strong><\/span><\/span><span style=\"font-family: Verdana, sans-serif;\">, que a nosotros nos encanta; o el fant\u00e1stico <strong><a href=\"https:\/\/www.youtube.com\/watch?v=6UlWj2nP5Yo\">v\u00eddeo resumen de innovaciones tecnol\u00f3gicas<\/a><\/strong> <\/span><span style=\"font-family: Verdana, sans-serif;\">que diferencian a nuestros veh\u00edculos, que nos parece tan interesante como cualquiera de los seis m\u00e1s vistos. Y para ti, \u00bftu preferido es alguno de los que m\u00e1s visitas acapara o <strong>tienes alguna propuesta diferente?<\/strong><\/span><\/p>\n<p><span style=\"font-family: Verdana, sans-serif;\"><strong><a href=\"https:\/\/www.youtube.com\/watch?v=6UlWj2nP5Yo\"><img decoding=\"async\" class=\"aligncenter size-full wp-image-11891 lazyload\" title=\"resumen tecnolog\u00edaok\" data-src=\"https:\/\/www.subaru.es\/blog\/wp-content\/uploads\/2016\/05\/resumen-tecnolog\u00edaok-e1462536699421.jpg\" alt=\"\" width=\"640\" height=\"357\" data-srcset=\"https:\/\/www.subaru.es\/blog\/wp-content\/uploads\/2016\/05\/resumen-tecnolog\u00edaok-e1462536699421.jpg 640w, https:\/\/www.subaru.es\/blog\/wp-content\/uploads\/2016\/05\/resumen-tecnolog\u00edaok-e1462536699421-560x312.jpg 560w\" data-sizes=\"(max-width: 640px) 100vw, 640px\" src=\"data:image\/svg+xml;base64,PHN2ZyB3aWR0aD0iMSIgaGVpZ2h0PSIxIiB4bWxucz0iaHR0cDovL3d3dy53My5vcmcvMjAwMC9zdmciPjwvc3ZnPg==\" style=\"--smush-placeholder-width: 640px; --smush-placeholder-aspect-ratio: 640\/357;\" \/><\/a><br \/>\n<\/strong><\/span><\/p>\n<p><span style=\"font-family: Verdana, sans-serif;\">A continuaci\u00f3n os facilitamos el enlace a los seis m\u00e1s vistos y os contamos c\u00f3mo son y algunos datos llamativos sobre ellos. Y <strong>m\u00e1s abajo ver\u00e9is la selecci\u00f3n de v\u00eddeos internacionales que seguro os van a gustar<\/strong>.<\/span><\/p>\n<h2>\u201c<span style=\"font-family: Verdana, sans-serif;\"><strong>Nuevo Outback. Campa\u00f1a Fan\u00e1ticos\u201d (<a href=\"https:\/\/www.youtube.com\/watch?v=w4uwukk50VY\">ver v\u00eddeo<\/a>)<\/strong><\/span><\/h2>\n<p><span style=\"font-family: Verdana, sans-serif;\">Se trata del primero en nuestro ranking, ya que supera con creces las 800.000 visualizaciones desde el momento de su publicaci\u00f3n, marzo del a\u00f1o pasado. Presenta en tan solo 20 segundos el nuevo Forester bajo las premisas que marcan el \u201cestilo de vida Subaru\u201d: aventura y deporte extremos que llevan impl\u00edcita una gran descarga de adrenalina. Sencillamente, para fan\u00e1ticos de la vida, tal y como recoge nuestro eslogan.<\/span><\/p>\n<h2>\u201c<span style=\"font-family: Verdana, sans-serif;\"><strong>Gymkhana WRX STI\u201d (<a href=\"https:\/\/www.youtube.com\/watch?v=D9tTJVT31U8\">ver v\u00eddeo<\/a>)<\/strong><\/span><\/h2>\n<p><span style=\"font-family: Verdana, sans-serif;\">Esta producci\u00f3n audiovisual se public\u00f3 en julio de 2014 y est\u00e1 a punto de firmar los 650.000 clics, con lo que ocupa el segundo lugar en nuestro canal de Youtube. En 2&#8217;37 minutos, el protagonista del v\u00eddeo se enfrenta a una dura prueba nada m\u00e1s levantarse&#8230; \u00bfTe imaginas qu\u00e9 puede ser? Derrapajes y trazadas \u00fanicas propias de un coche de rally nos deleitan en esta bonita producci\u00f3n.<\/span><\/p>\n<p><span style=\"font-family: Verdana, sans-serif;\">El segundo v\u00eddeo que recrea una gymkhana (el cuarto en nuestro ranking de los seis m\u00e1s vistos) tiene como protagonista al BRZ y al piloto gallego Antonio Sol\u00f3rzano.<\/span><span style=\"color: #000000;\"><span style=\"font-family: Verdana, sans-serif;\"> El reto <\/span><\/span><span style=\"color: #000000;\"><span style=\"font-family: Verdana, sans-serif;\">transcurre en el t\u00e9rmino municipal gallego de Lausame, entre verdes prados y carreteras estrechas, con un montaje al m\u00e1s puro estilo del americano Ken Block, quien prob\u00f3 fortuna aunque sin mucho \u00e9xito en el WRC. El trabajo, cercano ya a las 400.000 visualizaciones, se public\u00f3 en enero de 2013. <strong>\u00bfQuieres ver en qu\u00e9 consiste la prueba a la que se enfrenta el piloto?<\/strong> <a href=\"https:\/\/www.youtube.com\/watch?v=MzjEnxg3GYE\"><strong>Pincha aqu\u00ed<\/strong><\/a>.<\/span><\/span><\/p>\n<p><span style=\"color: #000000;\"><span style=\"font-family: Verdana, sans-serif;\"><a href=\"https:\/\/www.youtube.com\/watch?v=MzjEnxg3GYE\"><img decoding=\"async\" class=\"aligncenter size-full wp-image-11873 lazyload\" title=\"Gymkhana WRX STIok\" data-src=\"https:\/\/www.subaru.es\/blog\/wp-content\/uploads\/2016\/05\/Gymkhana-WRX-STIok-e1462533953953.jpg\" alt=\"\" width=\"640\" height=\"353\" data-srcset=\"https:\/\/www.subaru.es\/blog\/wp-content\/uploads\/2016\/05\/Gymkhana-WRX-STIok-e1462533953953.jpg 640w, https:\/\/www.subaru.es\/blog\/wp-content\/uploads\/2016\/05\/Gymkhana-WRX-STIok-e1462533953953-560x309.jpg 560w\" data-sizes=\"(max-width: 640px) 100vw, 640px\" src=\"data:image\/svg+xml;base64,PHN2ZyB3aWR0aD0iMSIgaGVpZ2h0PSIxIiB4bWxucz0iaHR0cDovL3d3dy53My5vcmcvMjAwMC9zdmciPjwvc3ZnPg==\" style=\"--smush-placeholder-width: 640px; --smush-placeholder-aspect-ratio: 640\/353;\" \/><\/a><br \/>\n<\/span><\/span><\/p>\n<h2><span style=\"color: #2d2d2d;\"><span style=\"font-family: Verdana, sans-serif;\">\u201c<\/span><\/span><span style=\"color: #000000;\"><span style=\"font-family: Verdana, sans-serif;\"><strong>Subaru Forester. Campa\u00f1a Fan\u00e1ticos\u201d (<a href=\"https:\/\/www.youtube.com\/watch?v=sWse9sQHUwg\">ver v\u00eddeo<\/a>)<\/strong><\/span><\/span><\/h2>\n<p><span style=\"font-family: Verdana, sans-serif;\">En tercera posici\u00f3n encontramos una nueva presentaci\u00f3n de otro de nuestros veh\u00edculos m\u00e1s emblem\u00e1ticos, el Forester. Se trata de 20 segundos de espectaculares<strong> im\u00e1genes que vuelven a relacionar un estilo de vida trepidante con la conducci\u00f3n de un Subaru<\/strong> aut\u00e9ntico 4&#215;4, algo que han confirmado m\u00e1s de 418.000 internautas desde que en marzo de 2015 se subiera el v\u00eddeo al canal.<\/span><\/p>\n<p><span style=\"font-family: Verdana, sans-serif;\"><a href=\"https:\/\/www.youtube.com\/watch?v=sWse9sQHUwg\"><img decoding=\"async\" class=\"aligncenter size-full wp-image-11874 lazyload\" title=\"Subaru Foresterok\" data-src=\"https:\/\/www.subaru.es\/blog\/wp-content\/uploads\/2016\/05\/Subaru-Foresterok-e1462533992699.jpg\" alt=\"\" width=\"640\" height=\"358\" data-srcset=\"https:\/\/www.subaru.es\/blog\/wp-content\/uploads\/2016\/05\/Subaru-Foresterok-e1462533992699.jpg 640w, https:\/\/www.subaru.es\/blog\/wp-content\/uploads\/2016\/05\/Subaru-Foresterok-e1462533992699-560x313.jpg 560w\" data-sizes=\"(max-width: 640px) 100vw, 640px\" src=\"data:image\/svg+xml;base64,PHN2ZyB3aWR0aD0iMSIgaGVpZ2h0PSIxIiB4bWxucz0iaHR0cDovL3d3dy53My5vcmcvMjAwMC9zdmciPjwvc3ZnPg==\" style=\"--smush-placeholder-width: 640px; --smush-placeholder-aspect-ratio: 640\/358;\" \/><\/a><br \/>\n<\/span><\/p>\n<h2>\u201c<span style=\"font-family: Verdana, sans-serif;\"><strong>Subaru Outback. Aut\u00e9nticos 4&#215;4\u201d (<a href=\"https:\/\/www.youtube.com\/watch?v=fi1XKYPhOCU\">ver v\u00eddeo<\/a>)<\/strong><\/span><\/h2>\n<p><span style=\"font-family: Verdana, sans-serif;\">En esta ocasi\u00f3n se presenta de nuevo en tan solo 21 segundos el poder\u00edo de un aut\u00e9ntico todoterreno. <strong>Las im\u00e1genes ofrecen caminos embarrados, rutas nevadas, sendas heladas<\/strong>&#8230; en los que un Subaru se desenvuelve como pez en el agua. Ocupa la quinta plaza de nuestro particular ranking al registrar 313.000 visualizaciones desde octubre de 2013.<\/span><\/p>\n<p><span style=\"font-family: Verdana, sans-serif;\"><a href=\"https:\/\/www.youtube.com\/watch?v=fi1XKYPhOCU\"><img decoding=\"async\" class=\"aligncenter size-full wp-image-11875 lazyload\" title=\"Subaru Outbackok\" data-src=\"https:\/\/www.subaru.es\/blog\/wp-content\/uploads\/2016\/05\/Subaru-Outbackok1-e1462534053249.jpg\" alt=\"\" width=\"640\" height=\"355\" data-srcset=\"https:\/\/www.subaru.es\/blog\/wp-content\/uploads\/2016\/05\/Subaru-Outbackok1-e1462534053249.jpg 640w, https:\/\/www.subaru.es\/blog\/wp-content\/uploads\/2016\/05\/Subaru-Outbackok1-e1462534053249-560x311.jpg 560w\" data-sizes=\"(max-width: 640px) 100vw, 640px\" src=\"data:image\/svg+xml;base64,PHN2ZyB3aWR0aD0iMSIgaGVpZ2h0PSIxIiB4bWxucz0iaHR0cDovL3d3dy53My5vcmcvMjAwMC9zdmciPjwvc3ZnPg==\" style=\"--smush-placeholder-width: 640px; --smush-placeholder-aspect-ratio: 640\/355;\" \/><\/a><br \/>\n<\/span><\/p>\n<h2>\u201c<span style=\"font-family: Verdana, sans-serif;\"><strong>Desaf\u00edo Subaru. Marc M\u00e1rquez vs. Laia Sanz\u201d (<a href=\"https:\/\/www.youtube.com\/watch?v=nGLiF_d9meg\">ver v\u00eddeo<\/a>)<\/strong><\/span><\/h2>\n<p><span style=\"font-family: Verdana, sans-serif;\">En sexto y \u00faltimo lugar encontramos esta entretenida producci\u00f3n que rebasa las 300.000 visualizaciones desde que se subi\u00f3 a la red en mayo de 2013. En ella vemos el \u201cenfrentamiento\u201d entre dos de los<\/span><span style=\"color: #000000;\"><span style=\"font-family: Verdana, sans-serif;\"> deportistas del motor m\u00e1s relevantes del panorama nacional e internacional: Marc M\u00e1rquez contra Laia Sanz, 12 veces campeona del mundo de trial. \u00bfQui\u00e9n ser\u00e1 m\u00e1s r\u00e1pido en un circuito de tierra, una moto o un coche? M\u00e1rquez, a los mandos de la moto de cross con la que entrena, contra Laia, subida a un Impreza STI WRX. <strong>\u00bfQuieres saber qui\u00e9n gana la apuesta?<\/strong> <a href=\"https:\/\/www.youtube.com\/watch?v=nGLiF_d9meg\"><strong>Pincha aqu\u00ed<\/strong><\/a>.<\/span><\/span><\/p>\n<p><span style=\"color: #000000;\"><span style=\"font-family: Verdana, sans-serif;\"><a href=\"https:\/\/www.youtube.com\/watch?v=nGLiF_d9meg\"><img decoding=\"async\" class=\"aligncenter size-full wp-image-11876 lazyload\" title=\"Desaf\u00edo Subaru Marc M\u00e0rquez vs Laia Sanz ok\" data-src=\"https:\/\/www.subaru.es\/blog\/wp-content\/uploads\/2016\/05\/Desaf\u00edo-Subaru-Marc-M\u00e0rquez-vs-Laia-Sanz-ok-e1462534088739.jpg\" alt=\"\" width=\"640\" height=\"356\" data-srcset=\"https:\/\/www.subaru.es\/blog\/wp-content\/uploads\/2016\/05\/Desaf\u00edo-Subaru-Marc-M\u00e0rquez-vs-Laia-Sanz-ok-e1462534088739.jpg 640w, https:\/\/www.subaru.es\/blog\/wp-content\/uploads\/2016\/05\/Desaf\u00edo-Subaru-Marc-M\u00e0rquez-vs-Laia-Sanz-ok-e1462534088739-560x312.jpg 560w\" data-sizes=\"(max-width: 640px) 100vw, 640px\" src=\"data:image\/svg+xml;base64,PHN2ZyB3aWR0aD0iMSIgaGVpZ2h0PSIxIiB4bWxucz0iaHR0cDovL3d3dy53My5vcmcvMjAwMC9zdmciPjwvc3ZnPg==\" style=\"--smush-placeholder-width: 640px; --smush-placeholder-aspect-ratio: 640\/356;\" \/><\/a><br \/>\n<\/span><\/span><\/p>\n<h2><span style=\"font-family: Verdana, sans-serif;\"><strong>Sugerencias internacionales<\/strong><\/span><\/h2>\n<p><span style=\"font-family: Verdana, sans-serif;\">Publicado en enero de este mismo a\u00f1o, encontramos un divertido v\u00eddeo en el canal oficial de Subaru de Estados Unidos que con tan corta vida registra ya m\u00e1s de seis millones de visitas, en el que <strong>una familia de perros viaja tranquilamente en su Subaru<\/strong> cuando empieza una extra\u00f1a lluvia&#8230; (<strong><a href=\"https:\/\/www.youtube.com\/watch?v=AavneQ8s0g4\">ver v\u00eddeo<\/a><\/strong>).<\/span><\/p>\n<p><span style=\"font-family: Verdana, sans-serif;\">Llama la atenci\u00f3n tambi\u00e9n la impresi\u00f3n \u201cDog Tester\u201d,<strong> fruto como el anterior v\u00eddeo del amor de la marca por los animales de compa\u00f1\u00eda<\/strong>, de Subaru Canad\u00e1. En este caso, un bonito perro pastor consigue agrupar a su reba\u00f1o de ovejas desde el Forester de su amo (<a href=\"https:\/\/www.youtube.com\/watch?v=DUTcA2fHXyk\"><strong>ver v\u00eddeo<\/strong><\/a>). <\/span><\/p>\n<p><span style=\"font-family: Verdana, sans-serif;\"><strong>A modo de reliquia<\/strong>, queremos igualmente compartir con vosotros <a href=\"https:\/\/www.youtube.com\/watch?v=OUKVudquPdc\"><strong>este v\u00eddeo<\/strong><\/a> del canal oficial de Youtube Jap\u00f3n fechado en 1964 del Gran Prix japon\u00e9s de dicho a\u00f1o:\u201dMazda Carol vs. Toyota Publica &amp; Subaru 360 at the Japanese Grand Prix\u201d. <\/span><\/p>\n<p><span style=\"font-family: Verdana, sans-serif;\"><strong>Y para quien quiera ver un v\u00eddeo subidito de tono<\/strong>, os proponemos <strong><a href=\"https:\/\/www.youtube.com\/watch?v=_tKci9mtaZk\">este<\/a><\/strong><\/span><span style=\"font-family: Verdana, sans-serif;\">, en el que una pareja de chicos se encuentra con un sistema de lavado para su Forester SUV nada nada habitual&#8230;<\/span><\/p>\n<p><span style=\"font-family: Verdana, sans-serif;\">As\u00ed que lo dicho: <strong>si quer\u00e9is compartir con nosotros vuestra opini\u00f3n<\/strong> o recomendarnos alg\u00fan v\u00eddeo, esperamos que nos lo cont\u00e9is.<\/span><\/p>\n","protected":false},"excerpt":{"rendered":"<p>Hemos localizado los seis v\u00eddeos m\u00e1s vistos del Canal Youtube de Subaru Espa\u00f1a para compartirlos con vosotros y saber si, adem\u00e1s de ser los m\u00e1s vistos, pens\u00e1is que son realmente los mejores&#8230; A veces lo m\u00e1s visto no es lo mejor, as\u00ed que os proponemos que nos deis vuestra opini\u00f3n. Tambi\u00e9n hemos seleccionados v\u00eddeos internacionales de Subaru que no os deb\u00e9is perder. Esperamos vuestros comentarios m\u00e1s abajo en respuesta a este mismo post o en el correo electr\u00f3nico info@subaru.es.<\/p>\n","protected":false},"author":21,"featured_media":11862,"comment_status":"open","ping_status":"open","sticky":false,"template":"","format":"standard","meta":{"_acf_changed":false,"_eb_attr":"","inline_featured_image":false,"footnotes":""},"categories":[4401],"tags":[164,491,1076,820,38,67],"class_list":["post-11861","post","type-post","status-publish","format-standard","has-post-thumbnail","hentry","category-nuestra-marca","tag-seguridad","tag-subaru-forester","tag-subaru-outback","tag-tecnologia","tag-video","tag-videos-subaru"],"acf":[],"yoast_head":"<!-- This site is optimized with the Yoast SEO plugin v27.3 - https:\/\/yoast.com\/product\/yoast-seo-wordpress\/ -->\n<title>\u00bfCrees que los v\u00eddeos m\u00e1s vistos son tambi\u00e9n los mejores? - Universo Subaru<\/title>\n<meta name=\"robots\" content=\"index, follow, max-snippet:-1, max-image-preview:large, max-video-preview:-1\" \/>\n<link rel=\"canonical\" href=\"https:\/\/www.subaru.es\/blog\/nuestra-marca\/crees-que-los-videos-mas-vistos-son-tambien-los-mejores\/\" \/>\n<meta property=\"og:locale\" content=\"es_ES\" \/>\n<meta property=\"og:type\" content=\"article\" \/>\n<meta property=\"og:title\" content=\"\u00bfCrees que los v\u00eddeos m\u00e1s vistos son tambi\u00e9n los mejores? - Universo Subaru\" \/>\n<meta property=\"og:description\" content=\"Hemos localizado los seis v\u00eddeos m\u00e1s vistos del Canal Youtube de Subaru Espa\u00f1a para compartirlos con vosotros y saber si, adem\u00e1s de ser los m\u00e1s vistos, pens\u00e1is que son realmente los mejores... A veces lo m\u00e1s visto no es lo mejor, as\u00ed que os proponemos que nos deis vuestra opini\u00f3n. Tambi\u00e9n hemos seleccionados v\u00eddeos internacionales de Subaru que no os deb\u00e9is perder. Esperamos vuestros comentarios m\u00e1s abajo en respuesta a este mismo post o en el correo electr\u00f3nico info@subaru.es.\" \/>\n<meta property=\"og:url\" content=\"https:\/\/www.subaru.es\/blog\/nuestra-marca\/crees-que-los-videos-mas-vistos-son-tambien-los-mejores\/\" \/>\n<meta property=\"og:site_name\" content=\"Universo Subaru\" \/>\n<meta property=\"article:publisher\" content=\"https:\/\/www.facebook.com\/subaruespana\" \/>\n<meta property=\"article:published_time\" content=\"2016-05-06T11:38:32+00:00\" \/>\n<meta property=\"article:modified_time\" content=\"2016-11-07T11:00:26+00:00\" \/>\n<meta property=\"og:image\" content=\"https:\/\/www.subaru.es\/blog\/wp-content\/uploads\/2016\/05\/Subaru-Outback-Fan\u00e1ticos-ok-e1462526971907.jpg\" \/>\n\t<meta property=\"og:image:width\" content=\"640\" \/>\n\t<meta property=\"og:image:height\" content=\"358\" \/>\n\t<meta property=\"og:image:type\" content=\"image\/jpeg\" \/>\n<meta name=\"author\" content=\"Subaru\" \/>\n<meta name=\"twitter:card\" content=\"summary_large_image\" \/>\n<meta name=\"twitter:label1\" content=\"Escrito por\" \/>\n\t<meta name=\"twitter:data1\" content=\"Subaru\" \/>\n\t<meta name=\"twitter:label2\" content=\"Tiempo de lectura\" \/>\n\t<meta name=\"twitter:data2\" content=\"5 minutos\" \/>\n<script type=\"application\/ld+json\" class=\"yoast-schema-graph\">{\"@context\":\"https:\\\/\\\/schema.org\",\"@graph\":[{\"@type\":\"Article\",\"@id\":\"https:\\\/\\\/www.subaru.es\\\/blog\\\/nuestra-marca\\\/crees-que-los-videos-mas-vistos-son-tambien-los-mejores\\\/#article\",\"isPartOf\":{\"@id\":\"https:\\\/\\\/www.subaru.es\\\/blog\\\/nuestra-marca\\\/crees-que-los-videos-mas-vistos-son-tambien-los-mejores\\\/\"},\"author\":{\"name\":\"Subaru\",\"@id\":\"https:\\\/\\\/www.subaru.es\\\/blog\\\/#\\\/schema\\\/person\\\/19a90b892230b8e0ec752704ddf4aa10\"},\"headline\":\"\u00bfCrees que los v\u00eddeos m\u00e1s vistos son tambi\u00e9n los mejores?\",\"datePublished\":\"2016-05-06T11:38:32+00:00\",\"dateModified\":\"2016-11-07T11:00:26+00:00\",\"mainEntityOfPage\":{\"@id\":\"https:\\\/\\\/www.subaru.es\\\/blog\\\/nuestra-marca\\\/crees-que-los-videos-mas-vistos-son-tambien-los-mejores\\\/\"},\"wordCount\":1070,\"commentCount\":8,\"publisher\":{\"@id\":\"https:\\\/\\\/www.subaru.es\\\/blog\\\/#organization\"},\"image\":{\"@id\":\"https:\\\/\\\/www.subaru.es\\\/blog\\\/nuestra-marca\\\/crees-que-los-videos-mas-vistos-son-tambien-los-mejores\\\/#primaryimage\"},\"thumbnailUrl\":\"https:\\\/\\\/www.subaru.es\\\/blog\\\/wp-content\\\/uploads\\\/2016\\\/05\\\/Subaru-Outback-Fan\u00e1ticos-ok-e1462526971907.jpg\",\"keywords\":[\"seguridad\",\"subaru forester\",\"subaru outback\",\"tecnolog\u00eda\",\"v\u00eddeo\",\"videos subaru\"],\"articleSection\":[\"Nuestra marca\"],\"inLanguage\":\"es\",\"potentialAction\":[{\"@type\":\"CommentAction\",\"name\":\"Comment\",\"target\":[\"https:\\\/\\\/www.subaru.es\\\/blog\\\/nuestra-marca\\\/crees-que-los-videos-mas-vistos-son-tambien-los-mejores\\\/#respond\"]}]},{\"@type\":\"WebPage\",\"@id\":\"https:\\\/\\\/www.subaru.es\\\/blog\\\/nuestra-marca\\\/crees-que-los-videos-mas-vistos-son-tambien-los-mejores\\\/\",\"url\":\"https:\\\/\\\/www.subaru.es\\\/blog\\\/nuestra-marca\\\/crees-que-los-videos-mas-vistos-son-tambien-los-mejores\\\/\",\"name\":\"\u00bfCrees que los v\u00eddeos m\u00e1s vistos son tambi\u00e9n los mejores? - Universo Subaru\",\"isPartOf\":{\"@id\":\"https:\\\/\\\/www.subaru.es\\\/blog\\\/#website\"},\"primaryImageOfPage\":{\"@id\":\"https:\\\/\\\/www.subaru.es\\\/blog\\\/nuestra-marca\\\/crees-que-los-videos-mas-vistos-son-tambien-los-mejores\\\/#primaryimage\"},\"image\":{\"@id\":\"https:\\\/\\\/www.subaru.es\\\/blog\\\/nuestra-marca\\\/crees-que-los-videos-mas-vistos-son-tambien-los-mejores\\\/#primaryimage\"},\"thumbnailUrl\":\"https:\\\/\\\/www.subaru.es\\\/blog\\\/wp-content\\\/uploads\\\/2016\\\/05\\\/Subaru-Outback-Fan\u00e1ticos-ok-e1462526971907.jpg\",\"datePublished\":\"2016-05-06T11:38:32+00:00\",\"dateModified\":\"2016-11-07T11:00:26+00:00\",\"breadcrumb\":{\"@id\":\"https:\\\/\\\/www.subaru.es\\\/blog\\\/nuestra-marca\\\/crees-que-los-videos-mas-vistos-son-tambien-los-mejores\\\/#breadcrumb\"},\"inLanguage\":\"es\",\"potentialAction\":[{\"@type\":\"ReadAction\",\"target\":[\"https:\\\/\\\/www.subaru.es\\\/blog\\\/nuestra-marca\\\/crees-que-los-videos-mas-vistos-son-tambien-los-mejores\\\/\"]}]},{\"@type\":\"ImageObject\",\"inLanguage\":\"es\",\"@id\":\"https:\\\/\\\/www.subaru.es\\\/blog\\\/nuestra-marca\\\/crees-que-los-videos-mas-vistos-son-tambien-los-mejores\\\/#primaryimage\",\"url\":\"https:\\\/\\\/www.subaru.es\\\/blog\\\/wp-content\\\/uploads\\\/2016\\\/05\\\/Subaru-Outback-Fan\u00e1ticos-ok-e1462526971907.jpg\",\"contentUrl\":\"https:\\\/\\\/www.subaru.es\\\/blog\\\/wp-content\\\/uploads\\\/2016\\\/05\\\/Subaru-Outback-Fan\u00e1ticos-ok-e1462526971907.jpg\",\"width\":640,\"height\":358},{\"@type\":\"BreadcrumbList\",\"@id\":\"https:\\\/\\\/www.subaru.es\\\/blog\\\/nuestra-marca\\\/crees-que-los-videos-mas-vistos-son-tambien-los-mejores\\\/#breadcrumb\",\"itemListElement\":[{\"@type\":\"ListItem\",\"position\":1,\"name\":\"Portada\",\"item\":\"https:\\\/\\\/www.subaru.es\\\/blog\\\/\"},{\"@type\":\"ListItem\",\"position\":2,\"name\":\"\u00bfCrees que los v\u00eddeos m\u00e1s vistos son tambi\u00e9n los mejores?\"}]},{\"@type\":\"WebSite\",\"@id\":\"https:\\\/\\\/www.subaru.es\\\/blog\\\/#website\",\"url\":\"https:\\\/\\\/www.subaru.es\\\/blog\\\/\",\"name\":\"Universo Subaru\",\"description\":\"Descubre este apasionante espacio de Subaru donde vas a conocer todo sobre nuestros coches y las experiencias que vivimos con ellos. Si est\u00e1s preparado para dejarte seducir por la filosof\u00eda Subaru, qu\u00e9date con nosotros.\",\"publisher\":{\"@id\":\"https:\\\/\\\/www.subaru.es\\\/blog\\\/#organization\"},\"potentialAction\":[{\"@type\":\"SearchAction\",\"target\":{\"@type\":\"EntryPoint\",\"urlTemplate\":\"https:\\\/\\\/www.subaru.es\\\/blog\\\/?s={search_term_string}\"},\"query-input\":{\"@type\":\"PropertyValueSpecification\",\"valueRequired\":true,\"valueName\":\"search_term_string\"}}],\"inLanguage\":\"es\"},{\"@type\":\"Organization\",\"@id\":\"https:\\\/\\\/www.subaru.es\\\/blog\\\/#organization\",\"name\":\"Subaru Espa\u00f1a S.A.\",\"url\":\"https:\\\/\\\/www.subaru.es\\\/blog\\\/\",\"logo\":{\"@type\":\"ImageObject\",\"inLanguage\":\"es\",\"@id\":\"https:\\\/\\\/www.subaru.es\\\/blog\\\/#\\\/schema\\\/logo\\\/image\\\/\",\"url\":\"https:\\\/\\\/www.subaru.es\\\/blog\\\/wp-content\\\/uploads\\\/2016\\\/12\\\/Logo-Subaru-TypeV_C300-scaled.jpg\",\"contentUrl\":\"https:\\\/\\\/www.subaru.es\\\/blog\\\/wp-content\\\/uploads\\\/2016\\\/12\\\/Logo-Subaru-TypeV_C300-scaled.jpg\",\"width\":2560,\"height\":1864,\"caption\":\"Subaru Espa\u00f1a S.A.\"},\"image\":{\"@id\":\"https:\\\/\\\/www.subaru.es\\\/blog\\\/#\\\/schema\\\/logo\\\/image\\\/\"},\"sameAs\":[\"https:\\\/\\\/www.facebook.com\\\/subaruespana\",\"https:\\\/\\\/www.instagram.com\\\/subarues\\\/\",\"https:\\\/\\\/www.youtube.com\\\/user\\\/subaruespana\"]},{\"@type\":\"Person\",\"@id\":\"https:\\\/\\\/www.subaru.es\\\/blog\\\/#\\\/schema\\\/person\\\/19a90b892230b8e0ec752704ddf4aa10\",\"name\":\"Subaru\",\"url\":\"https:\\\/\\\/www.subaru.es\\\/blog\\\/author\\\/subaria\\\/\"}]}<\/script>\n<!-- \/ Yoast SEO plugin. -->","yoast_head_json":{"title":"\u00bfCrees que los v\u00eddeos m\u00e1s vistos son tambi\u00e9n los mejores? - Universo Subaru","robots":{"index":"index","follow":"follow","max-snippet":"max-snippet:-1","max-image-preview":"max-image-preview:large","max-video-preview":"max-video-preview:-1"},"canonical":"https:\/\/www.subaru.es\/blog\/nuestra-marca\/crees-que-los-videos-mas-vistos-son-tambien-los-mejores\/","og_locale":"es_ES","og_type":"article","og_title":"\u00bfCrees que los v\u00eddeos m\u00e1s vistos son tambi\u00e9n los mejores? - Universo Subaru","og_description":"Hemos localizado los seis v\u00eddeos m\u00e1s vistos del Canal Youtube de Subaru Espa\u00f1a para compartirlos con vosotros y saber si, adem\u00e1s de ser los m\u00e1s vistos, pens\u00e1is que son realmente los mejores... A veces lo m\u00e1s visto no es lo mejor, as\u00ed que os proponemos que nos deis vuestra opini\u00f3n. Tambi\u00e9n hemos seleccionados v\u00eddeos internacionales de Subaru que no os deb\u00e9is perder. Esperamos vuestros comentarios m\u00e1s abajo en respuesta a este mismo post o en el correo electr\u00f3nico info@subaru.es.","og_url":"https:\/\/www.subaru.es\/blog\/nuestra-marca\/crees-que-los-videos-mas-vistos-son-tambien-los-mejores\/","og_site_name":"Universo Subaru","article_publisher":"https:\/\/www.facebook.com\/subaruespana","article_published_time":"2016-05-06T11:38:32+00:00","article_modified_time":"2016-11-07T11:00:26+00:00","og_image":[{"width":640,"height":358,"url":"https:\/\/www.subaru.es\/blog\/wp-content\/uploads\/2016\/05\/Subaru-Outback-Fan\u00e1ticos-ok-e1462526971907.jpg","type":"image\/jpeg"}],"author":"Subaru","twitter_card":"summary_large_image","twitter_misc":{"Escrito por":"Subaru","Tiempo de lectura":"5 minutos"},"schema":{"@context":"https:\/\/schema.org","@graph":[{"@type":"Article","@id":"https:\/\/www.subaru.es\/blog\/nuestra-marca\/crees-que-los-videos-mas-vistos-son-tambien-los-mejores\/#article","isPartOf":{"@id":"https:\/\/www.subaru.es\/blog\/nuestra-marca\/crees-que-los-videos-mas-vistos-son-tambien-los-mejores\/"},"author":{"name":"Subaru","@id":"https:\/\/www.subaru.es\/blog\/#\/schema\/person\/19a90b892230b8e0ec752704ddf4aa10"},"headline":"\u00bfCrees que los v\u00eddeos m\u00e1s vistos son tambi\u00e9n los mejores?","datePublished":"2016-05-06T11:38:32+00:00","dateModified":"2016-11-07T11:00:26+00:00","mainEntityOfPage":{"@id":"https:\/\/www.subaru.es\/blog\/nuestra-marca\/crees-que-los-videos-mas-vistos-son-tambien-los-mejores\/"},"wordCount":1070,"commentCount":8,"publisher":{"@id":"https:\/\/www.subaru.es\/blog\/#organization"},"image":{"@id":"https:\/\/www.subaru.es\/blog\/nuestra-marca\/crees-que-los-videos-mas-vistos-son-tambien-los-mejores\/#primaryimage"},"thumbnailUrl":"https:\/\/www.subaru.es\/blog\/wp-content\/uploads\/2016\/05\/Subaru-Outback-Fan\u00e1ticos-ok-e1462526971907.jpg","keywords":["seguridad","subaru forester","subaru outback","tecnolog\u00eda","v\u00eddeo","videos subaru"],"articleSection":["Nuestra marca"],"inLanguage":"es","potentialAction":[{"@type":"CommentAction","name":"Comment","target":["https:\/\/www.subaru.es\/blog\/nuestra-marca\/crees-que-los-videos-mas-vistos-son-tambien-los-mejores\/#respond"]}]},{"@type":"WebPage","@id":"https:\/\/www.subaru.es\/blog\/nuestra-marca\/crees-que-los-videos-mas-vistos-son-tambien-los-mejores\/","url":"https:\/\/www.subaru.es\/blog\/nuestra-marca\/crees-que-los-videos-mas-vistos-son-tambien-los-mejores\/","name":"\u00bfCrees que los v\u00eddeos m\u00e1s vistos son tambi\u00e9n los mejores? - Universo Subaru","isPartOf":{"@id":"https:\/\/www.subaru.es\/blog\/#website"},"primaryImageOfPage":{"@id":"https:\/\/www.subaru.es\/blog\/nuestra-marca\/crees-que-los-videos-mas-vistos-son-tambien-los-mejores\/#primaryimage"},"image":{"@id":"https:\/\/www.subaru.es\/blog\/nuestra-marca\/crees-que-los-videos-mas-vistos-son-tambien-los-mejores\/#primaryimage"},"thumbnailUrl":"https:\/\/www.subaru.es\/blog\/wp-content\/uploads\/2016\/05\/Subaru-Outback-Fan\u00e1ticos-ok-e1462526971907.jpg","datePublished":"2016-05-06T11:38:32+00:00","dateModified":"2016-11-07T11:00:26+00:00","breadcrumb":{"@id":"https:\/\/www.subaru.es\/blog\/nuestra-marca\/crees-que-los-videos-mas-vistos-son-tambien-los-mejores\/#breadcrumb"},"inLanguage":"es","potentialAction":[{"@type":"ReadAction","target":["https:\/\/www.subaru.es\/blog\/nuestra-marca\/crees-que-los-videos-mas-vistos-son-tambien-los-mejores\/"]}]},{"@type":"ImageObject","inLanguage":"es","@id":"https:\/\/www.subaru.es\/blog\/nuestra-marca\/crees-que-los-videos-mas-vistos-son-tambien-los-mejores\/#primaryimage","url":"https:\/\/www.subaru.es\/blog\/wp-content\/uploads\/2016\/05\/Subaru-Outback-Fan\u00e1ticos-ok-e1462526971907.jpg","contentUrl":"https:\/\/www.subaru.es\/blog\/wp-content\/uploads\/2016\/05\/Subaru-Outback-Fan\u00e1ticos-ok-e1462526971907.jpg","width":640,"height":358},{"@type":"BreadcrumbList","@id":"https:\/\/www.subaru.es\/blog\/nuestra-marca\/crees-que-los-videos-mas-vistos-son-tambien-los-mejores\/#breadcrumb","itemListElement":[{"@type":"ListItem","position":1,"name":"Portada","item":"https:\/\/www.subaru.es\/blog\/"},{"@type":"ListItem","position":2,"name":"\u00bfCrees que los v\u00eddeos m\u00e1s vistos son tambi\u00e9n los mejores?"}]},{"@type":"WebSite","@id":"https:\/\/www.subaru.es\/blog\/#website","url":"https:\/\/www.subaru.es\/blog\/","name":"Universo Subaru","description":"Descubre este apasionante espacio de Subaru donde vas a conocer todo sobre nuestros coches y las experiencias que vivimos con ellos. Si est\u00e1s preparado para dejarte seducir por la filosof\u00eda Subaru, qu\u00e9date con nosotros.","publisher":{"@id":"https:\/\/www.subaru.es\/blog\/#organization"},"potentialAction":[{"@type":"SearchAction","target":{"@type":"EntryPoint","urlTemplate":"https:\/\/www.subaru.es\/blog\/?s={search_term_string}"},"query-input":{"@type":"PropertyValueSpecification","valueRequired":true,"valueName":"search_term_string"}}],"inLanguage":"es"},{"@type":"Organization","@id":"https:\/\/www.subaru.es\/blog\/#organization","name":"Subaru Espa\u00f1a S.A.","url":"https:\/\/www.subaru.es\/blog\/","logo":{"@type":"ImageObject","inLanguage":"es","@id":"https:\/\/www.subaru.es\/blog\/#\/schema\/logo\/image\/","url":"https:\/\/www.subaru.es\/blog\/wp-content\/uploads\/2016\/12\/Logo-Subaru-TypeV_C300-scaled.jpg","contentUrl":"https:\/\/www.subaru.es\/blog\/wp-content\/uploads\/2016\/12\/Logo-Subaru-TypeV_C300-scaled.jpg","width":2560,"height":1864,"caption":"Subaru Espa\u00f1a S.A."},"image":{"@id":"https:\/\/www.subaru.es\/blog\/#\/schema\/logo\/image\/"},"sameAs":["https:\/\/www.facebook.com\/subaruespana","https:\/\/www.instagram.com\/subarues\/","https:\/\/www.youtube.com\/user\/subaruespana"]},{"@type":"Person","@id":"https:\/\/www.subaru.es\/blog\/#\/schema\/person\/19a90b892230b8e0ec752704ddf4aa10","name":"Subaru","url":"https:\/\/www.subaru.es\/blog\/author\/subaria\/"}]}},"_links":{"self":[{"href":"https:\/\/www.subaru.es\/blog\/wp-json\/wp\/v2\/posts\/11861","targetHints":{"allow":["GET"]}}],"collection":[{"href":"https:\/\/www.subaru.es\/blog\/wp-json\/wp\/v2\/posts"}],"about":[{"href":"https:\/\/www.subaru.es\/blog\/wp-json\/wp\/v2\/types\/post"}],"author":[{"embeddable":true,"href":"https:\/\/www.subaru.es\/blog\/wp-json\/wp\/v2\/users\/21"}],"replies":[{"embeddable":true,"href":"https:\/\/www.subaru.es\/blog\/wp-json\/wp\/v2\/comments?post=11861"}],"version-history":[{"count":2,"href":"https:\/\/www.subaru.es\/blog\/wp-json\/wp\/v2\/posts\/11861\/revisions"}],"predecessor-version":[{"id":16317,"href":"https:\/\/www.subaru.es\/blog\/wp-json\/wp\/v2\/posts\/11861\/revisions\/16317"}],"wp:featuredmedia":[{"embeddable":true,"href":"https:\/\/www.subaru.es\/blog\/wp-json\/wp\/v2\/media\/11862"}],"wp:attachment":[{"href":"https:\/\/www.subaru.es\/blog\/wp-json\/wp\/v2\/media?parent=11861"}],"wp:term":[{"taxonomy":"category","embeddable":true,"href":"https:\/\/www.subaru.es\/blog\/wp-json\/wp\/v2\/categories?post=11861"},{"taxonomy":"post_tag","embeddable":true,"href":"https:\/\/www.subaru.es\/blog\/wp-json\/wp\/v2\/tags?post=11861"}],"curies":[{"name":"wp","href":"https:\/\/api.w.org\/{rel}","templated":true}]}}