{"id":1170,"date":"2008-07-18T09:37:52","date_gmt":"2008-07-18T07:37:52","guid":{"rendered":"http:\/\/subaru.preproduccion.com\/blog\/wp-content\/2008\/07\/18\/exclusiva-habra-subaru-impreza-2008-sedan-fotos-ineditas\/"},"modified":"2016-10-17T15:11:29","modified_gmt":"2016-10-17T13:11:29","slug":"exclusiva-habra-subaru-impreza-2008-sedan-fotos-ineditas","status":"publish","type":"post","link":"https:\/\/www.subaru.es\/blog\/nuestra-marca\/exclusiva-habra-subaru-impreza-2008-sedan-fotos-ineditas\/","title":{"rendered":"EXCLUSIVA: Habr\u00e1 Subaru Impreza 2008 Sedan. FOTOS IN\u00c9DITAS"},"content":{"rendered":"<p>Ya podemos confirmarlo: habr\u00e1 versi\u00f3n Sedan del nuevo Subaru Impreza 2008 <strong>a la venta en Espa\u00f1a<\/strong>. A\u00fan desconocemos la fecha de su salida al mercado, pero hemos conseguido unas <strong>fotos exclusivas<\/strong> del deseado modelo. Los amantes del Sedan pueden estar tranquilos.<\/p>\n<p><center><a href='https:\/\/www.subaru.es\/blog\/wp-content\/uploads\/2008\/07\/subaru-impreza-sedan-2008.jpg' title='Subaru Impreza 2008 Sedan'><img data-src='https:\/\/www.subaru.es\/blog\/wp-content\/uploads\/2008\/07\/subaru-impreza-sedan-2008.jpg' width=480 alt='Subaru Impreza 2008 Sedan' src='data:image\/svg+xml;base64,PHN2ZyB3aWR0aD0iMSIgaGVpZ2h0PSIxIiB4bWxucz0iaHR0cDovL3d3dy53My5vcmcvMjAwMC9zdmciPjwvc3ZnPg==' class='lazyload' style='--smush-placeholder-width: 2048px; --smush-placeholder-aspect-ratio: 2048\/1536;' \/><\/a><\/center><center><a href='https:\/\/www.subaru.es\/blog\/wp-content\/uploads\/2008\/07\/subaru-impreza-2008-sedan.jpg' title='Subaru Impreza Sedan 2008'><img data-src='https:\/\/www.subaru.es\/blog\/wp-content\/uploads\/2008\/07\/subaru-impreza-2008-sedan.jpg' width=480 alt='Subaru Impreza Sedan 2008' src='data:image\/svg+xml;base64,PHN2ZyB3aWR0aD0iMSIgaGVpZ2h0PSIxIiB4bWxucz0iaHR0cDovL3d3dy53My5vcmcvMjAwMC9zdmciPjwvc3ZnPg==' class='lazyload' style='--smush-placeholder-width: 2048px; --smush-placeholder-aspect-ratio: 2048\/1536;' \/><\/a><\/center><\/p>\n<p>Os mantendremos informados de todas las novedades que lleguen a nuestros o\u00eddos sobre la salida del nuevo, ahora s\u00ed oficialmente, <strong>Subaru Impreza Sedan 2008<\/strong>.<\/p>\n","protected":false},"excerpt":{"rendered":"<p>Ya podemos confirmarlo: habr\u00e1 versi\u00f3n Sedan del nuevo Subaru Impreza 2008 a la venta en Espa\u00f1a. A\u00fan desconocemos la fecha de su salida al mercado, pero hemos conseguido unas fotos exclusivas del deseado modelo. Los amantes del Sedan pueden estar tranquilos. Os mantendremos informados de todas las novedades que lleguen a nuestros o\u00eddos sobre la [&hellip;]<\/p>\n","protected":false},"author":21,"featured_media":1178,"comment_status":"open","ping_status":"open","sticky":false,"template":"","format":"standard","meta":{"_acf_changed":false,"_eb_attr":"","inline_featured_image":false,"footnotes":""},"categories":[4401],"tags":[275,968,966,967],"class_list":["post-1170","post","type-post","status-publish","format-standard","has-post-thumbnail","hentry","category-nuestra-marca","tag-exclusiva","tag-impreza-2008-sedan","tag-subaru-impreza-sedan","tag-subaru-impreza-sedan-2008"],"acf":[],"yoast_head":"<!-- This site is optimized with the Yoast SEO plugin v27.3 - https:\/\/yoast.com\/product\/yoast-seo-wordpress\/ -->\n<title>EXCLUSIVA: Habr\u00e1 Subaru Impreza 2008 Sedan. FOTOS IN\u00c9DITAS - Universo Subaru<\/title>\n<meta name=\"robots\" content=\"index, follow, max-snippet:-1, max-image-preview:large, max-video-preview:-1\" \/>\n<link rel=\"canonical\" href=\"https:\/\/www.subaru.es\/blog\/nuestra-marca\/exclusiva-habra-subaru-impreza-2008-sedan-fotos-ineditas\/\" \/>\n<meta property=\"og:locale\" content=\"es_ES\" \/>\n<meta property=\"og:type\" content=\"article\" \/>\n<meta property=\"og:title\" content=\"EXCLUSIVA: Habr\u00e1 Subaru Impreza 2008 Sedan. FOTOS IN\u00c9DITAS - Universo Subaru\" \/>\n<meta property=\"og:description\" content=\"Ya podemos confirmarlo: habr\u00e1 versi\u00f3n Sedan del nuevo Subaru Impreza 2008 a la venta en Espa\u00f1a. A\u00fan desconocemos la fecha de su salida al mercado, pero hemos conseguido unas fotos exclusivas del deseado modelo. Los amantes del Sedan pueden estar tranquilos. Os mantendremos informados de todas las novedades que lleguen a nuestros o\u00eddos sobre la [&hellip;]\" \/>\n<meta property=\"og:url\" content=\"https:\/\/www.subaru.es\/blog\/nuestra-marca\/exclusiva-habra-subaru-impreza-2008-sedan-fotos-ineditas\/\" \/>\n<meta property=\"og:site_name\" content=\"Universo Subaru\" \/>\n<meta property=\"article:publisher\" content=\"https:\/\/www.facebook.com\/subaruespana\" \/>\n<meta property=\"article:published_time\" content=\"2008-07-18T07:37:52+00:00\" \/>\n<meta property=\"article:modified_time\" content=\"2016-10-17T13:11:29+00:00\" \/>\n<meta property=\"og:image\" content=\"https:\/\/www.subaru.es\/blog\/wp-content\/uploads\/2008\/07\/subaru-impreza-2008-sedan.jpg\" \/>\n\t<meta property=\"og:image:width\" content=\"2048\" \/>\n\t<meta property=\"og:image:height\" content=\"1536\" \/>\n\t<meta property=\"og:image:type\" content=\"image\/jpeg\" \/>\n<meta name=\"author\" content=\"Subaru\" \/>\n<meta name=\"twitter:card\" content=\"summary_large_image\" \/>\n<meta name=\"twitter:label1\" content=\"Escrito por\" \/>\n\t<meta name=\"twitter:data1\" content=\"Subaru\" \/>\n<script type=\"application\/ld+json\" class=\"yoast-schema-graph\">{\"@context\":\"https:\\\/\\\/schema.org\",\"@graph\":[{\"@type\":\"Article\",\"@id\":\"https:\\\/\\\/www.subaru.es\\\/blog\\\/nuestra-marca\\\/exclusiva-habra-subaru-impreza-2008-sedan-fotos-ineditas\\\/#article\",\"isPartOf\":{\"@id\":\"https:\\\/\\\/www.subaru.es\\\/blog\\\/nuestra-marca\\\/exclusiva-habra-subaru-impreza-2008-sedan-fotos-ineditas\\\/\"},\"author\":{\"name\":\"Subaru\",\"@id\":\"https:\\\/\\\/www.subaru.es\\\/blog\\\/#\\\/schema\\\/person\\\/19a90b892230b8e0ec752704ddf4aa10\"},\"headline\":\"EXCLUSIVA: Habr\u00e1 Subaru Impreza 2008 Sedan. FOTOS IN\u00c9DITAS\",\"datePublished\":\"2008-07-18T07:37:52+00:00\",\"dateModified\":\"2016-10-17T13:11:29+00:00\",\"mainEntityOfPage\":{\"@id\":\"https:\\\/\\\/www.subaru.es\\\/blog\\\/nuestra-marca\\\/exclusiva-habra-subaru-impreza-2008-sedan-fotos-ineditas\\\/\"},\"wordCount\":75,\"commentCount\":14,\"publisher\":{\"@id\":\"https:\\\/\\\/www.subaru.es\\\/blog\\\/#organization\"},\"image\":{\"@id\":\"https:\\\/\\\/www.subaru.es\\\/blog\\\/nuestra-marca\\\/exclusiva-habra-subaru-impreza-2008-sedan-fotos-ineditas\\\/#primaryimage\"},\"thumbnailUrl\":\"https:\\\/\\\/www.subaru.es\\\/blog\\\/wp-content\\\/uploads\\\/2008\\\/07\\\/subaru-impreza-2008-sedan.jpg\",\"keywords\":[\"exclusiva\",\"impreza 2008 sedan\",\"subaru impreza sedan\",\"subaru impreza sedan 2008\"],\"articleSection\":[\"Nuestra marca\"],\"inLanguage\":\"es\",\"potentialAction\":[{\"@type\":\"CommentAction\",\"name\":\"Comment\",\"target\":[\"https:\\\/\\\/www.subaru.es\\\/blog\\\/nuestra-marca\\\/exclusiva-habra-subaru-impreza-2008-sedan-fotos-ineditas\\\/#respond\"]}]},{\"@type\":\"WebPage\",\"@id\":\"https:\\\/\\\/www.subaru.es\\\/blog\\\/nuestra-marca\\\/exclusiva-habra-subaru-impreza-2008-sedan-fotos-ineditas\\\/\",\"url\":\"https:\\\/\\\/www.subaru.es\\\/blog\\\/nuestra-marca\\\/exclusiva-habra-subaru-impreza-2008-sedan-fotos-ineditas\\\/\",\"name\":\"EXCLUSIVA: Habr\u00e1 Subaru Impreza 2008 Sedan. FOTOS IN\u00c9DITAS - Universo Subaru\",\"isPartOf\":{\"@id\":\"https:\\\/\\\/www.subaru.es\\\/blog\\\/#website\"},\"primaryImageOfPage\":{\"@id\":\"https:\\\/\\\/www.subaru.es\\\/blog\\\/nuestra-marca\\\/exclusiva-habra-subaru-impreza-2008-sedan-fotos-ineditas\\\/#primaryimage\"},\"image\":{\"@id\":\"https:\\\/\\\/www.subaru.es\\\/blog\\\/nuestra-marca\\\/exclusiva-habra-subaru-impreza-2008-sedan-fotos-ineditas\\\/#primaryimage\"},\"thumbnailUrl\":\"https:\\\/\\\/www.subaru.es\\\/blog\\\/wp-content\\\/uploads\\\/2008\\\/07\\\/subaru-impreza-2008-sedan.jpg\",\"datePublished\":\"2008-07-18T07:37:52+00:00\",\"dateModified\":\"2016-10-17T13:11:29+00:00\",\"breadcrumb\":{\"@id\":\"https:\\\/\\\/www.subaru.es\\\/blog\\\/nuestra-marca\\\/exclusiva-habra-subaru-impreza-2008-sedan-fotos-ineditas\\\/#breadcrumb\"},\"inLanguage\":\"es\",\"potentialAction\":[{\"@type\":\"ReadAction\",\"target\":[\"https:\\\/\\\/www.subaru.es\\\/blog\\\/nuestra-marca\\\/exclusiva-habra-subaru-impreza-2008-sedan-fotos-ineditas\\\/\"]}]},{\"@type\":\"ImageObject\",\"inLanguage\":\"es\",\"@id\":\"https:\\\/\\\/www.subaru.es\\\/blog\\\/nuestra-marca\\\/exclusiva-habra-subaru-impreza-2008-sedan-fotos-ineditas\\\/#primaryimage\",\"url\":\"https:\\\/\\\/www.subaru.es\\\/blog\\\/wp-content\\\/uploads\\\/2008\\\/07\\\/subaru-impreza-2008-sedan.jpg\",\"contentUrl\":\"https:\\\/\\\/www.subaru.es\\\/blog\\\/wp-content\\\/uploads\\\/2008\\\/07\\\/subaru-impreza-2008-sedan.jpg\",\"width\":2048,\"height\":1536},{\"@type\":\"BreadcrumbList\",\"@id\":\"https:\\\/\\\/www.subaru.es\\\/blog\\\/nuestra-marca\\\/exclusiva-habra-subaru-impreza-2008-sedan-fotos-ineditas\\\/#breadcrumb\",\"itemListElement\":[{\"@type\":\"ListItem\",\"position\":1,\"name\":\"Portada\",\"item\":\"https:\\\/\\\/www.subaru.es\\\/blog\\\/\"},{\"@type\":\"ListItem\",\"position\":2,\"name\":\"EXCLUSIVA: Habr\u00e1 Subaru Impreza 2008 Sedan. FOTOS IN\u00c9DITAS\"}]},{\"@type\":\"WebSite\",\"@id\":\"https:\\\/\\\/www.subaru.es\\\/blog\\\/#website\",\"url\":\"https:\\\/\\\/www.subaru.es\\\/blog\\\/\",\"name\":\"Universo Subaru\",\"description\":\"Descubre este apasionante espacio de Subaru donde vas a conocer todo sobre nuestros coches y las experiencias que vivimos con ellos. Si est\u00e1s preparado para dejarte seducir por la filosof\u00eda Subaru, qu\u00e9date con nosotros.\",\"publisher\":{\"@id\":\"https:\\\/\\\/www.subaru.es\\\/blog\\\/#organization\"},\"potentialAction\":[{\"@type\":\"SearchAction\",\"target\":{\"@type\":\"EntryPoint\",\"urlTemplate\":\"https:\\\/\\\/www.subaru.es\\\/blog\\\/?s={search_term_string}\"},\"query-input\":{\"@type\":\"PropertyValueSpecification\",\"valueRequired\":true,\"valueName\":\"search_term_string\"}}],\"inLanguage\":\"es\"},{\"@type\":\"Organization\",\"@id\":\"https:\\\/\\\/www.subaru.es\\\/blog\\\/#organization\",\"name\":\"Subaru Espa\u00f1a S.A.\",\"url\":\"https:\\\/\\\/www.subaru.es\\\/blog\\\/\",\"logo\":{\"@type\":\"ImageObject\",\"inLanguage\":\"es\",\"@id\":\"https:\\\/\\\/www.subaru.es\\\/blog\\\/#\\\/schema\\\/logo\\\/image\\\/\",\"url\":\"https:\\\/\\\/www.subaru.es\\\/blog\\\/wp-content\\\/uploads\\\/2016\\\/12\\\/Logo-Subaru-TypeV_C300-scaled.jpg\",\"contentUrl\":\"https:\\\/\\\/www.subaru.es\\\/blog\\\/wp-content\\\/uploads\\\/2016\\\/12\\\/Logo-Subaru-TypeV_C300-scaled.jpg\",\"width\":2560,\"height\":1864,\"caption\":\"Subaru Espa\u00f1a S.A.\"},\"image\":{\"@id\":\"https:\\\/\\\/www.subaru.es\\\/blog\\\/#\\\/schema\\\/logo\\\/image\\\/\"},\"sameAs\":[\"https:\\\/\\\/www.facebook.com\\\/subaruespana\",\"https:\\\/\\\/www.instagram.com\\\/subarues\\\/\",\"https:\\\/\\\/www.youtube.com\\\/user\\\/subaruespana\"]},{\"@type\":\"Person\",\"@id\":\"https:\\\/\\\/www.subaru.es\\\/blog\\\/#\\\/schema\\\/person\\\/19a90b892230b8e0ec752704ddf4aa10\",\"name\":\"Subaru\",\"url\":\"https:\\\/\\\/www.subaru.es\\\/blog\\\/author\\\/subaria\\\/\"}]}<\/script>\n<!-- \/ Yoast SEO plugin. -->","yoast_head_json":{"title":"EXCLUSIVA: Habr\u00e1 Subaru Impreza 2008 Sedan. FOTOS IN\u00c9DITAS - Universo Subaru","robots":{"index":"index","follow":"follow","max-snippet":"max-snippet:-1","max-image-preview":"max-image-preview:large","max-video-preview":"max-video-preview:-1"},"canonical":"https:\/\/www.subaru.es\/blog\/nuestra-marca\/exclusiva-habra-subaru-impreza-2008-sedan-fotos-ineditas\/","og_locale":"es_ES","og_type":"article","og_title":"EXCLUSIVA: Habr\u00e1 Subaru Impreza 2008 Sedan. FOTOS IN\u00c9DITAS - Universo Subaru","og_description":"Ya podemos confirmarlo: habr\u00e1 versi\u00f3n Sedan del nuevo Subaru Impreza 2008 a la venta en Espa\u00f1a. A\u00fan desconocemos la fecha de su salida al mercado, pero hemos conseguido unas fotos exclusivas del deseado modelo. Los amantes del Sedan pueden estar tranquilos. Os mantendremos informados de todas las novedades que lleguen a nuestros o\u00eddos sobre la [&hellip;]","og_url":"https:\/\/www.subaru.es\/blog\/nuestra-marca\/exclusiva-habra-subaru-impreza-2008-sedan-fotos-ineditas\/","og_site_name":"Universo Subaru","article_publisher":"https:\/\/www.facebook.com\/subaruespana","article_published_time":"2008-07-18T07:37:52+00:00","article_modified_time":"2016-10-17T13:11:29+00:00","og_image":[{"width":2048,"height":1536,"url":"https:\/\/www.subaru.es\/blog\/wp-content\/uploads\/2008\/07\/subaru-impreza-2008-sedan.jpg","type":"image\/jpeg"}],"author":"Subaru","twitter_card":"summary_large_image","twitter_misc":{"Escrito por":"Subaru"},"schema":{"@context":"https:\/\/schema.org","@graph":[{"@type":"Article","@id":"https:\/\/www.subaru.es\/blog\/nuestra-marca\/exclusiva-habra-subaru-impreza-2008-sedan-fotos-ineditas\/#article","isPartOf":{"@id":"https:\/\/www.subaru.es\/blog\/nuestra-marca\/exclusiva-habra-subaru-impreza-2008-sedan-fotos-ineditas\/"},"author":{"name":"Subaru","@id":"https:\/\/www.subaru.es\/blog\/#\/schema\/person\/19a90b892230b8e0ec752704ddf4aa10"},"headline":"EXCLUSIVA: Habr\u00e1 Subaru Impreza 2008 Sedan. FOTOS IN\u00c9DITAS","datePublished":"2008-07-18T07:37:52+00:00","dateModified":"2016-10-17T13:11:29+00:00","mainEntityOfPage":{"@id":"https:\/\/www.subaru.es\/blog\/nuestra-marca\/exclusiva-habra-subaru-impreza-2008-sedan-fotos-ineditas\/"},"wordCount":75,"commentCount":14,"publisher":{"@id":"https:\/\/www.subaru.es\/blog\/#organization"},"image":{"@id":"https:\/\/www.subaru.es\/blog\/nuestra-marca\/exclusiva-habra-subaru-impreza-2008-sedan-fotos-ineditas\/#primaryimage"},"thumbnailUrl":"https:\/\/www.subaru.es\/blog\/wp-content\/uploads\/2008\/07\/subaru-impreza-2008-sedan.jpg","keywords":["exclusiva","impreza 2008 sedan","subaru impreza sedan","subaru impreza sedan 2008"],"articleSection":["Nuestra marca"],"inLanguage":"es","potentialAction":[{"@type":"CommentAction","name":"Comment","target":["https:\/\/www.subaru.es\/blog\/nuestra-marca\/exclusiva-habra-subaru-impreza-2008-sedan-fotos-ineditas\/#respond"]}]},{"@type":"WebPage","@id":"https:\/\/www.subaru.es\/blog\/nuestra-marca\/exclusiva-habra-subaru-impreza-2008-sedan-fotos-ineditas\/","url":"https:\/\/www.subaru.es\/blog\/nuestra-marca\/exclusiva-habra-subaru-impreza-2008-sedan-fotos-ineditas\/","name":"EXCLUSIVA: Habr\u00e1 Subaru Impreza 2008 Sedan. FOTOS IN\u00c9DITAS - Universo Subaru","isPartOf":{"@id":"https:\/\/www.subaru.es\/blog\/#website"},"primaryImageOfPage":{"@id":"https:\/\/www.subaru.es\/blog\/nuestra-marca\/exclusiva-habra-subaru-impreza-2008-sedan-fotos-ineditas\/#primaryimage"},"image":{"@id":"https:\/\/www.subaru.es\/blog\/nuestra-marca\/exclusiva-habra-subaru-impreza-2008-sedan-fotos-ineditas\/#primaryimage"},"thumbnailUrl":"https:\/\/www.subaru.es\/blog\/wp-content\/uploads\/2008\/07\/subaru-impreza-2008-sedan.jpg","datePublished":"2008-07-18T07:37:52+00:00","dateModified":"2016-10-17T13:11:29+00:00","breadcrumb":{"@id":"https:\/\/www.subaru.es\/blog\/nuestra-marca\/exclusiva-habra-subaru-impreza-2008-sedan-fotos-ineditas\/#breadcrumb"},"inLanguage":"es","potentialAction":[{"@type":"ReadAction","target":["https:\/\/www.subaru.es\/blog\/nuestra-marca\/exclusiva-habra-subaru-impreza-2008-sedan-fotos-ineditas\/"]}]},{"@type":"ImageObject","inLanguage":"es","@id":"https:\/\/www.subaru.es\/blog\/nuestra-marca\/exclusiva-habra-subaru-impreza-2008-sedan-fotos-ineditas\/#primaryimage","url":"https:\/\/www.subaru.es\/blog\/wp-content\/uploads\/2008\/07\/subaru-impreza-2008-sedan.jpg","contentUrl":"https:\/\/www.subaru.es\/blog\/wp-content\/uploads\/2008\/07\/subaru-impreza-2008-sedan.jpg","width":2048,"height":1536},{"@type":"BreadcrumbList","@id":"https:\/\/www.subaru.es\/blog\/nuestra-marca\/exclusiva-habra-subaru-impreza-2008-sedan-fotos-ineditas\/#breadcrumb","itemListElement":[{"@type":"ListItem","position":1,"name":"Portada","item":"https:\/\/www.subaru.es\/blog\/"},{"@type":"ListItem","position":2,"name":"EXCLUSIVA: Habr\u00e1 Subaru Impreza 2008 Sedan. FOTOS IN\u00c9DITAS"}]},{"@type":"WebSite","@id":"https:\/\/www.subaru.es\/blog\/#website","url":"https:\/\/www.subaru.es\/blog\/","name":"Universo Subaru","description":"Descubre este apasionante espacio de Subaru donde vas a conocer todo sobre nuestros coches y las experiencias que vivimos con ellos. Si est\u00e1s preparado para dejarte seducir por la filosof\u00eda Subaru, qu\u00e9date con nosotros.","publisher":{"@id":"https:\/\/www.subaru.es\/blog\/#organization"},"potentialAction":[{"@type":"SearchAction","target":{"@type":"EntryPoint","urlTemplate":"https:\/\/www.subaru.es\/blog\/?s={search_term_string}"},"query-input":{"@type":"PropertyValueSpecification","valueRequired":true,"valueName":"search_term_string"}}],"inLanguage":"es"},{"@type":"Organization","@id":"https:\/\/www.subaru.es\/blog\/#organization","name":"Subaru Espa\u00f1a S.A.","url":"https:\/\/www.subaru.es\/blog\/","logo":{"@type":"ImageObject","inLanguage":"es","@id":"https:\/\/www.subaru.es\/blog\/#\/schema\/logo\/image\/","url":"https:\/\/www.subaru.es\/blog\/wp-content\/uploads\/2016\/12\/Logo-Subaru-TypeV_C300-scaled.jpg","contentUrl":"https:\/\/www.subaru.es\/blog\/wp-content\/uploads\/2016\/12\/Logo-Subaru-TypeV_C300-scaled.jpg","width":2560,"height":1864,"caption":"Subaru Espa\u00f1a S.A."},"image":{"@id":"https:\/\/www.subaru.es\/blog\/#\/schema\/logo\/image\/"},"sameAs":["https:\/\/www.facebook.com\/subaruespana","https:\/\/www.instagram.com\/subarues\/","https:\/\/www.youtube.com\/user\/subaruespana"]},{"@type":"Person","@id":"https:\/\/www.subaru.es\/blog\/#\/schema\/person\/19a90b892230b8e0ec752704ddf4aa10","name":"Subaru","url":"https:\/\/www.subaru.es\/blog\/author\/subaria\/"}]}},"_links":{"self":[{"href":"https:\/\/www.subaru.es\/blog\/wp-json\/wp\/v2\/posts\/1170","targetHints":{"allow":["GET"]}}],"collection":[{"href":"https:\/\/www.subaru.es\/blog\/wp-json\/wp\/v2\/posts"}],"about":[{"href":"https:\/\/www.subaru.es\/blog\/wp-json\/wp\/v2\/types\/post"}],"author":[{"embeddable":true,"href":"https:\/\/www.subaru.es\/blog\/wp-json\/wp\/v2\/users\/21"}],"replies":[{"embeddable":true,"href":"https:\/\/www.subaru.es\/blog\/wp-json\/wp\/v2\/comments?post=1170"}],"version-history":[{"count":1,"href":"https:\/\/www.subaru.es\/blog\/wp-json\/wp\/v2\/posts\/1170\/revisions"}],"predecessor-version":[{"id":15486,"href":"https:\/\/www.subaru.es\/blog\/wp-json\/wp\/v2\/posts\/1170\/revisions\/15486"}],"wp:featuredmedia":[{"embeddable":true,"href":"https:\/\/www.subaru.es\/blog\/wp-json\/wp\/v2\/media\/1178"}],"wp:attachment":[{"href":"https:\/\/www.subaru.es\/blog\/wp-json\/wp\/v2\/media?parent=1170"}],"wp:term":[{"taxonomy":"category","embeddable":true,"href":"https:\/\/www.subaru.es\/blog\/wp-json\/wp\/v2\/categories?post=1170"},{"taxonomy":"post_tag","embeddable":true,"href":"https:\/\/www.subaru.es\/blog\/wp-json\/wp\/v2\/tags?post=1170"}],"curies":[{"name":"wp","href":"https:\/\/api.w.org\/{rel}","templated":true}]}}