{"id":1160,"date":"2008-07-23T11:47:46","date_gmt":"2008-07-23T09:47:46","guid":{"rendered":"http:\/\/subaru.preproduccion.com\/blog\/wp-content\/2008\/07\/23\/guy-wilks-flirtea-con-subaru\/"},"modified":"2016-10-17T15:09:03","modified_gmt":"2016-10-17T13:09:03","slug":"guy-wilks-flirtea-con-subaru","status":"publish","type":"post","link":"https:\/\/www.subaru.es\/blog\/nuestra-marca\/guy-wilks-flirtea-con-subaru\/","title":{"rendered":"Guy Wilks flirtea con Subaru"},"content":{"rendered":"<p><a href='https:\/\/www.subaru.es\/blog\/wp-content\/uploads\/2008\/07\/el-sueno-de-guy-wilks.jpg' title='El sue\u00f1o de Guy Wilks'><img data-src='https:\/\/www.subaru.es\/blog\/wp-content\/uploads\/2008\/07\/el-sueno-de-guy-wilks.jpg' width=480 alt='El sue\u00f1o de Guy Wilks' src='data:image\/svg+xml;base64,PHN2ZyB3aWR0aD0iMSIgaGVpZ2h0PSIxIiB4bWxucz0iaHR0cDovL3d3dy53My5vcmcvMjAwMC9zdmciPjwvc3ZnPg==' class='lazyload' style='--smush-placeholder-width: 505px; --smush-placeholder-aspect-ratio: 505\/225;' \/><\/a><br \/>\nEl actual <strong>Campe\u00f3n de Rallies brit\u00e1nico, Guy Wilks<\/strong>, quiere asegurarse un asiento en el <strong>Subaru World Rally Team <\/strong>en 2009. Y es que el piloto, de 27 a\u00f1os, ha pedido a todos los fans brit\u00e1nicos de los rallies, clubs y empresas de automovilismo que se involucren en su programa <strong>\u2018Wilks 500 Club\u2019<\/strong>, que se present\u00f3 de forma oficial en el <a href=\"https:\/\/www.subaru.es\/blog\/?p=1159\"><strong>Festival de Velocidad de Goodwood<\/strong><\/a>. <\/p>\n<p><strong>Wilks <\/strong>ha asegurado as\u00ed que est\u00e1 a listo para seguir los pasos de h\u00e9roes brit\u00e1nicos como Colin <strong>McRae y Richard Burns<\/strong>, que se convirtieron en campeones del mundo con <strong>Subaru<\/strong>.<\/p>\n<p>Seg\u00fan <strong>Wilks, Subaru <\/strong>ha confirmado que tendr\u00eda un coche como el de <strong>Petter Solberg y Chris Atkinson <\/strong>si logra la financiaci\u00f3n para asegurarse un tercer asiento en el equipo el a\u00f1o que viene. Pero <strong>Wilks <\/strong>tiene por delante una carrera a contrarreloj si tiene que conseguir su parte, de 2 millones de libras (unos 2,52 millones de euros).<\/p>\n<p>El piloto ha afirmado, incluso, que pilotar para <strong>Subaru <\/strong>ser\u00eda la realizaci\u00f3n de un <strong>sue\u00f1o<\/strong>, por lo que luchar\u00eda para que los amantes brit\u00e1nicos de los rallies tendr\u00edan un motivo m\u00e1s para animar en estas competiciones.<\/p>\n<p><strong>La campa\u00f1a de Wilks\u2019s sobre apoyo al brit\u00e1nico en<\/strong> <a href=\"www.guywilks.com\">www.guywilks.com<\/a><\/p>\n","protected":false},"excerpt":{"rendered":"<p>El actual Campe\u00f3n de Rallies brit\u00e1nico, Guy Wilks, quiere asegurarse un asiento en el Subaru World Rally Team en 2009. Y es que el piloto, de 27 a\u00f1os, ha pedido a todos los fans brit\u00e1nicos de los rallies, clubs y empresas de automovilismo que se involucren en su programa \u2018Wilks 500 Club\u2019, que se present\u00f3 [&hellip;]<\/p>\n","protected":false},"author":21,"featured_media":1161,"comment_status":"open","ping_status":"open","sticky":false,"template":"","format":"standard","meta":{"_acf_changed":false,"_eb_attr":"","inline_featured_image":false,"footnotes":""},"categories":[4401],"tags":[941,129,931,940,943,194,944,4390,149,942],"class_list":["post-1160","post","type-post","status-publish","format-standard","has-post-thumbnail","hentry","category-nuestra-marca","tag-campeon-de-rallies-britanico","tag-chris-atkinson","tag-festival-de-velocidad-de-goodwood","tag-guy-wilks","tag-mcrae","tag-petter-solberg","tag-richard-burns","tag-subaru","tag-subaru-world-rally-team","tag-wilks-500-club"],"acf":[],"yoast_head":"<!-- This site is optimized with the Yoast SEO plugin v27.3 - https:\/\/yoast.com\/product\/yoast-seo-wordpress\/ -->\n<title>Guy Wilks flirtea con Subaru - Universo Subaru<\/title>\n<meta name=\"robots\" content=\"index, follow, max-snippet:-1, max-image-preview:large, max-video-preview:-1\" \/>\n<link rel=\"canonical\" href=\"https:\/\/www.subaru.es\/blog\/nuestra-marca\/guy-wilks-flirtea-con-subaru\/\" \/>\n<meta property=\"og:locale\" content=\"es_ES\" \/>\n<meta property=\"og:type\" content=\"article\" \/>\n<meta property=\"og:title\" content=\"Guy Wilks flirtea con Subaru - Universo Subaru\" \/>\n<meta property=\"og:description\" content=\"El actual Campe\u00f3n de Rallies brit\u00e1nico, Guy Wilks, quiere asegurarse un asiento en el Subaru World Rally Team en 2009. Y es que el piloto, de 27 a\u00f1os, ha pedido a todos los fans brit\u00e1nicos de los rallies, clubs y empresas de automovilismo que se involucren en su programa \u2018Wilks 500 Club\u2019, que se present\u00f3 [&hellip;]\" \/>\n<meta property=\"og:url\" content=\"https:\/\/www.subaru.es\/blog\/nuestra-marca\/guy-wilks-flirtea-con-subaru\/\" \/>\n<meta property=\"og:site_name\" content=\"Universo Subaru\" \/>\n<meta property=\"article:publisher\" content=\"https:\/\/www.facebook.com\/subaruespana\" \/>\n<meta property=\"article:published_time\" content=\"2008-07-23T09:47:46+00:00\" \/>\n<meta property=\"article:modified_time\" content=\"2016-10-17T13:09:03+00:00\" \/>\n<meta property=\"og:image\" content=\"https:\/\/www.subaru.es\/blog\/wp-content\/uploads\/2008\/07\/el-sueno-de-guy-wilks.jpg\" \/>\n\t<meta property=\"og:image:width\" content=\"505\" \/>\n\t<meta property=\"og:image:height\" content=\"225\" \/>\n\t<meta property=\"og:image:type\" content=\"image\/jpeg\" \/>\n<meta name=\"author\" content=\"Subaru\" \/>\n<meta name=\"twitter:card\" content=\"summary_large_image\" \/>\n<meta name=\"twitter:label1\" content=\"Escrito por\" \/>\n\t<meta name=\"twitter:data1\" content=\"Subaru\" \/>\n\t<meta name=\"twitter:label2\" content=\"Tiempo de lectura\" \/>\n\t<meta name=\"twitter:data2\" content=\"1 minuto\" \/>\n<script type=\"application\/ld+json\" class=\"yoast-schema-graph\">{\"@context\":\"https:\\\/\\\/schema.org\",\"@graph\":[{\"@type\":\"Article\",\"@id\":\"https:\\\/\\\/www.subaru.es\\\/blog\\\/nuestra-marca\\\/guy-wilks-flirtea-con-subaru\\\/#article\",\"isPartOf\":{\"@id\":\"https:\\\/\\\/www.subaru.es\\\/blog\\\/nuestra-marca\\\/guy-wilks-flirtea-con-subaru\\\/\"},\"author\":{\"name\":\"Subaru\",\"@id\":\"https:\\\/\\\/www.subaru.es\\\/blog\\\/#\\\/schema\\\/person\\\/19a90b892230b8e0ec752704ddf4aa10\"},\"headline\":\"Guy Wilks flirtea con Subaru\",\"datePublished\":\"2008-07-23T09:47:46+00:00\",\"dateModified\":\"2016-10-17T13:09:03+00:00\",\"mainEntityOfPage\":{\"@id\":\"https:\\\/\\\/www.subaru.es\\\/blog\\\/nuestra-marca\\\/guy-wilks-flirtea-con-subaru\\\/\"},\"wordCount\":221,\"commentCount\":0,\"publisher\":{\"@id\":\"https:\\\/\\\/www.subaru.es\\\/blog\\\/#organization\"},\"image\":{\"@id\":\"https:\\\/\\\/www.subaru.es\\\/blog\\\/nuestra-marca\\\/guy-wilks-flirtea-con-subaru\\\/#primaryimage\"},\"thumbnailUrl\":\"https:\\\/\\\/www.subaru.es\\\/blog\\\/wp-content\\\/uploads\\\/2008\\\/07\\\/el-sueno-de-guy-wilks.jpg\",\"keywords\":[\"Campe\u00f3n de Rallies brit\u00e1nico\",\"chris atkinson\",\"Festival de Velocidad de Goodwood\",\"Guy Wilks\",\"McRae\",\"petter solberg\",\"Richard Burns\",\"Subaru\",\"subaru world rally team\",\"Wilks 500 Club\"],\"articleSection\":[\"Nuestra marca\"],\"inLanguage\":\"es\",\"potentialAction\":[{\"@type\":\"CommentAction\",\"name\":\"Comment\",\"target\":[\"https:\\\/\\\/www.subaru.es\\\/blog\\\/nuestra-marca\\\/guy-wilks-flirtea-con-subaru\\\/#respond\"]}]},{\"@type\":\"WebPage\",\"@id\":\"https:\\\/\\\/www.subaru.es\\\/blog\\\/nuestra-marca\\\/guy-wilks-flirtea-con-subaru\\\/\",\"url\":\"https:\\\/\\\/www.subaru.es\\\/blog\\\/nuestra-marca\\\/guy-wilks-flirtea-con-subaru\\\/\",\"name\":\"Guy Wilks flirtea con Subaru - Universo Subaru\",\"isPartOf\":{\"@id\":\"https:\\\/\\\/www.subaru.es\\\/blog\\\/#website\"},\"primaryImageOfPage\":{\"@id\":\"https:\\\/\\\/www.subaru.es\\\/blog\\\/nuestra-marca\\\/guy-wilks-flirtea-con-subaru\\\/#primaryimage\"},\"image\":{\"@id\":\"https:\\\/\\\/www.subaru.es\\\/blog\\\/nuestra-marca\\\/guy-wilks-flirtea-con-subaru\\\/#primaryimage\"},\"thumbnailUrl\":\"https:\\\/\\\/www.subaru.es\\\/blog\\\/wp-content\\\/uploads\\\/2008\\\/07\\\/el-sueno-de-guy-wilks.jpg\",\"datePublished\":\"2008-07-23T09:47:46+00:00\",\"dateModified\":\"2016-10-17T13:09:03+00:00\",\"breadcrumb\":{\"@id\":\"https:\\\/\\\/www.subaru.es\\\/blog\\\/nuestra-marca\\\/guy-wilks-flirtea-con-subaru\\\/#breadcrumb\"},\"inLanguage\":\"es\",\"potentialAction\":[{\"@type\":\"ReadAction\",\"target\":[\"https:\\\/\\\/www.subaru.es\\\/blog\\\/nuestra-marca\\\/guy-wilks-flirtea-con-subaru\\\/\"]}]},{\"@type\":\"ImageObject\",\"inLanguage\":\"es\",\"@id\":\"https:\\\/\\\/www.subaru.es\\\/blog\\\/nuestra-marca\\\/guy-wilks-flirtea-con-subaru\\\/#primaryimage\",\"url\":\"https:\\\/\\\/www.subaru.es\\\/blog\\\/wp-content\\\/uploads\\\/2008\\\/07\\\/el-sueno-de-guy-wilks.jpg\",\"contentUrl\":\"https:\\\/\\\/www.subaru.es\\\/blog\\\/wp-content\\\/uploads\\\/2008\\\/07\\\/el-sueno-de-guy-wilks.jpg\",\"width\":505,\"height\":225},{\"@type\":\"BreadcrumbList\",\"@id\":\"https:\\\/\\\/www.subaru.es\\\/blog\\\/nuestra-marca\\\/guy-wilks-flirtea-con-subaru\\\/#breadcrumb\",\"itemListElement\":[{\"@type\":\"ListItem\",\"position\":1,\"name\":\"Portada\",\"item\":\"https:\\\/\\\/www.subaru.es\\\/blog\\\/\"},{\"@type\":\"ListItem\",\"position\":2,\"name\":\"Guy Wilks flirtea con Subaru\"}]},{\"@type\":\"WebSite\",\"@id\":\"https:\\\/\\\/www.subaru.es\\\/blog\\\/#website\",\"url\":\"https:\\\/\\\/www.subaru.es\\\/blog\\\/\",\"name\":\"Universo Subaru\",\"description\":\"Descubre este apasionante espacio de Subaru donde vas a conocer todo sobre nuestros coches y las experiencias que vivimos con ellos. Si est\u00e1s preparado para dejarte seducir por la filosof\u00eda Subaru, qu\u00e9date con nosotros.\",\"publisher\":{\"@id\":\"https:\\\/\\\/www.subaru.es\\\/blog\\\/#organization\"},\"potentialAction\":[{\"@type\":\"SearchAction\",\"target\":{\"@type\":\"EntryPoint\",\"urlTemplate\":\"https:\\\/\\\/www.subaru.es\\\/blog\\\/?s={search_term_string}\"},\"query-input\":{\"@type\":\"PropertyValueSpecification\",\"valueRequired\":true,\"valueName\":\"search_term_string\"}}],\"inLanguage\":\"es\"},{\"@type\":\"Organization\",\"@id\":\"https:\\\/\\\/www.subaru.es\\\/blog\\\/#organization\",\"name\":\"Subaru Espa\u00f1a S.A.\",\"url\":\"https:\\\/\\\/www.subaru.es\\\/blog\\\/\",\"logo\":{\"@type\":\"ImageObject\",\"inLanguage\":\"es\",\"@id\":\"https:\\\/\\\/www.subaru.es\\\/blog\\\/#\\\/schema\\\/logo\\\/image\\\/\",\"url\":\"https:\\\/\\\/www.subaru.es\\\/blog\\\/wp-content\\\/uploads\\\/2016\\\/12\\\/Logo-Subaru-TypeV_C300-scaled.jpg\",\"contentUrl\":\"https:\\\/\\\/www.subaru.es\\\/blog\\\/wp-content\\\/uploads\\\/2016\\\/12\\\/Logo-Subaru-TypeV_C300-scaled.jpg\",\"width\":2560,\"height\":1864,\"caption\":\"Subaru Espa\u00f1a S.A.\"},\"image\":{\"@id\":\"https:\\\/\\\/www.subaru.es\\\/blog\\\/#\\\/schema\\\/logo\\\/image\\\/\"},\"sameAs\":[\"https:\\\/\\\/www.facebook.com\\\/subaruespana\",\"https:\\\/\\\/www.instagram.com\\\/subarues\\\/\",\"https:\\\/\\\/www.youtube.com\\\/user\\\/subaruespana\"]},{\"@type\":\"Person\",\"@id\":\"https:\\\/\\\/www.subaru.es\\\/blog\\\/#\\\/schema\\\/person\\\/19a90b892230b8e0ec752704ddf4aa10\",\"name\":\"Subaru\",\"url\":\"https:\\\/\\\/www.subaru.es\\\/blog\\\/author\\\/subaria\\\/\"}]}<\/script>\n<!-- \/ Yoast SEO plugin. -->","yoast_head_json":{"title":"Guy Wilks flirtea con Subaru - Universo Subaru","robots":{"index":"index","follow":"follow","max-snippet":"max-snippet:-1","max-image-preview":"max-image-preview:large","max-video-preview":"max-video-preview:-1"},"canonical":"https:\/\/www.subaru.es\/blog\/nuestra-marca\/guy-wilks-flirtea-con-subaru\/","og_locale":"es_ES","og_type":"article","og_title":"Guy Wilks flirtea con Subaru - Universo Subaru","og_description":"El actual Campe\u00f3n de Rallies brit\u00e1nico, Guy Wilks, quiere asegurarse un asiento en el Subaru World Rally Team en 2009. Y es que el piloto, de 27 a\u00f1os, ha pedido a todos los fans brit\u00e1nicos de los rallies, clubs y empresas de automovilismo que se involucren en su programa \u2018Wilks 500 Club\u2019, que se present\u00f3 [&hellip;]","og_url":"https:\/\/www.subaru.es\/blog\/nuestra-marca\/guy-wilks-flirtea-con-subaru\/","og_site_name":"Universo Subaru","article_publisher":"https:\/\/www.facebook.com\/subaruespana","article_published_time":"2008-07-23T09:47:46+00:00","article_modified_time":"2016-10-17T13:09:03+00:00","og_image":[{"width":505,"height":225,"url":"https:\/\/www.subaru.es\/blog\/wp-content\/uploads\/2008\/07\/el-sueno-de-guy-wilks.jpg","type":"image\/jpeg"}],"author":"Subaru","twitter_card":"summary_large_image","twitter_misc":{"Escrito por":"Subaru","Tiempo de lectura":"1 minuto"},"schema":{"@context":"https:\/\/schema.org","@graph":[{"@type":"Article","@id":"https:\/\/www.subaru.es\/blog\/nuestra-marca\/guy-wilks-flirtea-con-subaru\/#article","isPartOf":{"@id":"https:\/\/www.subaru.es\/blog\/nuestra-marca\/guy-wilks-flirtea-con-subaru\/"},"author":{"name":"Subaru","@id":"https:\/\/www.subaru.es\/blog\/#\/schema\/person\/19a90b892230b8e0ec752704ddf4aa10"},"headline":"Guy Wilks flirtea con Subaru","datePublished":"2008-07-23T09:47:46+00:00","dateModified":"2016-10-17T13:09:03+00:00","mainEntityOfPage":{"@id":"https:\/\/www.subaru.es\/blog\/nuestra-marca\/guy-wilks-flirtea-con-subaru\/"},"wordCount":221,"commentCount":0,"publisher":{"@id":"https:\/\/www.subaru.es\/blog\/#organization"},"image":{"@id":"https:\/\/www.subaru.es\/blog\/nuestra-marca\/guy-wilks-flirtea-con-subaru\/#primaryimage"},"thumbnailUrl":"https:\/\/www.subaru.es\/blog\/wp-content\/uploads\/2008\/07\/el-sueno-de-guy-wilks.jpg","keywords":["Campe\u00f3n de Rallies brit\u00e1nico","chris atkinson","Festival de Velocidad de Goodwood","Guy Wilks","McRae","petter solberg","Richard Burns","Subaru","subaru world rally team","Wilks 500 Club"],"articleSection":["Nuestra marca"],"inLanguage":"es","potentialAction":[{"@type":"CommentAction","name":"Comment","target":["https:\/\/www.subaru.es\/blog\/nuestra-marca\/guy-wilks-flirtea-con-subaru\/#respond"]}]},{"@type":"WebPage","@id":"https:\/\/www.subaru.es\/blog\/nuestra-marca\/guy-wilks-flirtea-con-subaru\/","url":"https:\/\/www.subaru.es\/blog\/nuestra-marca\/guy-wilks-flirtea-con-subaru\/","name":"Guy Wilks flirtea con Subaru - Universo Subaru","isPartOf":{"@id":"https:\/\/www.subaru.es\/blog\/#website"},"primaryImageOfPage":{"@id":"https:\/\/www.subaru.es\/blog\/nuestra-marca\/guy-wilks-flirtea-con-subaru\/#primaryimage"},"image":{"@id":"https:\/\/www.subaru.es\/blog\/nuestra-marca\/guy-wilks-flirtea-con-subaru\/#primaryimage"},"thumbnailUrl":"https:\/\/www.subaru.es\/blog\/wp-content\/uploads\/2008\/07\/el-sueno-de-guy-wilks.jpg","datePublished":"2008-07-23T09:47:46+00:00","dateModified":"2016-10-17T13:09:03+00:00","breadcrumb":{"@id":"https:\/\/www.subaru.es\/blog\/nuestra-marca\/guy-wilks-flirtea-con-subaru\/#breadcrumb"},"inLanguage":"es","potentialAction":[{"@type":"ReadAction","target":["https:\/\/www.subaru.es\/blog\/nuestra-marca\/guy-wilks-flirtea-con-subaru\/"]}]},{"@type":"ImageObject","inLanguage":"es","@id":"https:\/\/www.subaru.es\/blog\/nuestra-marca\/guy-wilks-flirtea-con-subaru\/#primaryimage","url":"https:\/\/www.subaru.es\/blog\/wp-content\/uploads\/2008\/07\/el-sueno-de-guy-wilks.jpg","contentUrl":"https:\/\/www.subaru.es\/blog\/wp-content\/uploads\/2008\/07\/el-sueno-de-guy-wilks.jpg","width":505,"height":225},{"@type":"BreadcrumbList","@id":"https:\/\/www.subaru.es\/blog\/nuestra-marca\/guy-wilks-flirtea-con-subaru\/#breadcrumb","itemListElement":[{"@type":"ListItem","position":1,"name":"Portada","item":"https:\/\/www.subaru.es\/blog\/"},{"@type":"ListItem","position":2,"name":"Guy Wilks flirtea con Subaru"}]},{"@type":"WebSite","@id":"https:\/\/www.subaru.es\/blog\/#website","url":"https:\/\/www.subaru.es\/blog\/","name":"Universo Subaru","description":"Descubre este apasionante espacio de Subaru donde vas a conocer todo sobre nuestros coches y las experiencias que vivimos con ellos. Si est\u00e1s preparado para dejarte seducir por la filosof\u00eda Subaru, qu\u00e9date con nosotros.","publisher":{"@id":"https:\/\/www.subaru.es\/blog\/#organization"},"potentialAction":[{"@type":"SearchAction","target":{"@type":"EntryPoint","urlTemplate":"https:\/\/www.subaru.es\/blog\/?s={search_term_string}"},"query-input":{"@type":"PropertyValueSpecification","valueRequired":true,"valueName":"search_term_string"}}],"inLanguage":"es"},{"@type":"Organization","@id":"https:\/\/www.subaru.es\/blog\/#organization","name":"Subaru Espa\u00f1a S.A.","url":"https:\/\/www.subaru.es\/blog\/","logo":{"@type":"ImageObject","inLanguage":"es","@id":"https:\/\/www.subaru.es\/blog\/#\/schema\/logo\/image\/","url":"https:\/\/www.subaru.es\/blog\/wp-content\/uploads\/2016\/12\/Logo-Subaru-TypeV_C300-scaled.jpg","contentUrl":"https:\/\/www.subaru.es\/blog\/wp-content\/uploads\/2016\/12\/Logo-Subaru-TypeV_C300-scaled.jpg","width":2560,"height":1864,"caption":"Subaru Espa\u00f1a S.A."},"image":{"@id":"https:\/\/www.subaru.es\/blog\/#\/schema\/logo\/image\/"},"sameAs":["https:\/\/www.facebook.com\/subaruespana","https:\/\/www.instagram.com\/subarues\/","https:\/\/www.youtube.com\/user\/subaruespana"]},{"@type":"Person","@id":"https:\/\/www.subaru.es\/blog\/#\/schema\/person\/19a90b892230b8e0ec752704ddf4aa10","name":"Subaru","url":"https:\/\/www.subaru.es\/blog\/author\/subaria\/"}]}},"_links":{"self":[{"href":"https:\/\/www.subaru.es\/blog\/wp-json\/wp\/v2\/posts\/1160","targetHints":{"allow":["GET"]}}],"collection":[{"href":"https:\/\/www.subaru.es\/blog\/wp-json\/wp\/v2\/posts"}],"about":[{"href":"https:\/\/www.subaru.es\/blog\/wp-json\/wp\/v2\/types\/post"}],"author":[{"embeddable":true,"href":"https:\/\/www.subaru.es\/blog\/wp-json\/wp\/v2\/users\/21"}],"replies":[{"embeddable":true,"href":"https:\/\/www.subaru.es\/blog\/wp-json\/wp\/v2\/comments?post=1160"}],"version-history":[{"count":1,"href":"https:\/\/www.subaru.es\/blog\/wp-json\/wp\/v2\/posts\/1160\/revisions"}],"predecessor-version":[{"id":15476,"href":"https:\/\/www.subaru.es\/blog\/wp-json\/wp\/v2\/posts\/1160\/revisions\/15476"}],"wp:featuredmedia":[{"embeddable":true,"href":"https:\/\/www.subaru.es\/blog\/wp-json\/wp\/v2\/media\/1161"}],"wp:attachment":[{"href":"https:\/\/www.subaru.es\/blog\/wp-json\/wp\/v2\/media?parent=1160"}],"wp:term":[{"taxonomy":"category","embeddable":true,"href":"https:\/\/www.subaru.es\/blog\/wp-json\/wp\/v2\/categories?post=1160"},{"taxonomy":"post_tag","embeddable":true,"href":"https:\/\/www.subaru.es\/blog\/wp-json\/wp\/v2\/tags?post=1160"}],"curies":[{"name":"wp","href":"https:\/\/api.w.org\/{rel}","templated":true}]}}