{"id":11464,"date":"2016-02-02T17:05:43","date_gmt":"2016-02-02T15:05:43","guid":{"rendered":"http:\/\/subaru.preproduccion.com\/blog\/?p=11464"},"modified":"2016-10-17T15:07:20","modified_gmt":"2016-10-17T13:07:20","slug":"llega-el-invierno-frio-pero-preparamos-el-coche-menos-de-lo-que-creemos","status":"publish","type":"post","link":"https:\/\/www.subaru.es\/blog\/nuestra-marca\/llega-el-invierno-frio-pero-preparamos-el-coche-menos-de-lo-que-creemos\/","title":{"rendered":"Llega el invierno fr\u00edo, pero preparamos el coche menos de lo que creemos"},"content":{"rendered":"<p><img decoding=\"async\" class=\"aligncenter size-full wp-image-11467 lazyload\" title=\"cars-123919_640\" data-src=\"https:\/\/www.subaru.es\/blog\/wp-content\/uploads\/2015\/12\/cars-123919_640.jpg\" alt=\"\" width=\"640\" height=\"425\" data-srcset=\"https:\/\/www.subaru.es\/blog\/wp-content\/uploads\/2015\/12\/cars-123919_640.jpg 640w, https:\/\/www.subaru.es\/blog\/wp-content\/uploads\/2015\/12\/cars-123919_640-560x372.jpg 560w\" data-sizes=\"(max-width: 640px) 100vw, 640px\" src=\"data:image\/svg+xml;base64,PHN2ZyB3aWR0aD0iMSIgaGVpZ2h0PSIxIiB4bWxucz0iaHR0cDovL3d3dy53My5vcmcvMjAwMC9zdmciPjwvc3ZnPg==\" style=\"--smush-placeholder-width: 640px; --smush-placeholder-aspect-ratio: 640\/425;\" \/><\/p>\n<p>Comenzado el mes de diciembre, <strong>el invierno est\u00e1 a la vuelta de la esquina<\/strong>, acechando ya por las ma\u00f1anas con temperaturas cada vez m\u00e1s bajas, las primeras heladas, los primeros momentos de fr\u00edo intenso arrancando el coche antes de salir a trabajar. El invierno comienza de forma oficial el pr\u00f3ximo 22 de diciembre, pero en muchas provincias y localidades lo tenemos ya presente. Adem\u00e1s, las noticias nos cuentan que el fen\u00f3meno o anomal\u00eda clim\u00e1tica <strong>&#8216;El Ni\u00f1o&#8217; ser\u00e1 especialmente intenso este a\u00f1o<\/strong>, alargando el invierno y haciendo que sea m\u00e1s fr\u00edo. Ya pas\u00f3 algo similar en 2010, a\u00f1o de grandes nevadas en nuestro pa\u00eds. Aunque a los espa\u00f1oles (y europeos en general) nos preocupa sufrir un accidente en invierno, <strong>pocos preparamos el coche a fondo para afrontar la temporada m\u00e1s fr\u00eda<\/strong> del a\u00f1o.<\/p>\n<p><!--more-->Un estudio propuesto por Goodyear revela que un amplio porcentaje de los conductores europeos temen lo impredecible de las carreteras heladas, y en especial los accidentes que se derivan de ellas. Es curioso porque seg\u00fan se desprende del mismo estudio, el hecho de que este invierno sea especialmente duro preocupa a un 44% de los polacos, un 34% de los alemanes, un 25% de franceses, italianos y belgas, y apenas a un 10% de los ciudadanos de los Pa\u00edses Bajos. De Espa\u00f1a no trascienden los datos, pero podemos intuir que ser\u00eda menos de ese 10%.<\/p>\n<p>Efectivamente, <strong>las carreteras heladas son un factor de riesgo cada invierno<\/strong> (y es bueno <a href=\"https:\/\/www.subaru.es\/blog\/outdoor\/el-hielo-negro-que-es-y-como-reaccionar-ante-el\/\">identificarlas y saber reaccionar<\/a> correctamente), pero no son el \u00fanico. En invierno, con las temperaturas m\u00e1s bajas tenemos que ser precavidos y mantener el coche en perfecto estado de forma, adem\u00e1s de llevar con nosotros los accesorios m\u00e1s imprescindibles, como las cadenas (en su caso), ropa de abrigo, y otros objetos que nos podr\u00edan ser de ayuda, llegado el caso.<\/p>\n<h2>Prepara el coche para el invierno<\/h2>\n<ol>\n<li>La revisi\u00f3n del veh\u00edculo es algo obligatorio, necesario y prudente ante el invierno. Pensemos que la \u00e9poca del a\u00f1o no invita a favorecer la posibilidad de que el coche se aver\u00ede en medio de la autov\u00eda, en la carretera, o de noche. Que no quede por nosotros, al menos, pasando una revisi\u00f3n b\u00e1sica en nuestro taller oficial de confianza.<\/li>\n<li>Igual que la revisi\u00f3n del veh\u00edculo, los neum\u00e1ticos son un elemento a revisar y mantener, ya sea por inspecci\u00f3n visual para detectar posibles \u00abheridas\u00bb, desgastes irregulares o la cercan\u00eda del cambio de neum\u00e1ticos obligatorio (cuando la profundidad del surco llega a 1.6 mm, o algo antes si es posible), o bien manteniendo las presiones correctas con revisiones peri\u00f3dicas (cada mes, m\u00e1ximo).<\/li>\n<li>Es bueno llevar en el coche ropa de abrigo, mantas, agua, algo de comida no perecedera, una linterna, y por supuesto, cadenas para nieve y lo necesario para cambiar una rueda. El m\u00f3vil, cargado, y el dep\u00f3sito con combustible de sobra por si nos qued\u00e1semos parados en un lugar poco hospitalario.<\/li>\n<li>Para eliminar el hielo del parabrisas y ventanillas, <a href=\"https:\/\/www.subaru.es\/blog\/subaru\/eliminar-el-hielo-del-parabrisas-sin-estropearlo-%C2%BFsabes-como\/\">sigue nuestros consejos<\/a>.<\/li>\n<li>Prudencia es tu tercer apellido: aumenta la distancia de seguridad, respeta los l\u00edmites de velocidad y afloja un poco cuando empieza a llover, si hay niebla o si nieva. Ah, y <a href=\"https:\/\/www.subaru.es\/blog\/subaru\/como-y-cuando-utilizar-las-luces-antiniebla\/\">utiliza correctamente las luces antiniebla<\/a>.<\/li>\n<li>No dejes de repasar <a href=\"https:\/\/www.subaru.es\/blog\/outdoor\/%C2%BFcomo-se-produce-el-aquaplaning\/\">como actuar ante el aquaplaning<\/a>, toma nota.<\/li>\n<\/ol>\n","protected":false},"excerpt":{"rendered":"<p>Comenzado el mes de diciembre, el invierno est\u00e1 a la vuelta de la esquina, acechando ya por las ma\u00f1anas con temperaturas cada vez m\u00e1s bajas, las primeras heladas, los primeros momentos de fr\u00edo intenso arrancando el coche antes de salir a trabajar. El invierno comienza de forma oficial el pr\u00f3ximo 22 de diciembre, pero en [&hellip;]<\/p>\n","protected":false},"author":21,"featured_media":11467,"comment_status":"open","ping_status":"open","sticky":false,"template":"","format":"standard","meta":{"_acf_changed":false,"_eb_attr":"","inline_featured_image":false,"footnotes":""},"categories":[4401],"tags":[3803,3722],"class_list":["post-11464","post","type-post","status-publish","format-standard","has-post-thumbnail","hentry","category-nuestra-marca","tag-conducir-en-invierno","tag-consejos-para-el-invierno"],"acf":[],"yoast_head":"<!-- This site is optimized with the Yoast SEO plugin v27.3 - https:\/\/yoast.com\/product\/yoast-seo-wordpress\/ -->\n<title>Llega el invierno fr\u00edo, pero preparamos el coche menos de lo que creemos - Universo Subaru<\/title>\n<meta name=\"robots\" content=\"index, follow, max-snippet:-1, max-image-preview:large, max-video-preview:-1\" \/>\n<link rel=\"canonical\" href=\"https:\/\/www.subaru.es\/blog\/nuestra-marca\/llega-el-invierno-frio-pero-preparamos-el-coche-menos-de-lo-que-creemos\/\" \/>\n<meta property=\"og:locale\" content=\"es_ES\" \/>\n<meta property=\"og:type\" content=\"article\" \/>\n<meta property=\"og:title\" content=\"Llega el invierno fr\u00edo, pero preparamos el coche menos de lo que creemos - Universo Subaru\" \/>\n<meta property=\"og:description\" content=\"Comenzado el mes de diciembre, el invierno est\u00e1 a la vuelta de la esquina, acechando ya por las ma\u00f1anas con temperaturas cada vez m\u00e1s bajas, las primeras heladas, los primeros momentos de fr\u00edo intenso arrancando el coche antes de salir a trabajar. El invierno comienza de forma oficial el pr\u00f3ximo 22 de diciembre, pero en [&hellip;]\" \/>\n<meta property=\"og:url\" content=\"https:\/\/www.subaru.es\/blog\/nuestra-marca\/llega-el-invierno-frio-pero-preparamos-el-coche-menos-de-lo-que-creemos\/\" \/>\n<meta property=\"og:site_name\" content=\"Universo Subaru\" \/>\n<meta property=\"article:publisher\" content=\"https:\/\/www.facebook.com\/subaruespana\" \/>\n<meta property=\"article:published_time\" content=\"2016-02-02T15:05:43+00:00\" \/>\n<meta property=\"article:modified_time\" content=\"2016-10-17T13:07:20+00:00\" \/>\n<meta property=\"og:image\" content=\"https:\/\/www.subaru.es\/blog\/wp-content\/uploads\/2015\/12\/cars-123919_640.jpg\" \/>\n\t<meta property=\"og:image:width\" content=\"640\" \/>\n\t<meta property=\"og:image:height\" content=\"425\" \/>\n\t<meta property=\"og:image:type\" content=\"image\/jpeg\" \/>\n<meta name=\"author\" content=\"Subaru\" \/>\n<meta name=\"twitter:card\" content=\"summary_large_image\" \/>\n<meta name=\"twitter:label1\" content=\"Escrito por\" \/>\n\t<meta name=\"twitter:data1\" content=\"Subaru\" \/>\n\t<meta name=\"twitter:label2\" content=\"Tiempo de lectura\" \/>\n\t<meta name=\"twitter:data2\" content=\"3 minutos\" \/>\n<script type=\"application\/ld+json\" class=\"yoast-schema-graph\">{\"@context\":\"https:\\\/\\\/schema.org\",\"@graph\":[{\"@type\":\"Article\",\"@id\":\"https:\\\/\\\/www.subaru.es\\\/blog\\\/nuestra-marca\\\/llega-el-invierno-frio-pero-preparamos-el-coche-menos-de-lo-que-creemos\\\/#article\",\"isPartOf\":{\"@id\":\"https:\\\/\\\/www.subaru.es\\\/blog\\\/nuestra-marca\\\/llega-el-invierno-frio-pero-preparamos-el-coche-menos-de-lo-que-creemos\\\/\"},\"author\":{\"name\":\"Subaru\",\"@id\":\"https:\\\/\\\/www.subaru.es\\\/blog\\\/#\\\/schema\\\/person\\\/19a90b892230b8e0ec752704ddf4aa10\"},\"headline\":\"Llega el invierno fr\u00edo, pero preparamos el coche menos de lo que creemos\",\"datePublished\":\"2016-02-02T15:05:43+00:00\",\"dateModified\":\"2016-10-17T13:07:20+00:00\",\"mainEntityOfPage\":{\"@id\":\"https:\\\/\\\/www.subaru.es\\\/blog\\\/nuestra-marca\\\/llega-el-invierno-frio-pero-preparamos-el-coche-menos-de-lo-que-creemos\\\/\"},\"wordCount\":587,\"commentCount\":0,\"publisher\":{\"@id\":\"https:\\\/\\\/www.subaru.es\\\/blog\\\/#organization\"},\"image\":{\"@id\":\"https:\\\/\\\/www.subaru.es\\\/blog\\\/nuestra-marca\\\/llega-el-invierno-frio-pero-preparamos-el-coche-menos-de-lo-que-creemos\\\/#primaryimage\"},\"thumbnailUrl\":\"https:\\\/\\\/www.subaru.es\\\/blog\\\/wp-content\\\/uploads\\\/2015\\\/12\\\/cars-123919_640.jpg\",\"keywords\":[\"conducir en invierno\",\"Consejos para el invierno\"],\"articleSection\":[\"Nuestra marca\"],\"inLanguage\":\"es\",\"potentialAction\":[{\"@type\":\"CommentAction\",\"name\":\"Comment\",\"target\":[\"https:\\\/\\\/www.subaru.es\\\/blog\\\/nuestra-marca\\\/llega-el-invierno-frio-pero-preparamos-el-coche-menos-de-lo-que-creemos\\\/#respond\"]}]},{\"@type\":\"WebPage\",\"@id\":\"https:\\\/\\\/www.subaru.es\\\/blog\\\/nuestra-marca\\\/llega-el-invierno-frio-pero-preparamos-el-coche-menos-de-lo-que-creemos\\\/\",\"url\":\"https:\\\/\\\/www.subaru.es\\\/blog\\\/nuestra-marca\\\/llega-el-invierno-frio-pero-preparamos-el-coche-menos-de-lo-que-creemos\\\/\",\"name\":\"Llega el invierno fr\u00edo, pero preparamos el coche menos de lo que creemos - Universo Subaru\",\"isPartOf\":{\"@id\":\"https:\\\/\\\/www.subaru.es\\\/blog\\\/#website\"},\"primaryImageOfPage\":{\"@id\":\"https:\\\/\\\/www.subaru.es\\\/blog\\\/nuestra-marca\\\/llega-el-invierno-frio-pero-preparamos-el-coche-menos-de-lo-que-creemos\\\/#primaryimage\"},\"image\":{\"@id\":\"https:\\\/\\\/www.subaru.es\\\/blog\\\/nuestra-marca\\\/llega-el-invierno-frio-pero-preparamos-el-coche-menos-de-lo-que-creemos\\\/#primaryimage\"},\"thumbnailUrl\":\"https:\\\/\\\/www.subaru.es\\\/blog\\\/wp-content\\\/uploads\\\/2015\\\/12\\\/cars-123919_640.jpg\",\"datePublished\":\"2016-02-02T15:05:43+00:00\",\"dateModified\":\"2016-10-17T13:07:20+00:00\",\"breadcrumb\":{\"@id\":\"https:\\\/\\\/www.subaru.es\\\/blog\\\/nuestra-marca\\\/llega-el-invierno-frio-pero-preparamos-el-coche-menos-de-lo-que-creemos\\\/#breadcrumb\"},\"inLanguage\":\"es\",\"potentialAction\":[{\"@type\":\"ReadAction\",\"target\":[\"https:\\\/\\\/www.subaru.es\\\/blog\\\/nuestra-marca\\\/llega-el-invierno-frio-pero-preparamos-el-coche-menos-de-lo-que-creemos\\\/\"]}]},{\"@type\":\"ImageObject\",\"inLanguage\":\"es\",\"@id\":\"https:\\\/\\\/www.subaru.es\\\/blog\\\/nuestra-marca\\\/llega-el-invierno-frio-pero-preparamos-el-coche-menos-de-lo-que-creemos\\\/#primaryimage\",\"url\":\"https:\\\/\\\/www.subaru.es\\\/blog\\\/wp-content\\\/uploads\\\/2015\\\/12\\\/cars-123919_640.jpg\",\"contentUrl\":\"https:\\\/\\\/www.subaru.es\\\/blog\\\/wp-content\\\/uploads\\\/2015\\\/12\\\/cars-123919_640.jpg\",\"width\":640,\"height\":425},{\"@type\":\"BreadcrumbList\",\"@id\":\"https:\\\/\\\/www.subaru.es\\\/blog\\\/nuestra-marca\\\/llega-el-invierno-frio-pero-preparamos-el-coche-menos-de-lo-que-creemos\\\/#breadcrumb\",\"itemListElement\":[{\"@type\":\"ListItem\",\"position\":1,\"name\":\"Portada\",\"item\":\"https:\\\/\\\/www.subaru.es\\\/blog\\\/\"},{\"@type\":\"ListItem\",\"position\":2,\"name\":\"Llega el invierno fr\u00edo, pero preparamos el coche menos de lo que creemos\"}]},{\"@type\":\"WebSite\",\"@id\":\"https:\\\/\\\/www.subaru.es\\\/blog\\\/#website\",\"url\":\"https:\\\/\\\/www.subaru.es\\\/blog\\\/\",\"name\":\"Universo Subaru\",\"description\":\"Descubre este apasionante espacio de Subaru donde vas a conocer todo sobre nuestros coches y las experiencias que vivimos con ellos. Si est\u00e1s preparado para dejarte seducir por la filosof\u00eda Subaru, qu\u00e9date con nosotros.\",\"publisher\":{\"@id\":\"https:\\\/\\\/www.subaru.es\\\/blog\\\/#organization\"},\"potentialAction\":[{\"@type\":\"SearchAction\",\"target\":{\"@type\":\"EntryPoint\",\"urlTemplate\":\"https:\\\/\\\/www.subaru.es\\\/blog\\\/?s={search_term_string}\"},\"query-input\":{\"@type\":\"PropertyValueSpecification\",\"valueRequired\":true,\"valueName\":\"search_term_string\"}}],\"inLanguage\":\"es\"},{\"@type\":\"Organization\",\"@id\":\"https:\\\/\\\/www.subaru.es\\\/blog\\\/#organization\",\"name\":\"Subaru Espa\u00f1a S.A.\",\"url\":\"https:\\\/\\\/www.subaru.es\\\/blog\\\/\",\"logo\":{\"@type\":\"ImageObject\",\"inLanguage\":\"es\",\"@id\":\"https:\\\/\\\/www.subaru.es\\\/blog\\\/#\\\/schema\\\/logo\\\/image\\\/\",\"url\":\"https:\\\/\\\/www.subaru.es\\\/blog\\\/wp-content\\\/uploads\\\/2016\\\/12\\\/Logo-Subaru-TypeV_C300-scaled.jpg\",\"contentUrl\":\"https:\\\/\\\/www.subaru.es\\\/blog\\\/wp-content\\\/uploads\\\/2016\\\/12\\\/Logo-Subaru-TypeV_C300-scaled.jpg\",\"width\":2560,\"height\":1864,\"caption\":\"Subaru Espa\u00f1a S.A.\"},\"image\":{\"@id\":\"https:\\\/\\\/www.subaru.es\\\/blog\\\/#\\\/schema\\\/logo\\\/image\\\/\"},\"sameAs\":[\"https:\\\/\\\/www.facebook.com\\\/subaruespana\",\"https:\\\/\\\/www.instagram.com\\\/subarues\\\/\",\"https:\\\/\\\/www.youtube.com\\\/user\\\/subaruespana\"]},{\"@type\":\"Person\",\"@id\":\"https:\\\/\\\/www.subaru.es\\\/blog\\\/#\\\/schema\\\/person\\\/19a90b892230b8e0ec752704ddf4aa10\",\"name\":\"Subaru\",\"url\":\"https:\\\/\\\/www.subaru.es\\\/blog\\\/author\\\/subaria\\\/\"}]}<\/script>\n<!-- \/ Yoast SEO plugin. -->","yoast_head_json":{"title":"Llega el invierno fr\u00edo, pero preparamos el coche menos de lo que creemos - Universo Subaru","robots":{"index":"index","follow":"follow","max-snippet":"max-snippet:-1","max-image-preview":"max-image-preview:large","max-video-preview":"max-video-preview:-1"},"canonical":"https:\/\/www.subaru.es\/blog\/nuestra-marca\/llega-el-invierno-frio-pero-preparamos-el-coche-menos-de-lo-que-creemos\/","og_locale":"es_ES","og_type":"article","og_title":"Llega el invierno fr\u00edo, pero preparamos el coche menos de lo que creemos - Universo Subaru","og_description":"Comenzado el mes de diciembre, el invierno est\u00e1 a la vuelta de la esquina, acechando ya por las ma\u00f1anas con temperaturas cada vez m\u00e1s bajas, las primeras heladas, los primeros momentos de fr\u00edo intenso arrancando el coche antes de salir a trabajar. El invierno comienza de forma oficial el pr\u00f3ximo 22 de diciembre, pero en [&hellip;]","og_url":"https:\/\/www.subaru.es\/blog\/nuestra-marca\/llega-el-invierno-frio-pero-preparamos-el-coche-menos-de-lo-que-creemos\/","og_site_name":"Universo Subaru","article_publisher":"https:\/\/www.facebook.com\/subaruespana","article_published_time":"2016-02-02T15:05:43+00:00","article_modified_time":"2016-10-17T13:07:20+00:00","og_image":[{"width":640,"height":425,"url":"https:\/\/www.subaru.es\/blog\/wp-content\/uploads\/2015\/12\/cars-123919_640.jpg","type":"image\/jpeg"}],"author":"Subaru","twitter_card":"summary_large_image","twitter_misc":{"Escrito por":"Subaru","Tiempo de lectura":"3 minutos"},"schema":{"@context":"https:\/\/schema.org","@graph":[{"@type":"Article","@id":"https:\/\/www.subaru.es\/blog\/nuestra-marca\/llega-el-invierno-frio-pero-preparamos-el-coche-menos-de-lo-que-creemos\/#article","isPartOf":{"@id":"https:\/\/www.subaru.es\/blog\/nuestra-marca\/llega-el-invierno-frio-pero-preparamos-el-coche-menos-de-lo-que-creemos\/"},"author":{"name":"Subaru","@id":"https:\/\/www.subaru.es\/blog\/#\/schema\/person\/19a90b892230b8e0ec752704ddf4aa10"},"headline":"Llega el invierno fr\u00edo, pero preparamos el coche menos de lo que creemos","datePublished":"2016-02-02T15:05:43+00:00","dateModified":"2016-10-17T13:07:20+00:00","mainEntityOfPage":{"@id":"https:\/\/www.subaru.es\/blog\/nuestra-marca\/llega-el-invierno-frio-pero-preparamos-el-coche-menos-de-lo-que-creemos\/"},"wordCount":587,"commentCount":0,"publisher":{"@id":"https:\/\/www.subaru.es\/blog\/#organization"},"image":{"@id":"https:\/\/www.subaru.es\/blog\/nuestra-marca\/llega-el-invierno-frio-pero-preparamos-el-coche-menos-de-lo-que-creemos\/#primaryimage"},"thumbnailUrl":"https:\/\/www.subaru.es\/blog\/wp-content\/uploads\/2015\/12\/cars-123919_640.jpg","keywords":["conducir en invierno","Consejos para el invierno"],"articleSection":["Nuestra marca"],"inLanguage":"es","potentialAction":[{"@type":"CommentAction","name":"Comment","target":["https:\/\/www.subaru.es\/blog\/nuestra-marca\/llega-el-invierno-frio-pero-preparamos-el-coche-menos-de-lo-que-creemos\/#respond"]}]},{"@type":"WebPage","@id":"https:\/\/www.subaru.es\/blog\/nuestra-marca\/llega-el-invierno-frio-pero-preparamos-el-coche-menos-de-lo-que-creemos\/","url":"https:\/\/www.subaru.es\/blog\/nuestra-marca\/llega-el-invierno-frio-pero-preparamos-el-coche-menos-de-lo-que-creemos\/","name":"Llega el invierno fr\u00edo, pero preparamos el coche menos de lo que creemos - Universo Subaru","isPartOf":{"@id":"https:\/\/www.subaru.es\/blog\/#website"},"primaryImageOfPage":{"@id":"https:\/\/www.subaru.es\/blog\/nuestra-marca\/llega-el-invierno-frio-pero-preparamos-el-coche-menos-de-lo-que-creemos\/#primaryimage"},"image":{"@id":"https:\/\/www.subaru.es\/blog\/nuestra-marca\/llega-el-invierno-frio-pero-preparamos-el-coche-menos-de-lo-que-creemos\/#primaryimage"},"thumbnailUrl":"https:\/\/www.subaru.es\/blog\/wp-content\/uploads\/2015\/12\/cars-123919_640.jpg","datePublished":"2016-02-02T15:05:43+00:00","dateModified":"2016-10-17T13:07:20+00:00","breadcrumb":{"@id":"https:\/\/www.subaru.es\/blog\/nuestra-marca\/llega-el-invierno-frio-pero-preparamos-el-coche-menos-de-lo-que-creemos\/#breadcrumb"},"inLanguage":"es","potentialAction":[{"@type":"ReadAction","target":["https:\/\/www.subaru.es\/blog\/nuestra-marca\/llega-el-invierno-frio-pero-preparamos-el-coche-menos-de-lo-que-creemos\/"]}]},{"@type":"ImageObject","inLanguage":"es","@id":"https:\/\/www.subaru.es\/blog\/nuestra-marca\/llega-el-invierno-frio-pero-preparamos-el-coche-menos-de-lo-que-creemos\/#primaryimage","url":"https:\/\/www.subaru.es\/blog\/wp-content\/uploads\/2015\/12\/cars-123919_640.jpg","contentUrl":"https:\/\/www.subaru.es\/blog\/wp-content\/uploads\/2015\/12\/cars-123919_640.jpg","width":640,"height":425},{"@type":"BreadcrumbList","@id":"https:\/\/www.subaru.es\/blog\/nuestra-marca\/llega-el-invierno-frio-pero-preparamos-el-coche-menos-de-lo-que-creemos\/#breadcrumb","itemListElement":[{"@type":"ListItem","position":1,"name":"Portada","item":"https:\/\/www.subaru.es\/blog\/"},{"@type":"ListItem","position":2,"name":"Llega el invierno fr\u00edo, pero preparamos el coche menos de lo que creemos"}]},{"@type":"WebSite","@id":"https:\/\/www.subaru.es\/blog\/#website","url":"https:\/\/www.subaru.es\/blog\/","name":"Universo Subaru","description":"Descubre este apasionante espacio de Subaru donde vas a conocer todo sobre nuestros coches y las experiencias que vivimos con ellos. Si est\u00e1s preparado para dejarte seducir por la filosof\u00eda Subaru, qu\u00e9date con nosotros.","publisher":{"@id":"https:\/\/www.subaru.es\/blog\/#organization"},"potentialAction":[{"@type":"SearchAction","target":{"@type":"EntryPoint","urlTemplate":"https:\/\/www.subaru.es\/blog\/?s={search_term_string}"},"query-input":{"@type":"PropertyValueSpecification","valueRequired":true,"valueName":"search_term_string"}}],"inLanguage":"es"},{"@type":"Organization","@id":"https:\/\/www.subaru.es\/blog\/#organization","name":"Subaru Espa\u00f1a S.A.","url":"https:\/\/www.subaru.es\/blog\/","logo":{"@type":"ImageObject","inLanguage":"es","@id":"https:\/\/www.subaru.es\/blog\/#\/schema\/logo\/image\/","url":"https:\/\/www.subaru.es\/blog\/wp-content\/uploads\/2016\/12\/Logo-Subaru-TypeV_C300-scaled.jpg","contentUrl":"https:\/\/www.subaru.es\/blog\/wp-content\/uploads\/2016\/12\/Logo-Subaru-TypeV_C300-scaled.jpg","width":2560,"height":1864,"caption":"Subaru Espa\u00f1a S.A."},"image":{"@id":"https:\/\/www.subaru.es\/blog\/#\/schema\/logo\/image\/"},"sameAs":["https:\/\/www.facebook.com\/subaruespana","https:\/\/www.instagram.com\/subarues\/","https:\/\/www.youtube.com\/user\/subaruespana"]},{"@type":"Person","@id":"https:\/\/www.subaru.es\/blog\/#\/schema\/person\/19a90b892230b8e0ec752704ddf4aa10","name":"Subaru","url":"https:\/\/www.subaru.es\/blog\/author\/subaria\/"}]}},"_links":{"self":[{"href":"https:\/\/www.subaru.es\/blog\/wp-json\/wp\/v2\/posts\/11464","targetHints":{"allow":["GET"]}}],"collection":[{"href":"https:\/\/www.subaru.es\/blog\/wp-json\/wp\/v2\/posts"}],"about":[{"href":"https:\/\/www.subaru.es\/blog\/wp-json\/wp\/v2\/types\/post"}],"author":[{"embeddable":true,"href":"https:\/\/www.subaru.es\/blog\/wp-json\/wp\/v2\/users\/21"}],"replies":[{"embeddable":true,"href":"https:\/\/www.subaru.es\/blog\/wp-json\/wp\/v2\/comments?post=11464"}],"version-history":[{"count":1,"href":"https:\/\/www.subaru.es\/blog\/wp-json\/wp\/v2\/posts\/11464\/revisions"}],"predecessor-version":[{"id":15969,"href":"https:\/\/www.subaru.es\/blog\/wp-json\/wp\/v2\/posts\/11464\/revisions\/15969"}],"wp:featuredmedia":[{"embeddable":true,"href":"https:\/\/www.subaru.es\/blog\/wp-json\/wp\/v2\/media\/11467"}],"wp:attachment":[{"href":"https:\/\/www.subaru.es\/blog\/wp-json\/wp\/v2\/media?parent=11464"}],"wp:term":[{"taxonomy":"category","embeddable":true,"href":"https:\/\/www.subaru.es\/blog\/wp-json\/wp\/v2\/categories?post=11464"},{"taxonomy":"post_tag","embeddable":true,"href":"https:\/\/www.subaru.es\/blog\/wp-json\/wp\/v2\/tags?post=11464"}],"curies":[{"name":"wp","href":"https:\/\/api.w.org\/{rel}","templated":true}]}}