{"id":11420,"date":"2015-09-24T12:14:56","date_gmt":"2015-09-24T10:14:56","guid":{"rendered":"http:\/\/subaru.preproduccion.com\/blog\/?p=11420"},"modified":"2016-10-17T15:07:20","modified_gmt":"2016-10-17T13:07:20","slug":"como-se-podrian-mejorar-las-carreteras-secundarias","status":"publish","type":"post","link":"https:\/\/www.subaru.es\/blog\/nuestra-marca\/como-se-podrian-mejorar-las-carreteras-secundarias\/","title":{"rendered":"\u00bfC\u00f3mo se podr\u00edan mejorar las carreteras secundarias?"},"content":{"rendered":"<p><img decoding=\"async\" class=\"aligncenter size-full wp-image-11421 lazyload\" title=\"Carreteras secundarias\" data-src=\"https:\/\/www.subaru.es\/blog\/wp-content\/uploads\/2015\/09\/2454659965_b1a76d131b_z.jpg\" alt=\"\" width=\"640\" height=\"426\" data-srcset=\"https:\/\/www.subaru.es\/blog\/wp-content\/uploads\/2015\/09\/2454659965_b1a76d131b_z.jpg 640w, https:\/\/www.subaru.es\/blog\/wp-content\/uploads\/2015\/09\/2454659965_b1a76d131b_z-560x373.jpg 560w\" data-sizes=\"(max-width: 640px) 100vw, 640px\" src=\"data:image\/svg+xml;base64,PHN2ZyB3aWR0aD0iMSIgaGVpZ2h0PSIxIiB4bWxucz0iaHR0cDovL3d3dy53My5vcmcvMjAwMC9zdmciPjwvc3ZnPg==\" style=\"--smush-placeholder-width: 640px; --smush-placeholder-aspect-ratio: 640\/426;\" \/><\/p>\n<p>Las <strong>carreteras secundarias<\/strong> son el nuevo caballo de batalla de la DGT, junto con los <a href=\"https:\/\/www.subaru.es\/blog\/actualidad\/los-controles-antidroga-se-realizaran-en-cualquier-lugar-y-momento\/\">controles de drogas<\/a> y alcohol, y la <a href=\"https:\/\/www.subaru.es\/blog\/actualidad\/se-debate-subir-el-limite-de-velocidad-a-130-kmh\/\">velocidad m\u00e1xima en las autov\u00edas y autopistas<\/a>. Si examinamos los datos de siniestralidad en conjunto, vemos c\u00f3mo las <strong>carreteras secundarias aglutinan un buen n\u00famero de incidentes<\/strong> que, de forma bastante segura, ser\u00eda posible evitar con algunas medidas de seguridad. Sin embargo, lo que en la teor\u00eda nos va a parecer muy evidente, a la hora de llevarlo a la pr\u00e1ctica se ve c\u00f3mo las medidas \u00abmilagrosas\u00bb conllevan dificultades: \u00bfes siempre la soluci\u00f3n bajar la velocidad m\u00e1xima en carretera?<\/p>\n<h2><!--more-->La velocidad m\u00e1xima permitida es la punta del iceberg de las soluciones<\/h2>\n<p>Las <strong>soluciones<\/strong> posibles para minimizar las v\u00edctimas en esas carreteras secundarias son muchas, a pesar de que la mayor repercusi\u00f3n medi\u00e1tica se pone en la velocidad m\u00e1xima permitida. Esto es muy evidente si nos damos un paseo por algunos tramos de carretera secundaria, donde se observa un <strong>firme irregular<\/strong>, <strong>se\u00f1ales tapadas<\/strong> por vegetaci\u00f3n, o <strong>tramos con visibilidad bastante limitada<\/strong> por las frecuentes nieblas, por cambios de rasante&#8230; Incluso todos conocemos muchos tramos con alto riesgo de ser invadidos por un animal salvaje, sobre todo en horario nocturno.<\/p>\n<p>La velocidad no es el problema en esos casos, porque cuando uno se encuentra un firme en mal estado <a href=\"https:\/\/www.subaru.es\/blog\/actualidad\/el-limite-de-velocidad-en-carreteras-secundarias-sera-de-90-kmh\/\">no piensa en alcanzar los 90 o 100 km\/h l\u00edmite en las carreteras secundarias<\/a>, sino que con el sentido com\u00fan que todos tenemos, <strong>bajamos la velocidad instintivamente<\/strong>, a la defensiva por lo que pueda pasar. Sin embargo, a veces no es suficiente, sobre todo en tramos especialmente rotos, descuidados o cuando el firme est\u00e1 h\u00famedo, o mojado. Un tramo de <strong>carretera en malas condiciones puede esconder charcos<\/strong> de importancia, e incluso los peque\u00f1os socavones quedan enmascarados por la superficie del agua que contienen.<\/p>\n<p>En el caso de los <strong>animales salvajes<\/strong>, la falta de la contenci\u00f3n adecuada para evitar las incursiones es la mayor fuente de riesgos. La velocidad influye en la capacidad de reacci\u00f3n que tenemos, como es obvio, pero la velocidad que llevemos no es causa de que los animales irrumpan en la carretera, mientras que en el caso del firme en mal estado s\u00ed existe relaci\u00f3n de causalidad.<\/p>\n<p>La <strong>soluci\u00f3n al problema de las carreteras secundarias<\/strong> es complejo, pero pasa por una fuerte inversi\u00f3n en mejorar las infraestructuras; mantener el firme en condiciones; establecer separaciones f\u00edsicas entre carriles, algo muy complejo a menos que se construyan <a href=\"http:\/\/www.autobild.es\/noticias\/video-carreteras-con-carriles-21-para-salvar-vidas-215007\">carreteras de 2+1 carriles<\/a>, como en Suecia; mantener aislada la carretera de la presencia de animales sueltos; adecuaci\u00f3n o construcci\u00f3n de arcenes&#8230; Junto a todo esto, <strong>todos los conductores formamos parte de la soluci\u00f3n<\/strong>, al anteponer nuestra seguridad a la velocidad.<\/p>\n<p>Foto | <a href=\"https:\/\/www.flickr.com\/photos\/srgblog\/2454659965\/in\/photolist-aFA3nt-95mKXq-4JULTx-9wwXqW-e28j4Y-e23CHo-52iv1Y-4acAg-aoWUJr-dcY6A5-ed5niP-7sip6F-7FXHEC-nNdsK-6Sb2M3-oHMWH-u3SMrG-u3SAWJ-u6mZa8-u5Qpi1-u3SHfq-u6d4v4-tNC31u-u3SByf-u5Qquj-u5QyNJ-u6dcev-t9n4qV-u5Qvzj-t9mXsx-u3SLfJ-u5Qss7-t9n3f8\">srgpicker<\/a><\/p>\n","protected":false},"excerpt":{"rendered":"<p>Las carreteras secundarias son el nuevo caballo de batalla de la DGT, junto con los controles de drogas y alcohol, y la velocidad m\u00e1xima en las autov\u00edas y autopistas. Si examinamos los datos de siniestralidad en conjunto, vemos c\u00f3mo las carreteras secundarias aglutinan un buen n\u00famero de incidentes que, de forma bastante segura, ser\u00eda posible [&hellip;]<\/p>\n","protected":false},"author":21,"featured_media":11421,"comment_status":"open","ping_status":"open","sticky":false,"template":"","format":"standard","meta":{"_acf_changed":false,"_eb_attr":"","inline_featured_image":false,"footnotes":""},"categories":[4401],"tags":[3563,4007,3516],"class_list":["post-11420","post","type-post","status-publish","format-standard","has-post-thumbnail","hentry","category-nuestra-marca","tag-carreteras-secundarias","tag-carreteras-y-autovias","tag-mantenimiento-de-las-carreteras"],"acf":[],"yoast_head":"<!-- This site is optimized with the Yoast SEO plugin v27.3 - https:\/\/yoast.com\/product\/yoast-seo-wordpress\/ -->\n<title>\u00bfC\u00f3mo se podr\u00edan mejorar las carreteras secundarias? - Universo Subaru<\/title>\n<meta name=\"robots\" content=\"index, follow, max-snippet:-1, max-image-preview:large, max-video-preview:-1\" \/>\n<link rel=\"canonical\" href=\"https:\/\/www.subaru.es\/blog\/nuestra-marca\/como-se-podrian-mejorar-las-carreteras-secundarias\/\" \/>\n<meta property=\"og:locale\" content=\"es_ES\" \/>\n<meta property=\"og:type\" content=\"article\" \/>\n<meta property=\"og:title\" content=\"\u00bfC\u00f3mo se podr\u00edan mejorar las carreteras secundarias? - Universo Subaru\" \/>\n<meta property=\"og:description\" content=\"Las carreteras secundarias son el nuevo caballo de batalla de la DGT, junto con los controles de drogas y alcohol, y la velocidad m\u00e1xima en las autov\u00edas y autopistas. Si examinamos los datos de siniestralidad en conjunto, vemos c\u00f3mo las carreteras secundarias aglutinan un buen n\u00famero de incidentes que, de forma bastante segura, ser\u00eda posible [&hellip;]\" \/>\n<meta property=\"og:url\" content=\"https:\/\/www.subaru.es\/blog\/nuestra-marca\/como-se-podrian-mejorar-las-carreteras-secundarias\/\" \/>\n<meta property=\"og:site_name\" content=\"Universo Subaru\" \/>\n<meta property=\"article:publisher\" content=\"https:\/\/www.facebook.com\/subaruespana\" \/>\n<meta property=\"article:published_time\" content=\"2015-09-24T10:14:56+00:00\" \/>\n<meta property=\"article:modified_time\" content=\"2016-10-17T13:07:20+00:00\" \/>\n<meta property=\"og:image\" content=\"https:\/\/www.subaru.es\/blog\/wp-content\/uploads\/2015\/09\/2454659965_b1a76d131b_z.jpg\" \/>\n\t<meta property=\"og:image:width\" content=\"640\" \/>\n\t<meta property=\"og:image:height\" content=\"426\" \/>\n\t<meta property=\"og:image:type\" content=\"image\/jpeg\" \/>\n<meta name=\"author\" content=\"Subaru\" \/>\n<meta name=\"twitter:card\" content=\"summary_large_image\" \/>\n<meta name=\"twitter:label1\" content=\"Escrito por\" \/>\n\t<meta name=\"twitter:data1\" content=\"Subaru\" \/>\n\t<meta name=\"twitter:label2\" content=\"Tiempo de lectura\" \/>\n\t<meta name=\"twitter:data2\" content=\"2 minutos\" \/>\n<script type=\"application\/ld+json\" class=\"yoast-schema-graph\">{\"@context\":\"https:\\\/\\\/schema.org\",\"@graph\":[{\"@type\":\"Article\",\"@id\":\"https:\\\/\\\/www.subaru.es\\\/blog\\\/nuestra-marca\\\/como-se-podrian-mejorar-las-carreteras-secundarias\\\/#article\",\"isPartOf\":{\"@id\":\"https:\\\/\\\/www.subaru.es\\\/blog\\\/nuestra-marca\\\/como-se-podrian-mejorar-las-carreteras-secundarias\\\/\"},\"author\":{\"name\":\"Subaru\",\"@id\":\"https:\\\/\\\/www.subaru.es\\\/blog\\\/#\\\/schema\\\/person\\\/19a90b892230b8e0ec752704ddf4aa10\"},\"headline\":\"\u00bfC\u00f3mo se podr\u00edan mejorar las carreteras secundarias?\",\"datePublished\":\"2015-09-24T10:14:56+00:00\",\"dateModified\":\"2016-10-17T13:07:20+00:00\",\"mainEntityOfPage\":{\"@id\":\"https:\\\/\\\/www.subaru.es\\\/blog\\\/nuestra-marca\\\/como-se-podrian-mejorar-las-carreteras-secundarias\\\/\"},\"wordCount\":486,\"commentCount\":0,\"publisher\":{\"@id\":\"https:\\\/\\\/www.subaru.es\\\/blog\\\/#organization\"},\"image\":{\"@id\":\"https:\\\/\\\/www.subaru.es\\\/blog\\\/nuestra-marca\\\/como-se-podrian-mejorar-las-carreteras-secundarias\\\/#primaryimage\"},\"thumbnailUrl\":\"https:\\\/\\\/www.subaru.es\\\/blog\\\/wp-content\\\/uploads\\\/2015\\\/09\\\/2454659965_b1a76d131b_z.jpg\",\"keywords\":[\"carreteras secundarias\",\"Carreteras y Autov\u00edas\",\"mantenimiento de las carreteras\"],\"articleSection\":[\"Nuestra marca\"],\"inLanguage\":\"es\",\"potentialAction\":[{\"@type\":\"CommentAction\",\"name\":\"Comment\",\"target\":[\"https:\\\/\\\/www.subaru.es\\\/blog\\\/nuestra-marca\\\/como-se-podrian-mejorar-las-carreteras-secundarias\\\/#respond\"]}]},{\"@type\":\"WebPage\",\"@id\":\"https:\\\/\\\/www.subaru.es\\\/blog\\\/nuestra-marca\\\/como-se-podrian-mejorar-las-carreteras-secundarias\\\/\",\"url\":\"https:\\\/\\\/www.subaru.es\\\/blog\\\/nuestra-marca\\\/como-se-podrian-mejorar-las-carreteras-secundarias\\\/\",\"name\":\"\u00bfC\u00f3mo se podr\u00edan mejorar las carreteras secundarias? - Universo Subaru\",\"isPartOf\":{\"@id\":\"https:\\\/\\\/www.subaru.es\\\/blog\\\/#website\"},\"primaryImageOfPage\":{\"@id\":\"https:\\\/\\\/www.subaru.es\\\/blog\\\/nuestra-marca\\\/como-se-podrian-mejorar-las-carreteras-secundarias\\\/#primaryimage\"},\"image\":{\"@id\":\"https:\\\/\\\/www.subaru.es\\\/blog\\\/nuestra-marca\\\/como-se-podrian-mejorar-las-carreteras-secundarias\\\/#primaryimage\"},\"thumbnailUrl\":\"https:\\\/\\\/www.subaru.es\\\/blog\\\/wp-content\\\/uploads\\\/2015\\\/09\\\/2454659965_b1a76d131b_z.jpg\",\"datePublished\":\"2015-09-24T10:14:56+00:00\",\"dateModified\":\"2016-10-17T13:07:20+00:00\",\"breadcrumb\":{\"@id\":\"https:\\\/\\\/www.subaru.es\\\/blog\\\/nuestra-marca\\\/como-se-podrian-mejorar-las-carreteras-secundarias\\\/#breadcrumb\"},\"inLanguage\":\"es\",\"potentialAction\":[{\"@type\":\"ReadAction\",\"target\":[\"https:\\\/\\\/www.subaru.es\\\/blog\\\/nuestra-marca\\\/como-se-podrian-mejorar-las-carreteras-secundarias\\\/\"]}]},{\"@type\":\"ImageObject\",\"inLanguage\":\"es\",\"@id\":\"https:\\\/\\\/www.subaru.es\\\/blog\\\/nuestra-marca\\\/como-se-podrian-mejorar-las-carreteras-secundarias\\\/#primaryimage\",\"url\":\"https:\\\/\\\/www.subaru.es\\\/blog\\\/wp-content\\\/uploads\\\/2015\\\/09\\\/2454659965_b1a76d131b_z.jpg\",\"contentUrl\":\"https:\\\/\\\/www.subaru.es\\\/blog\\\/wp-content\\\/uploads\\\/2015\\\/09\\\/2454659965_b1a76d131b_z.jpg\",\"width\":640,\"height\":426},{\"@type\":\"BreadcrumbList\",\"@id\":\"https:\\\/\\\/www.subaru.es\\\/blog\\\/nuestra-marca\\\/como-se-podrian-mejorar-las-carreteras-secundarias\\\/#breadcrumb\",\"itemListElement\":[{\"@type\":\"ListItem\",\"position\":1,\"name\":\"Portada\",\"item\":\"https:\\\/\\\/www.subaru.es\\\/blog\\\/\"},{\"@type\":\"ListItem\",\"position\":2,\"name\":\"\u00bfC\u00f3mo se podr\u00edan mejorar las carreteras secundarias?\"}]},{\"@type\":\"WebSite\",\"@id\":\"https:\\\/\\\/www.subaru.es\\\/blog\\\/#website\",\"url\":\"https:\\\/\\\/www.subaru.es\\\/blog\\\/\",\"name\":\"Universo Subaru\",\"description\":\"Descubre este apasionante espacio de Subaru donde vas a conocer todo sobre nuestros coches y las experiencias que vivimos con ellos. Si est\u00e1s preparado para dejarte seducir por la filosof\u00eda Subaru, qu\u00e9date con nosotros.\",\"publisher\":{\"@id\":\"https:\\\/\\\/www.subaru.es\\\/blog\\\/#organization\"},\"potentialAction\":[{\"@type\":\"SearchAction\",\"target\":{\"@type\":\"EntryPoint\",\"urlTemplate\":\"https:\\\/\\\/www.subaru.es\\\/blog\\\/?s={search_term_string}\"},\"query-input\":{\"@type\":\"PropertyValueSpecification\",\"valueRequired\":true,\"valueName\":\"search_term_string\"}}],\"inLanguage\":\"es\"},{\"@type\":\"Organization\",\"@id\":\"https:\\\/\\\/www.subaru.es\\\/blog\\\/#organization\",\"name\":\"Subaru Espa\u00f1a S.A.\",\"url\":\"https:\\\/\\\/www.subaru.es\\\/blog\\\/\",\"logo\":{\"@type\":\"ImageObject\",\"inLanguage\":\"es\",\"@id\":\"https:\\\/\\\/www.subaru.es\\\/blog\\\/#\\\/schema\\\/logo\\\/image\\\/\",\"url\":\"https:\\\/\\\/www.subaru.es\\\/blog\\\/wp-content\\\/uploads\\\/2016\\\/12\\\/Logo-Subaru-TypeV_C300-scaled.jpg\",\"contentUrl\":\"https:\\\/\\\/www.subaru.es\\\/blog\\\/wp-content\\\/uploads\\\/2016\\\/12\\\/Logo-Subaru-TypeV_C300-scaled.jpg\",\"width\":2560,\"height\":1864,\"caption\":\"Subaru Espa\u00f1a S.A.\"},\"image\":{\"@id\":\"https:\\\/\\\/www.subaru.es\\\/blog\\\/#\\\/schema\\\/logo\\\/image\\\/\"},\"sameAs\":[\"https:\\\/\\\/www.facebook.com\\\/subaruespana\",\"https:\\\/\\\/www.instagram.com\\\/subarues\\\/\",\"https:\\\/\\\/www.youtube.com\\\/user\\\/subaruespana\"]},{\"@type\":\"Person\",\"@id\":\"https:\\\/\\\/www.subaru.es\\\/blog\\\/#\\\/schema\\\/person\\\/19a90b892230b8e0ec752704ddf4aa10\",\"name\":\"Subaru\",\"url\":\"https:\\\/\\\/www.subaru.es\\\/blog\\\/author\\\/subaria\\\/\"}]}<\/script>\n<!-- \/ Yoast SEO plugin. -->","yoast_head_json":{"title":"\u00bfC\u00f3mo se podr\u00edan mejorar las carreteras secundarias? - Universo Subaru","robots":{"index":"index","follow":"follow","max-snippet":"max-snippet:-1","max-image-preview":"max-image-preview:large","max-video-preview":"max-video-preview:-1"},"canonical":"https:\/\/www.subaru.es\/blog\/nuestra-marca\/como-se-podrian-mejorar-las-carreteras-secundarias\/","og_locale":"es_ES","og_type":"article","og_title":"\u00bfC\u00f3mo se podr\u00edan mejorar las carreteras secundarias? - Universo Subaru","og_description":"Las carreteras secundarias son el nuevo caballo de batalla de la DGT, junto con los controles de drogas y alcohol, y la velocidad m\u00e1xima en las autov\u00edas y autopistas. Si examinamos los datos de siniestralidad en conjunto, vemos c\u00f3mo las carreteras secundarias aglutinan un buen n\u00famero de incidentes que, de forma bastante segura, ser\u00eda posible [&hellip;]","og_url":"https:\/\/www.subaru.es\/blog\/nuestra-marca\/como-se-podrian-mejorar-las-carreteras-secundarias\/","og_site_name":"Universo Subaru","article_publisher":"https:\/\/www.facebook.com\/subaruespana","article_published_time":"2015-09-24T10:14:56+00:00","article_modified_time":"2016-10-17T13:07:20+00:00","og_image":[{"width":640,"height":426,"url":"https:\/\/www.subaru.es\/blog\/wp-content\/uploads\/2015\/09\/2454659965_b1a76d131b_z.jpg","type":"image\/jpeg"}],"author":"Subaru","twitter_card":"summary_large_image","twitter_misc":{"Escrito por":"Subaru","Tiempo de lectura":"2 minutos"},"schema":{"@context":"https:\/\/schema.org","@graph":[{"@type":"Article","@id":"https:\/\/www.subaru.es\/blog\/nuestra-marca\/como-se-podrian-mejorar-las-carreteras-secundarias\/#article","isPartOf":{"@id":"https:\/\/www.subaru.es\/blog\/nuestra-marca\/como-se-podrian-mejorar-las-carreteras-secundarias\/"},"author":{"name":"Subaru","@id":"https:\/\/www.subaru.es\/blog\/#\/schema\/person\/19a90b892230b8e0ec752704ddf4aa10"},"headline":"\u00bfC\u00f3mo se podr\u00edan mejorar las carreteras secundarias?","datePublished":"2015-09-24T10:14:56+00:00","dateModified":"2016-10-17T13:07:20+00:00","mainEntityOfPage":{"@id":"https:\/\/www.subaru.es\/blog\/nuestra-marca\/como-se-podrian-mejorar-las-carreteras-secundarias\/"},"wordCount":486,"commentCount":0,"publisher":{"@id":"https:\/\/www.subaru.es\/blog\/#organization"},"image":{"@id":"https:\/\/www.subaru.es\/blog\/nuestra-marca\/como-se-podrian-mejorar-las-carreteras-secundarias\/#primaryimage"},"thumbnailUrl":"https:\/\/www.subaru.es\/blog\/wp-content\/uploads\/2015\/09\/2454659965_b1a76d131b_z.jpg","keywords":["carreteras secundarias","Carreteras y Autov\u00edas","mantenimiento de las carreteras"],"articleSection":["Nuestra marca"],"inLanguage":"es","potentialAction":[{"@type":"CommentAction","name":"Comment","target":["https:\/\/www.subaru.es\/blog\/nuestra-marca\/como-se-podrian-mejorar-las-carreteras-secundarias\/#respond"]}]},{"@type":"WebPage","@id":"https:\/\/www.subaru.es\/blog\/nuestra-marca\/como-se-podrian-mejorar-las-carreteras-secundarias\/","url":"https:\/\/www.subaru.es\/blog\/nuestra-marca\/como-se-podrian-mejorar-las-carreteras-secundarias\/","name":"\u00bfC\u00f3mo se podr\u00edan mejorar las carreteras secundarias? - Universo Subaru","isPartOf":{"@id":"https:\/\/www.subaru.es\/blog\/#website"},"primaryImageOfPage":{"@id":"https:\/\/www.subaru.es\/blog\/nuestra-marca\/como-se-podrian-mejorar-las-carreteras-secundarias\/#primaryimage"},"image":{"@id":"https:\/\/www.subaru.es\/blog\/nuestra-marca\/como-se-podrian-mejorar-las-carreteras-secundarias\/#primaryimage"},"thumbnailUrl":"https:\/\/www.subaru.es\/blog\/wp-content\/uploads\/2015\/09\/2454659965_b1a76d131b_z.jpg","datePublished":"2015-09-24T10:14:56+00:00","dateModified":"2016-10-17T13:07:20+00:00","breadcrumb":{"@id":"https:\/\/www.subaru.es\/blog\/nuestra-marca\/como-se-podrian-mejorar-las-carreteras-secundarias\/#breadcrumb"},"inLanguage":"es","potentialAction":[{"@type":"ReadAction","target":["https:\/\/www.subaru.es\/blog\/nuestra-marca\/como-se-podrian-mejorar-las-carreteras-secundarias\/"]}]},{"@type":"ImageObject","inLanguage":"es","@id":"https:\/\/www.subaru.es\/blog\/nuestra-marca\/como-se-podrian-mejorar-las-carreteras-secundarias\/#primaryimage","url":"https:\/\/www.subaru.es\/blog\/wp-content\/uploads\/2015\/09\/2454659965_b1a76d131b_z.jpg","contentUrl":"https:\/\/www.subaru.es\/blog\/wp-content\/uploads\/2015\/09\/2454659965_b1a76d131b_z.jpg","width":640,"height":426},{"@type":"BreadcrumbList","@id":"https:\/\/www.subaru.es\/blog\/nuestra-marca\/como-se-podrian-mejorar-las-carreteras-secundarias\/#breadcrumb","itemListElement":[{"@type":"ListItem","position":1,"name":"Portada","item":"https:\/\/www.subaru.es\/blog\/"},{"@type":"ListItem","position":2,"name":"\u00bfC\u00f3mo se podr\u00edan mejorar las carreteras secundarias?"}]},{"@type":"WebSite","@id":"https:\/\/www.subaru.es\/blog\/#website","url":"https:\/\/www.subaru.es\/blog\/","name":"Universo Subaru","description":"Descubre este apasionante espacio de Subaru donde vas a conocer todo sobre nuestros coches y las experiencias que vivimos con ellos. Si est\u00e1s preparado para dejarte seducir por la filosof\u00eda Subaru, qu\u00e9date con nosotros.","publisher":{"@id":"https:\/\/www.subaru.es\/blog\/#organization"},"potentialAction":[{"@type":"SearchAction","target":{"@type":"EntryPoint","urlTemplate":"https:\/\/www.subaru.es\/blog\/?s={search_term_string}"},"query-input":{"@type":"PropertyValueSpecification","valueRequired":true,"valueName":"search_term_string"}}],"inLanguage":"es"},{"@type":"Organization","@id":"https:\/\/www.subaru.es\/blog\/#organization","name":"Subaru Espa\u00f1a S.A.","url":"https:\/\/www.subaru.es\/blog\/","logo":{"@type":"ImageObject","inLanguage":"es","@id":"https:\/\/www.subaru.es\/blog\/#\/schema\/logo\/image\/","url":"https:\/\/www.subaru.es\/blog\/wp-content\/uploads\/2016\/12\/Logo-Subaru-TypeV_C300-scaled.jpg","contentUrl":"https:\/\/www.subaru.es\/blog\/wp-content\/uploads\/2016\/12\/Logo-Subaru-TypeV_C300-scaled.jpg","width":2560,"height":1864,"caption":"Subaru Espa\u00f1a S.A."},"image":{"@id":"https:\/\/www.subaru.es\/blog\/#\/schema\/logo\/image\/"},"sameAs":["https:\/\/www.facebook.com\/subaruespana","https:\/\/www.instagram.com\/subarues\/","https:\/\/www.youtube.com\/user\/subaruespana"]},{"@type":"Person","@id":"https:\/\/www.subaru.es\/blog\/#\/schema\/person\/19a90b892230b8e0ec752704ddf4aa10","name":"Subaru","url":"https:\/\/www.subaru.es\/blog\/author\/subaria\/"}]}},"_links":{"self":[{"href":"https:\/\/www.subaru.es\/blog\/wp-json\/wp\/v2\/posts\/11420","targetHints":{"allow":["GET"]}}],"collection":[{"href":"https:\/\/www.subaru.es\/blog\/wp-json\/wp\/v2\/posts"}],"about":[{"href":"https:\/\/www.subaru.es\/blog\/wp-json\/wp\/v2\/types\/post"}],"author":[{"embeddable":true,"href":"https:\/\/www.subaru.es\/blog\/wp-json\/wp\/v2\/users\/21"}],"replies":[{"embeddable":true,"href":"https:\/\/www.subaru.es\/blog\/wp-json\/wp\/v2\/comments?post=11420"}],"version-history":[{"count":1,"href":"https:\/\/www.subaru.es\/blog\/wp-json\/wp\/v2\/posts\/11420\/revisions"}],"predecessor-version":[{"id":15978,"href":"https:\/\/www.subaru.es\/blog\/wp-json\/wp\/v2\/posts\/11420\/revisions\/15978"}],"wp:featuredmedia":[{"embeddable":true,"href":"https:\/\/www.subaru.es\/blog\/wp-json\/wp\/v2\/media\/11421"}],"wp:attachment":[{"href":"https:\/\/www.subaru.es\/blog\/wp-json\/wp\/v2\/media?parent=11420"}],"wp:term":[{"taxonomy":"category","embeddable":true,"href":"https:\/\/www.subaru.es\/blog\/wp-json\/wp\/v2\/categories?post=11420"},{"taxonomy":"post_tag","embeddable":true,"href":"https:\/\/www.subaru.es\/blog\/wp-json\/wp\/v2\/tags?post=11420"}],"curies":[{"name":"wp","href":"https:\/\/api.w.org\/{rel}","templated":true}]}}