{"id":1139,"date":"2008-07-10T09:18:20","date_gmt":"2008-07-10T07:18:20","guid":{"rendered":"http:\/\/subaru.preproduccion.com\/blog\/wp-content\/2008\/07\/10\/cazorla-aspira-al-triunfo-en-canarias\/"},"modified":"2016-10-17T15:09:04","modified_gmt":"2016-10-17T13:09:04","slug":"cazorla-aspira-al-triunfo-en-canarias","status":"publish","type":"post","link":"https:\/\/www.subaru.es\/blog\/nuestra-marca\/cazorla-aspira-al-triunfo-en-canarias\/","title":{"rendered":"Cazorla aspira al triunfo en Canarias"},"content":{"rendered":"<p><center><img data-src='https:\/\/www.subaru.es\/blog\/wp-content\/uploads\/2008\/07\/sene-cazorla-canarias.jpg' alt='sene-cazorla-canarias.jpg' src='data:image\/svg+xml;base64,PHN2ZyB3aWR0aD0iMSIgaGVpZ2h0PSIxIiB4bWxucz0iaHR0cDovL3d3dy53My5vcmcvMjAwMC9zdmciPjwvc3ZnPg==' class='lazyload' style='--smush-placeholder-width: 280px; --smush-placeholder-aspect-ratio: 280\/280;' \/><\/Center><br \/>\n<strong>Sene Cazorla<\/strong> lleva una temporada cargada de triunfos. Y \u00e9ste no podr\u00eda ser menos. El piloto de <strong>Subaru <\/strong>es uno de los <strong>candidatos a conseguir el primer puesto en el circuito Ciudad Deportiva Islas Canarias<\/strong>, que va a celebrarse el 6 de julio en la localidad de <strong>Telde<\/strong>. Adem\u00e1s, la cita va a ser puntuable para el <strong>Campeonato Provincial de Las Palmas<\/strong>.<\/p>\n<p><strong>Sene Cazorla y su copiloto, Yessi Luzardo, (Subaru Impreza STi) <\/strong>son los actuales campeones de esta especialidad, por lo que, para Cazorla, volver a correr en este circuito es rememorar los triunfos conseguidos la pasada temporada. As\u00ed, en esta carrera va a intentar de nuevo estar en el <strong>podium<\/strong>. <\/p>\n<p>Esta <strong>III edici\u00f3n del Slalom Ciudad Deportiva Islas Canarias <\/strong>va a contar con la participaci\u00f3n de <strong>45 equipos<\/strong>. <strong>Sene <\/strong>llega a esta prueba tras haberse impuesto, el pasado fin de semana, en la carrera sobre tierra del <strong>Stadium Race<\/strong>, que tuvo lugar en <strong>Gran Canaria<\/strong>. <\/p>\n<p><strong>Cazorla <\/strong>ha reconocido que no ten\u00eda previsto correr ninguna prueba del <strong>Provincial<\/strong>, pero, teniendo en cuenta que la siguiente prueba del <strong>Regional de Tierra <\/strong>no se disputa hasta el mes de septiembre, ha decidido participar en <strong>Telde <\/strong>para continuar adapt\u00e1ndose a la montura y no perder el ritmo de competici\u00f3n.<\/p>\n","protected":false},"excerpt":{"rendered":"<p>Sene Cazorla lleva una temporada cargada de triunfos. Y \u00e9ste no podr\u00eda ser menos. El piloto de Subaru es uno de los candidatos a conseguir el primer puesto en el circuito Ciudad Deportiva Islas Canarias, que va a celebrarse el 6 de julio en la localidad de Telde. Adem\u00e1s, la cita va a ser puntuable [&hellip;]<\/p>\n","protected":false},"author":21,"featured_media":1138,"comment_status":"open","ping_status":"open","sticky":false,"template":"","format":"standard","meta":{"_acf_changed":false,"_eb_attr":"","inline_featured_image":false,"footnotes":""},"categories":[4401],"tags":[873,868,865,866,875,872,871,877,876,624,874,4390,152,867,870,599,869],"class_list":["post-1139","post","type-post","status-publish","format-standard","has-post-thumbnail","hentry","category-nuestra-marca","tag-45-equipos","tag-campeonato-provincial-de-las-palmas","tag-candidato","tag-circuito-ciudad-deportiva-islas-canarias","tag-gran-canaria","tag-iii-edicion-del-slalom-ciudad-deportiva-islas-canarias","tag-podium","tag-provincial","tag-regional-de-tierra","tag-sene-cazorla","tag-stadium-race","tag-subaru","tag-subaru-impreza-sti","tag-telde","tag-temporada","tag-triunfo","tag-yessi-luzardo"],"acf":[],"yoast_head":"<!-- This site is optimized with the Yoast SEO plugin v27.3 - https:\/\/yoast.com\/product\/yoast-seo-wordpress\/ -->\n<title>Cazorla aspira al triunfo en Canarias - Universo Subaru<\/title>\n<meta name=\"robots\" content=\"index, follow, max-snippet:-1, max-image-preview:large, max-video-preview:-1\" \/>\n<link rel=\"canonical\" href=\"https:\/\/www.subaru.es\/blog\/nuestra-marca\/cazorla-aspira-al-triunfo-en-canarias\/\" \/>\n<meta property=\"og:locale\" content=\"es_ES\" \/>\n<meta property=\"og:type\" content=\"article\" \/>\n<meta property=\"og:title\" content=\"Cazorla aspira al triunfo en Canarias - Universo Subaru\" \/>\n<meta property=\"og:description\" content=\"Sene Cazorla lleva una temporada cargada de triunfos. Y \u00e9ste no podr\u00eda ser menos. El piloto de Subaru es uno de los candidatos a conseguir el primer puesto en el circuito Ciudad Deportiva Islas Canarias, que va a celebrarse el 6 de julio en la localidad de Telde. Adem\u00e1s, la cita va a ser puntuable [&hellip;]\" \/>\n<meta property=\"og:url\" content=\"https:\/\/www.subaru.es\/blog\/nuestra-marca\/cazorla-aspira-al-triunfo-en-canarias\/\" \/>\n<meta property=\"og:site_name\" content=\"Universo Subaru\" \/>\n<meta property=\"article:publisher\" content=\"https:\/\/www.facebook.com\/subaruespana\" \/>\n<meta property=\"article:published_time\" content=\"2008-07-10T07:18:20+00:00\" \/>\n<meta property=\"article:modified_time\" content=\"2016-10-17T13:09:04+00:00\" \/>\n<meta property=\"og:image\" content=\"https:\/\/www.subaru.es\/blog\/wp-content\/uploads\/2008\/07\/sene.jpg\" \/>\n\t<meta property=\"og:image:width\" content=\"650\" \/>\n\t<meta property=\"og:image:height\" content=\"390\" \/>\n\t<meta property=\"og:image:type\" content=\"image\/jpeg\" \/>\n<meta name=\"author\" content=\"Subaru\" \/>\n<meta name=\"twitter:card\" content=\"summary_large_image\" \/>\n<meta name=\"twitter:label1\" content=\"Escrito por\" \/>\n\t<meta name=\"twitter:data1\" content=\"Subaru\" \/>\n\t<meta name=\"twitter:label2\" content=\"Tiempo de lectura\" \/>\n\t<meta name=\"twitter:data2\" content=\"1 minuto\" \/>\n<script type=\"application\/ld+json\" class=\"yoast-schema-graph\">{\"@context\":\"https:\\\/\\\/schema.org\",\"@graph\":[{\"@type\":\"Article\",\"@id\":\"https:\\\/\\\/www.subaru.es\\\/blog\\\/nuestra-marca\\\/cazorla-aspira-al-triunfo-en-canarias\\\/#article\",\"isPartOf\":{\"@id\":\"https:\\\/\\\/www.subaru.es\\\/blog\\\/nuestra-marca\\\/cazorla-aspira-al-triunfo-en-canarias\\\/\"},\"author\":{\"name\":\"Subaru\",\"@id\":\"https:\\\/\\\/www.subaru.es\\\/blog\\\/#\\\/schema\\\/person\\\/19a90b892230b8e0ec752704ddf4aa10\"},\"headline\":\"Cazorla aspira al triunfo en Canarias\",\"datePublished\":\"2008-07-10T07:18:20+00:00\",\"dateModified\":\"2016-10-17T13:09:04+00:00\",\"mainEntityOfPage\":{\"@id\":\"https:\\\/\\\/www.subaru.es\\\/blog\\\/nuestra-marca\\\/cazorla-aspira-al-triunfo-en-canarias\\\/\"},\"wordCount\":217,\"commentCount\":0,\"publisher\":{\"@id\":\"https:\\\/\\\/www.subaru.es\\\/blog\\\/#organization\"},\"image\":{\"@id\":\"https:\\\/\\\/www.subaru.es\\\/blog\\\/nuestra-marca\\\/cazorla-aspira-al-triunfo-en-canarias\\\/#primaryimage\"},\"thumbnailUrl\":\"https:\\\/\\\/www.subaru.es\\\/blog\\\/wp-content\\\/uploads\\\/2008\\\/07\\\/sene.jpg\",\"keywords\":[\"45 equipos\",\"Campeonato Provincial de Las Palmas\",\"candidato\",\"circuito Ciudad Deportiva Islas Canarias\",\"Gran Canaria\",\"III edici\u00f3n del Slalom Ciudad Deportiva Islas Canarias\",\"podium\",\"provincial\",\"Regional de Tierra\",\"sene cazorla\",\"Stadium Race\",\"Subaru\",\"subaru impreza sti\",\"Telde\",\"temporada\",\"triunfo\",\"Yessi Luzardo\"],\"articleSection\":[\"Nuestra marca\"],\"inLanguage\":\"es\",\"potentialAction\":[{\"@type\":\"CommentAction\",\"name\":\"Comment\",\"target\":[\"https:\\\/\\\/www.subaru.es\\\/blog\\\/nuestra-marca\\\/cazorla-aspira-al-triunfo-en-canarias\\\/#respond\"]}]},{\"@type\":\"WebPage\",\"@id\":\"https:\\\/\\\/www.subaru.es\\\/blog\\\/nuestra-marca\\\/cazorla-aspira-al-triunfo-en-canarias\\\/\",\"url\":\"https:\\\/\\\/www.subaru.es\\\/blog\\\/nuestra-marca\\\/cazorla-aspira-al-triunfo-en-canarias\\\/\",\"name\":\"Cazorla aspira al triunfo en Canarias - Universo Subaru\",\"isPartOf\":{\"@id\":\"https:\\\/\\\/www.subaru.es\\\/blog\\\/#website\"},\"primaryImageOfPage\":{\"@id\":\"https:\\\/\\\/www.subaru.es\\\/blog\\\/nuestra-marca\\\/cazorla-aspira-al-triunfo-en-canarias\\\/#primaryimage\"},\"image\":{\"@id\":\"https:\\\/\\\/www.subaru.es\\\/blog\\\/nuestra-marca\\\/cazorla-aspira-al-triunfo-en-canarias\\\/#primaryimage\"},\"thumbnailUrl\":\"https:\\\/\\\/www.subaru.es\\\/blog\\\/wp-content\\\/uploads\\\/2008\\\/07\\\/sene.jpg\",\"datePublished\":\"2008-07-10T07:18:20+00:00\",\"dateModified\":\"2016-10-17T13:09:04+00:00\",\"breadcrumb\":{\"@id\":\"https:\\\/\\\/www.subaru.es\\\/blog\\\/nuestra-marca\\\/cazorla-aspira-al-triunfo-en-canarias\\\/#breadcrumb\"},\"inLanguage\":\"es\",\"potentialAction\":[{\"@type\":\"ReadAction\",\"target\":[\"https:\\\/\\\/www.subaru.es\\\/blog\\\/nuestra-marca\\\/cazorla-aspira-al-triunfo-en-canarias\\\/\"]}]},{\"@type\":\"ImageObject\",\"inLanguage\":\"es\",\"@id\":\"https:\\\/\\\/www.subaru.es\\\/blog\\\/nuestra-marca\\\/cazorla-aspira-al-triunfo-en-canarias\\\/#primaryimage\",\"url\":\"https:\\\/\\\/www.subaru.es\\\/blog\\\/wp-content\\\/uploads\\\/2008\\\/07\\\/sene.jpg\",\"contentUrl\":\"https:\\\/\\\/www.subaru.es\\\/blog\\\/wp-content\\\/uploads\\\/2008\\\/07\\\/sene.jpg\",\"width\":650,\"height\":390},{\"@type\":\"BreadcrumbList\",\"@id\":\"https:\\\/\\\/www.subaru.es\\\/blog\\\/nuestra-marca\\\/cazorla-aspira-al-triunfo-en-canarias\\\/#breadcrumb\",\"itemListElement\":[{\"@type\":\"ListItem\",\"position\":1,\"name\":\"Portada\",\"item\":\"https:\\\/\\\/www.subaru.es\\\/blog\\\/\"},{\"@type\":\"ListItem\",\"position\":2,\"name\":\"Cazorla aspira al triunfo en Canarias\"}]},{\"@type\":\"WebSite\",\"@id\":\"https:\\\/\\\/www.subaru.es\\\/blog\\\/#website\",\"url\":\"https:\\\/\\\/www.subaru.es\\\/blog\\\/\",\"name\":\"Universo Subaru\",\"description\":\"Descubre este apasionante espacio de Subaru donde vas a conocer todo sobre nuestros coches y las experiencias que vivimos con ellos. Si est\u00e1s preparado para dejarte seducir por la filosof\u00eda Subaru, qu\u00e9date con nosotros.\",\"publisher\":{\"@id\":\"https:\\\/\\\/www.subaru.es\\\/blog\\\/#organization\"},\"potentialAction\":[{\"@type\":\"SearchAction\",\"target\":{\"@type\":\"EntryPoint\",\"urlTemplate\":\"https:\\\/\\\/www.subaru.es\\\/blog\\\/?s={search_term_string}\"},\"query-input\":{\"@type\":\"PropertyValueSpecification\",\"valueRequired\":true,\"valueName\":\"search_term_string\"}}],\"inLanguage\":\"es\"},{\"@type\":\"Organization\",\"@id\":\"https:\\\/\\\/www.subaru.es\\\/blog\\\/#organization\",\"name\":\"Subaru Espa\u00f1a S.A.\",\"url\":\"https:\\\/\\\/www.subaru.es\\\/blog\\\/\",\"logo\":{\"@type\":\"ImageObject\",\"inLanguage\":\"es\",\"@id\":\"https:\\\/\\\/www.subaru.es\\\/blog\\\/#\\\/schema\\\/logo\\\/image\\\/\",\"url\":\"https:\\\/\\\/www.subaru.es\\\/blog\\\/wp-content\\\/uploads\\\/2016\\\/12\\\/Logo-Subaru-TypeV_C300-scaled.jpg\",\"contentUrl\":\"https:\\\/\\\/www.subaru.es\\\/blog\\\/wp-content\\\/uploads\\\/2016\\\/12\\\/Logo-Subaru-TypeV_C300-scaled.jpg\",\"width\":2560,\"height\":1864,\"caption\":\"Subaru Espa\u00f1a S.A.\"},\"image\":{\"@id\":\"https:\\\/\\\/www.subaru.es\\\/blog\\\/#\\\/schema\\\/logo\\\/image\\\/\"},\"sameAs\":[\"https:\\\/\\\/www.facebook.com\\\/subaruespana\",\"https:\\\/\\\/www.instagram.com\\\/subarues\\\/\",\"https:\\\/\\\/www.youtube.com\\\/user\\\/subaruespana\"]},{\"@type\":\"Person\",\"@id\":\"https:\\\/\\\/www.subaru.es\\\/blog\\\/#\\\/schema\\\/person\\\/19a90b892230b8e0ec752704ddf4aa10\",\"name\":\"Subaru\",\"url\":\"https:\\\/\\\/www.subaru.es\\\/blog\\\/author\\\/subaria\\\/\"}]}<\/script>\n<!-- \/ Yoast SEO plugin. -->","yoast_head_json":{"title":"Cazorla aspira al triunfo en Canarias - Universo Subaru","robots":{"index":"index","follow":"follow","max-snippet":"max-snippet:-1","max-image-preview":"max-image-preview:large","max-video-preview":"max-video-preview:-1"},"canonical":"https:\/\/www.subaru.es\/blog\/nuestra-marca\/cazorla-aspira-al-triunfo-en-canarias\/","og_locale":"es_ES","og_type":"article","og_title":"Cazorla aspira al triunfo en Canarias - Universo Subaru","og_description":"Sene Cazorla lleva una temporada cargada de triunfos. Y \u00e9ste no podr\u00eda ser menos. El piloto de Subaru es uno de los candidatos a conseguir el primer puesto en el circuito Ciudad Deportiva Islas Canarias, que va a celebrarse el 6 de julio en la localidad de Telde. Adem\u00e1s, la cita va a ser puntuable [&hellip;]","og_url":"https:\/\/www.subaru.es\/blog\/nuestra-marca\/cazorla-aspira-al-triunfo-en-canarias\/","og_site_name":"Universo Subaru","article_publisher":"https:\/\/www.facebook.com\/subaruespana","article_published_time":"2008-07-10T07:18:20+00:00","article_modified_time":"2016-10-17T13:09:04+00:00","og_image":[{"width":650,"height":390,"url":"https:\/\/www.subaru.es\/blog\/wp-content\/uploads\/2008\/07\/sene.jpg","type":"image\/jpeg"}],"author":"Subaru","twitter_card":"summary_large_image","twitter_misc":{"Escrito por":"Subaru","Tiempo de lectura":"1 minuto"},"schema":{"@context":"https:\/\/schema.org","@graph":[{"@type":"Article","@id":"https:\/\/www.subaru.es\/blog\/nuestra-marca\/cazorla-aspira-al-triunfo-en-canarias\/#article","isPartOf":{"@id":"https:\/\/www.subaru.es\/blog\/nuestra-marca\/cazorla-aspira-al-triunfo-en-canarias\/"},"author":{"name":"Subaru","@id":"https:\/\/www.subaru.es\/blog\/#\/schema\/person\/19a90b892230b8e0ec752704ddf4aa10"},"headline":"Cazorla aspira al triunfo en Canarias","datePublished":"2008-07-10T07:18:20+00:00","dateModified":"2016-10-17T13:09:04+00:00","mainEntityOfPage":{"@id":"https:\/\/www.subaru.es\/blog\/nuestra-marca\/cazorla-aspira-al-triunfo-en-canarias\/"},"wordCount":217,"commentCount":0,"publisher":{"@id":"https:\/\/www.subaru.es\/blog\/#organization"},"image":{"@id":"https:\/\/www.subaru.es\/blog\/nuestra-marca\/cazorla-aspira-al-triunfo-en-canarias\/#primaryimage"},"thumbnailUrl":"https:\/\/www.subaru.es\/blog\/wp-content\/uploads\/2008\/07\/sene.jpg","keywords":["45 equipos","Campeonato Provincial de Las Palmas","candidato","circuito Ciudad Deportiva Islas Canarias","Gran Canaria","III edici\u00f3n del Slalom Ciudad Deportiva Islas Canarias","podium","provincial","Regional de Tierra","sene cazorla","Stadium Race","Subaru","subaru impreza sti","Telde","temporada","triunfo","Yessi Luzardo"],"articleSection":["Nuestra marca"],"inLanguage":"es","potentialAction":[{"@type":"CommentAction","name":"Comment","target":["https:\/\/www.subaru.es\/blog\/nuestra-marca\/cazorla-aspira-al-triunfo-en-canarias\/#respond"]}]},{"@type":"WebPage","@id":"https:\/\/www.subaru.es\/blog\/nuestra-marca\/cazorla-aspira-al-triunfo-en-canarias\/","url":"https:\/\/www.subaru.es\/blog\/nuestra-marca\/cazorla-aspira-al-triunfo-en-canarias\/","name":"Cazorla aspira al triunfo en Canarias - Universo Subaru","isPartOf":{"@id":"https:\/\/www.subaru.es\/blog\/#website"},"primaryImageOfPage":{"@id":"https:\/\/www.subaru.es\/blog\/nuestra-marca\/cazorla-aspira-al-triunfo-en-canarias\/#primaryimage"},"image":{"@id":"https:\/\/www.subaru.es\/blog\/nuestra-marca\/cazorla-aspira-al-triunfo-en-canarias\/#primaryimage"},"thumbnailUrl":"https:\/\/www.subaru.es\/blog\/wp-content\/uploads\/2008\/07\/sene.jpg","datePublished":"2008-07-10T07:18:20+00:00","dateModified":"2016-10-17T13:09:04+00:00","breadcrumb":{"@id":"https:\/\/www.subaru.es\/blog\/nuestra-marca\/cazorla-aspira-al-triunfo-en-canarias\/#breadcrumb"},"inLanguage":"es","potentialAction":[{"@type":"ReadAction","target":["https:\/\/www.subaru.es\/blog\/nuestra-marca\/cazorla-aspira-al-triunfo-en-canarias\/"]}]},{"@type":"ImageObject","inLanguage":"es","@id":"https:\/\/www.subaru.es\/blog\/nuestra-marca\/cazorla-aspira-al-triunfo-en-canarias\/#primaryimage","url":"https:\/\/www.subaru.es\/blog\/wp-content\/uploads\/2008\/07\/sene.jpg","contentUrl":"https:\/\/www.subaru.es\/blog\/wp-content\/uploads\/2008\/07\/sene.jpg","width":650,"height":390},{"@type":"BreadcrumbList","@id":"https:\/\/www.subaru.es\/blog\/nuestra-marca\/cazorla-aspira-al-triunfo-en-canarias\/#breadcrumb","itemListElement":[{"@type":"ListItem","position":1,"name":"Portada","item":"https:\/\/www.subaru.es\/blog\/"},{"@type":"ListItem","position":2,"name":"Cazorla aspira al triunfo en Canarias"}]},{"@type":"WebSite","@id":"https:\/\/www.subaru.es\/blog\/#website","url":"https:\/\/www.subaru.es\/blog\/","name":"Universo Subaru","description":"Descubre este apasionante espacio de Subaru donde vas a conocer todo sobre nuestros coches y las experiencias que vivimos con ellos. Si est\u00e1s preparado para dejarte seducir por la filosof\u00eda Subaru, qu\u00e9date con nosotros.","publisher":{"@id":"https:\/\/www.subaru.es\/blog\/#organization"},"potentialAction":[{"@type":"SearchAction","target":{"@type":"EntryPoint","urlTemplate":"https:\/\/www.subaru.es\/blog\/?s={search_term_string}"},"query-input":{"@type":"PropertyValueSpecification","valueRequired":true,"valueName":"search_term_string"}}],"inLanguage":"es"},{"@type":"Organization","@id":"https:\/\/www.subaru.es\/blog\/#organization","name":"Subaru Espa\u00f1a S.A.","url":"https:\/\/www.subaru.es\/blog\/","logo":{"@type":"ImageObject","inLanguage":"es","@id":"https:\/\/www.subaru.es\/blog\/#\/schema\/logo\/image\/","url":"https:\/\/www.subaru.es\/blog\/wp-content\/uploads\/2016\/12\/Logo-Subaru-TypeV_C300-scaled.jpg","contentUrl":"https:\/\/www.subaru.es\/blog\/wp-content\/uploads\/2016\/12\/Logo-Subaru-TypeV_C300-scaled.jpg","width":2560,"height":1864,"caption":"Subaru Espa\u00f1a S.A."},"image":{"@id":"https:\/\/www.subaru.es\/blog\/#\/schema\/logo\/image\/"},"sameAs":["https:\/\/www.facebook.com\/subaruespana","https:\/\/www.instagram.com\/subarues\/","https:\/\/www.youtube.com\/user\/subaruespana"]},{"@type":"Person","@id":"https:\/\/www.subaru.es\/blog\/#\/schema\/person\/19a90b892230b8e0ec752704ddf4aa10","name":"Subaru","url":"https:\/\/www.subaru.es\/blog\/author\/subaria\/"}]}},"_links":{"self":[{"href":"https:\/\/www.subaru.es\/blog\/wp-json\/wp\/v2\/posts\/1139","targetHints":{"allow":["GET"]}}],"collection":[{"href":"https:\/\/www.subaru.es\/blog\/wp-json\/wp\/v2\/posts"}],"about":[{"href":"https:\/\/www.subaru.es\/blog\/wp-json\/wp\/v2\/types\/post"}],"author":[{"embeddable":true,"href":"https:\/\/www.subaru.es\/blog\/wp-json\/wp\/v2\/users\/21"}],"replies":[{"embeddable":true,"href":"https:\/\/www.subaru.es\/blog\/wp-json\/wp\/v2\/comments?post=1139"}],"version-history":[{"count":1,"href":"https:\/\/www.subaru.es\/blog\/wp-json\/wp\/v2\/posts\/1139\/revisions"}],"predecessor-version":[{"id":15488,"href":"https:\/\/www.subaru.es\/blog\/wp-json\/wp\/v2\/posts\/1139\/revisions\/15488"}],"wp:featuredmedia":[{"embeddable":true,"href":"https:\/\/www.subaru.es\/blog\/wp-json\/wp\/v2\/media\/1138"}],"wp:attachment":[{"href":"https:\/\/www.subaru.es\/blog\/wp-json\/wp\/v2\/media?parent=1139"}],"wp:term":[{"taxonomy":"category","embeddable":true,"href":"https:\/\/www.subaru.es\/blog\/wp-json\/wp\/v2\/categories?post=1139"},{"taxonomy":"post_tag","embeddable":true,"href":"https:\/\/www.subaru.es\/blog\/wp-json\/wp\/v2\/tags?post=1139"}],"curies":[{"name":"wp","href":"https:\/\/api.w.org\/{rel}","templated":true}]}}