{"id":11373,"date":"2015-07-24T09:50:55","date_gmt":"2015-07-24T07:50:55","guid":{"rendered":"http:\/\/subaru.preproduccion.com\/blog\/?p=11373"},"modified":"2016-10-17T15:07:20","modified_gmt":"2016-10-17T13:07:20","slug":"el-cinturon-de-seguridad-si-no-esta-tenso-no-protege","status":"publish","type":"post","link":"https:\/\/www.subaru.es\/blog\/nuestra-marca\/el-cinturon-de-seguridad-si-no-esta-tenso-no-protege\/","title":{"rendered":"El cintur\u00f3n de seguridad, si no est\u00e1 tenso no protege"},"content":{"rendered":"<p><img decoding=\"async\" class=\"aligncenter size-full wp-image-11380 lazyload\" title=\"cinturon seguridad\" data-src=\"https:\/\/www.subaru.es\/blog\/wp-content\/uploads\/2015\/07\/cinturon-seguridad.jpg\" alt=\"\" width=\"654\" height=\"420\" data-srcset=\"https:\/\/www.subaru.es\/blog\/wp-content\/uploads\/2015\/07\/cinturon-seguridad.jpg 654w, https:\/\/www.subaru.es\/blog\/wp-content\/uploads\/2015\/07\/cinturon-seguridad-560x360.jpg 560w\" data-sizes=\"(max-width: 654px) 100vw, 654px\" src=\"data:image\/svg+xml;base64,PHN2ZyB3aWR0aD0iMSIgaGVpZ2h0PSIxIiB4bWxucz0iaHR0cDovL3d3dy53My5vcmcvMjAwMC9zdmciPjwvc3ZnPg==\" style=\"--smush-placeholder-width: 654px; --smush-placeholder-aspect-ratio: 654\/420;\" \/><\/p>\n<p>El <strong>cintur\u00f3n de seguridad<\/strong> es el sistema de seguridad pasiva que m\u00e1s vidas lleva salvadas <a href=\"https:\/\/www.subaru.es\/blog\/ingenieria-del-motor\/el-cinturon-de-seguridad-un-salvavidas-de-casi-60-anos\/\">desde su introducci\u00f3n en los coches de serie en 1959<\/a>. Se estima que las probabilidades de fallecer en una colisi\u00f3n se reducen al 50% si llevamos el cintur\u00f3n de seguridad correctamente abrochado. Y esto es solo si tenemos disponible el cintur\u00f3n de seguridad, pero como sabemos, existe <strong>el airbag<\/strong>, y dentro del sistema del cintur\u00f3n tenemos <a href=\"https:\/\/www.subaru.es\/blog\/subaru\/tecnologia-subaru-la-busqueda-de-la-seguridad\/\"><strong>pretensores<\/strong> y tambi\u00e9n limitadores de carga<\/a> que aumentan aun m\u00e1s las probabilidades de supervivencia. Sin embargo, <strong>un gesto tan simple como tensar bien el cintur\u00f3n<\/strong> cuando nos lo abrochamos, multiplica nuestras posibilidades.<\/p>\n<p><!--more-->\u00bfPor qu\u00e9? La respuesta es bien sencilla: el cintur\u00f3n de seguridad no tiene otro cometido que <strong>sujetar nuestro cuerpo lo mejor posible<\/strong>, desde el primer momento en que se da la colisi\u00f3n. Si hay una holgura, si el cintur\u00f3n de seguridad cede algo en ese momento, nuestro cuerpo iniciar\u00e1 el movimiento sin protecci\u00f3n alguna, y cuando el cintur\u00f3n s\u00ed retenga, llevaremos una velocidad m\u00e1s elevada y lo m\u00ednimo que pasar\u00e1 es que notaremos el \u00abgolpe\u00bb.<\/p>\n<p>Esto, que <strong>puede ser cuesti\u00f3n de un cent\u00edmetro de holgura<\/strong>, reduce la efectividad de un sistema tan sencillo como el cintur\u00f3n de seguridad. Por disponer de pretensores no nos debemos relajar en esto, porque un simple gesto al abrocharnos el cintur\u00f3n no nos lleva ni un segundo extra. \u00bfC\u00f3mo hacemos? Una vez abrochado el cintur\u00f3n, tiraremos de la cinta que pasa por nuestro hombro hacia arriba, de forma que la que reposa sobre nuestras piernas se ci\u00f1a bien.<\/p>\n<p>F\u00edjate bien, cuando lo hagas la pr\u00f3xima vez, porque el cintur\u00f3n tiene esa holgura de un cent\u00edmetro escaso por muy nuevo que est\u00e9. Es un <strong>gesto sencillo<\/strong> y que puedes automatizar, de la misma manera que inspeccionas los espejos, y tendr\u00e1s la seguridad de que todos los sistemas actuar\u00e1n a la perfecci\u00f3n en el caso de que los necesites.<\/p>\n<p>Adem\u00e1s, no olvides que para ajustar bien el cintur\u00f3n debes estar correctamente sentado: con la espalda pegada al asiento, en una posici\u00f3n correcta (ni demasiado recto, ni demasiado recostado), debes o\u00edr el click del broche, y adem\u00e1s has de comprobar que el cintur\u00f3n no est\u00e9 enrollado o pinzado.<\/p>\n","protected":false},"excerpt":{"rendered":"<p>El cintur\u00f3n de seguridad es el sistema de seguridad pasiva que m\u00e1s vidas lleva salvadas desde su introducci\u00f3n en los coches de serie en 1959. Se estima que las probabilidades de fallecer en una colisi\u00f3n se reducen al 50% si llevamos el cintur\u00f3n de seguridad correctamente abrochado. Y esto es solo si tenemos disponible el [&hellip;]<\/p>\n","protected":false},"author":21,"featured_media":11380,"comment_status":"open","ping_status":"open","sticky":false,"template":"","format":"standard","meta":{"_acf_changed":false,"_eb_attr":"","inline_featured_image":false,"footnotes":""},"categories":[4401],"tags":[3428,3453,411,3630],"class_list":["post-11373","post","type-post","status-publish","format-standard","has-post-thumbnail","hentry","category-nuestra-marca","tag-cinturon-de-seguridad","tag-seguridad-pasiva","tag-seguridad-vial","tag-sistemas-de-seguridad"],"acf":[],"yoast_head":"<!-- This site is optimized with the Yoast SEO plugin v27.3 - https:\/\/yoast.com\/product\/yoast-seo-wordpress\/ -->\n<title>El cintur\u00f3n de seguridad, si no est\u00e1 tenso no protege - Universo Subaru<\/title>\n<meta name=\"robots\" content=\"index, follow, max-snippet:-1, max-image-preview:large, max-video-preview:-1\" \/>\n<link rel=\"canonical\" href=\"https:\/\/www.subaru.es\/blog\/nuestra-marca\/el-cinturon-de-seguridad-si-no-esta-tenso-no-protege\/\" \/>\n<meta property=\"og:locale\" content=\"es_ES\" \/>\n<meta property=\"og:type\" content=\"article\" \/>\n<meta property=\"og:title\" content=\"El cintur\u00f3n de seguridad, si no est\u00e1 tenso no protege - Universo Subaru\" \/>\n<meta property=\"og:description\" content=\"El cintur\u00f3n de seguridad es el sistema de seguridad pasiva que m\u00e1s vidas lleva salvadas desde su introducci\u00f3n en los coches de serie en 1959. Se estima que las probabilidades de fallecer en una colisi\u00f3n se reducen al 50% si llevamos el cintur\u00f3n de seguridad correctamente abrochado. Y esto es solo si tenemos disponible el [&hellip;]\" \/>\n<meta property=\"og:url\" content=\"https:\/\/www.subaru.es\/blog\/nuestra-marca\/el-cinturon-de-seguridad-si-no-esta-tenso-no-protege\/\" \/>\n<meta property=\"og:site_name\" content=\"Universo Subaru\" \/>\n<meta property=\"article:publisher\" content=\"https:\/\/www.facebook.com\/subaruespana\" \/>\n<meta property=\"article:published_time\" content=\"2015-07-24T07:50:55+00:00\" \/>\n<meta property=\"article:modified_time\" content=\"2016-10-17T13:07:20+00:00\" \/>\n<meta property=\"og:image\" content=\"https:\/\/www.subaru.es\/blog\/wp-content\/uploads\/2015\/07\/cinturon-seguridad.jpg\" \/>\n\t<meta property=\"og:image:width\" content=\"654\" \/>\n\t<meta property=\"og:image:height\" content=\"420\" \/>\n\t<meta property=\"og:image:type\" content=\"image\/jpeg\" \/>\n<meta name=\"author\" content=\"Subaru\" \/>\n<meta name=\"twitter:card\" content=\"summary_large_image\" \/>\n<meta name=\"twitter:label1\" content=\"Escrito por\" \/>\n\t<meta name=\"twitter:data1\" content=\"Subaru\" \/>\n\t<meta name=\"twitter:label2\" content=\"Tiempo de lectura\" \/>\n\t<meta name=\"twitter:data2\" content=\"2 minutos\" \/>\n<script type=\"application\/ld+json\" class=\"yoast-schema-graph\">{\"@context\":\"https:\\\/\\\/schema.org\",\"@graph\":[{\"@type\":\"Article\",\"@id\":\"https:\\\/\\\/www.subaru.es\\\/blog\\\/nuestra-marca\\\/el-cinturon-de-seguridad-si-no-esta-tenso-no-protege\\\/#article\",\"isPartOf\":{\"@id\":\"https:\\\/\\\/www.subaru.es\\\/blog\\\/nuestra-marca\\\/el-cinturon-de-seguridad-si-no-esta-tenso-no-protege\\\/\"},\"author\":{\"name\":\"Subaru\",\"@id\":\"https:\\\/\\\/www.subaru.es\\\/blog\\\/#\\\/schema\\\/person\\\/19a90b892230b8e0ec752704ddf4aa10\"},\"headline\":\"El cintur\u00f3n de seguridad, si no est\u00e1 tenso no protege\",\"datePublished\":\"2015-07-24T07:50:55+00:00\",\"dateModified\":\"2016-10-17T13:07:20+00:00\",\"mainEntityOfPage\":{\"@id\":\"https:\\\/\\\/www.subaru.es\\\/blog\\\/nuestra-marca\\\/el-cinturon-de-seguridad-si-no-esta-tenso-no-protege\\\/\"},\"wordCount\":409,\"commentCount\":0,\"publisher\":{\"@id\":\"https:\\\/\\\/www.subaru.es\\\/blog\\\/#organization\"},\"image\":{\"@id\":\"https:\\\/\\\/www.subaru.es\\\/blog\\\/nuestra-marca\\\/el-cinturon-de-seguridad-si-no-esta-tenso-no-protege\\\/#primaryimage\"},\"thumbnailUrl\":\"https:\\\/\\\/www.subaru.es\\\/blog\\\/wp-content\\\/uploads\\\/2015\\\/07\\\/cinturon-seguridad.jpg\",\"keywords\":[\"cintur\u00f3n de seguridad\",\"Seguridad pasiva\",\"seguridad vial\",\"Sistemas de seguridad\"],\"articleSection\":[\"Nuestra marca\"],\"inLanguage\":\"es\",\"potentialAction\":[{\"@type\":\"CommentAction\",\"name\":\"Comment\",\"target\":[\"https:\\\/\\\/www.subaru.es\\\/blog\\\/nuestra-marca\\\/el-cinturon-de-seguridad-si-no-esta-tenso-no-protege\\\/#respond\"]}]},{\"@type\":\"WebPage\",\"@id\":\"https:\\\/\\\/www.subaru.es\\\/blog\\\/nuestra-marca\\\/el-cinturon-de-seguridad-si-no-esta-tenso-no-protege\\\/\",\"url\":\"https:\\\/\\\/www.subaru.es\\\/blog\\\/nuestra-marca\\\/el-cinturon-de-seguridad-si-no-esta-tenso-no-protege\\\/\",\"name\":\"El cintur\u00f3n de seguridad, si no est\u00e1 tenso no protege - Universo Subaru\",\"isPartOf\":{\"@id\":\"https:\\\/\\\/www.subaru.es\\\/blog\\\/#website\"},\"primaryImageOfPage\":{\"@id\":\"https:\\\/\\\/www.subaru.es\\\/blog\\\/nuestra-marca\\\/el-cinturon-de-seguridad-si-no-esta-tenso-no-protege\\\/#primaryimage\"},\"image\":{\"@id\":\"https:\\\/\\\/www.subaru.es\\\/blog\\\/nuestra-marca\\\/el-cinturon-de-seguridad-si-no-esta-tenso-no-protege\\\/#primaryimage\"},\"thumbnailUrl\":\"https:\\\/\\\/www.subaru.es\\\/blog\\\/wp-content\\\/uploads\\\/2015\\\/07\\\/cinturon-seguridad.jpg\",\"datePublished\":\"2015-07-24T07:50:55+00:00\",\"dateModified\":\"2016-10-17T13:07:20+00:00\",\"breadcrumb\":{\"@id\":\"https:\\\/\\\/www.subaru.es\\\/blog\\\/nuestra-marca\\\/el-cinturon-de-seguridad-si-no-esta-tenso-no-protege\\\/#breadcrumb\"},\"inLanguage\":\"es\",\"potentialAction\":[{\"@type\":\"ReadAction\",\"target\":[\"https:\\\/\\\/www.subaru.es\\\/blog\\\/nuestra-marca\\\/el-cinturon-de-seguridad-si-no-esta-tenso-no-protege\\\/\"]}]},{\"@type\":\"ImageObject\",\"inLanguage\":\"es\",\"@id\":\"https:\\\/\\\/www.subaru.es\\\/blog\\\/nuestra-marca\\\/el-cinturon-de-seguridad-si-no-esta-tenso-no-protege\\\/#primaryimage\",\"url\":\"https:\\\/\\\/www.subaru.es\\\/blog\\\/wp-content\\\/uploads\\\/2015\\\/07\\\/cinturon-seguridad.jpg\",\"contentUrl\":\"https:\\\/\\\/www.subaru.es\\\/blog\\\/wp-content\\\/uploads\\\/2015\\\/07\\\/cinturon-seguridad.jpg\",\"width\":654,\"height\":420},{\"@type\":\"BreadcrumbList\",\"@id\":\"https:\\\/\\\/www.subaru.es\\\/blog\\\/nuestra-marca\\\/el-cinturon-de-seguridad-si-no-esta-tenso-no-protege\\\/#breadcrumb\",\"itemListElement\":[{\"@type\":\"ListItem\",\"position\":1,\"name\":\"Portada\",\"item\":\"https:\\\/\\\/www.subaru.es\\\/blog\\\/\"},{\"@type\":\"ListItem\",\"position\":2,\"name\":\"El cintur\u00f3n de seguridad, si no est\u00e1 tenso no protege\"}]},{\"@type\":\"WebSite\",\"@id\":\"https:\\\/\\\/www.subaru.es\\\/blog\\\/#website\",\"url\":\"https:\\\/\\\/www.subaru.es\\\/blog\\\/\",\"name\":\"Universo Subaru\",\"description\":\"Descubre este apasionante espacio de Subaru donde vas a conocer todo sobre nuestros coches y las experiencias que vivimos con ellos. Si est\u00e1s preparado para dejarte seducir por la filosof\u00eda Subaru, qu\u00e9date con nosotros.\",\"publisher\":{\"@id\":\"https:\\\/\\\/www.subaru.es\\\/blog\\\/#organization\"},\"potentialAction\":[{\"@type\":\"SearchAction\",\"target\":{\"@type\":\"EntryPoint\",\"urlTemplate\":\"https:\\\/\\\/www.subaru.es\\\/blog\\\/?s={search_term_string}\"},\"query-input\":{\"@type\":\"PropertyValueSpecification\",\"valueRequired\":true,\"valueName\":\"search_term_string\"}}],\"inLanguage\":\"es\"},{\"@type\":\"Organization\",\"@id\":\"https:\\\/\\\/www.subaru.es\\\/blog\\\/#organization\",\"name\":\"Subaru Espa\u00f1a S.A.\",\"url\":\"https:\\\/\\\/www.subaru.es\\\/blog\\\/\",\"logo\":{\"@type\":\"ImageObject\",\"inLanguage\":\"es\",\"@id\":\"https:\\\/\\\/www.subaru.es\\\/blog\\\/#\\\/schema\\\/logo\\\/image\\\/\",\"url\":\"https:\\\/\\\/www.subaru.es\\\/blog\\\/wp-content\\\/uploads\\\/2016\\\/12\\\/Logo-Subaru-TypeV_C300-scaled.jpg\",\"contentUrl\":\"https:\\\/\\\/www.subaru.es\\\/blog\\\/wp-content\\\/uploads\\\/2016\\\/12\\\/Logo-Subaru-TypeV_C300-scaled.jpg\",\"width\":2560,\"height\":1864,\"caption\":\"Subaru Espa\u00f1a S.A.\"},\"image\":{\"@id\":\"https:\\\/\\\/www.subaru.es\\\/blog\\\/#\\\/schema\\\/logo\\\/image\\\/\"},\"sameAs\":[\"https:\\\/\\\/www.facebook.com\\\/subaruespana\",\"https:\\\/\\\/www.instagram.com\\\/subarues\\\/\",\"https:\\\/\\\/www.youtube.com\\\/user\\\/subaruespana\"]},{\"@type\":\"Person\",\"@id\":\"https:\\\/\\\/www.subaru.es\\\/blog\\\/#\\\/schema\\\/person\\\/19a90b892230b8e0ec752704ddf4aa10\",\"name\":\"Subaru\",\"url\":\"https:\\\/\\\/www.subaru.es\\\/blog\\\/author\\\/subaria\\\/\"}]}<\/script>\n<!-- \/ Yoast SEO plugin. -->","yoast_head_json":{"title":"El cintur\u00f3n de seguridad, si no est\u00e1 tenso no protege - Universo Subaru","robots":{"index":"index","follow":"follow","max-snippet":"max-snippet:-1","max-image-preview":"max-image-preview:large","max-video-preview":"max-video-preview:-1"},"canonical":"https:\/\/www.subaru.es\/blog\/nuestra-marca\/el-cinturon-de-seguridad-si-no-esta-tenso-no-protege\/","og_locale":"es_ES","og_type":"article","og_title":"El cintur\u00f3n de seguridad, si no est\u00e1 tenso no protege - Universo Subaru","og_description":"El cintur\u00f3n de seguridad es el sistema de seguridad pasiva que m\u00e1s vidas lleva salvadas desde su introducci\u00f3n en los coches de serie en 1959. Se estima que las probabilidades de fallecer en una colisi\u00f3n se reducen al 50% si llevamos el cintur\u00f3n de seguridad correctamente abrochado. Y esto es solo si tenemos disponible el [&hellip;]","og_url":"https:\/\/www.subaru.es\/blog\/nuestra-marca\/el-cinturon-de-seguridad-si-no-esta-tenso-no-protege\/","og_site_name":"Universo Subaru","article_publisher":"https:\/\/www.facebook.com\/subaruespana","article_published_time":"2015-07-24T07:50:55+00:00","article_modified_time":"2016-10-17T13:07:20+00:00","og_image":[{"width":654,"height":420,"url":"https:\/\/www.subaru.es\/blog\/wp-content\/uploads\/2015\/07\/cinturon-seguridad.jpg","type":"image\/jpeg"}],"author":"Subaru","twitter_card":"summary_large_image","twitter_misc":{"Escrito por":"Subaru","Tiempo de lectura":"2 minutos"},"schema":{"@context":"https:\/\/schema.org","@graph":[{"@type":"Article","@id":"https:\/\/www.subaru.es\/blog\/nuestra-marca\/el-cinturon-de-seguridad-si-no-esta-tenso-no-protege\/#article","isPartOf":{"@id":"https:\/\/www.subaru.es\/blog\/nuestra-marca\/el-cinturon-de-seguridad-si-no-esta-tenso-no-protege\/"},"author":{"name":"Subaru","@id":"https:\/\/www.subaru.es\/blog\/#\/schema\/person\/19a90b892230b8e0ec752704ddf4aa10"},"headline":"El cintur\u00f3n de seguridad, si no est\u00e1 tenso no protege","datePublished":"2015-07-24T07:50:55+00:00","dateModified":"2016-10-17T13:07:20+00:00","mainEntityOfPage":{"@id":"https:\/\/www.subaru.es\/blog\/nuestra-marca\/el-cinturon-de-seguridad-si-no-esta-tenso-no-protege\/"},"wordCount":409,"commentCount":0,"publisher":{"@id":"https:\/\/www.subaru.es\/blog\/#organization"},"image":{"@id":"https:\/\/www.subaru.es\/blog\/nuestra-marca\/el-cinturon-de-seguridad-si-no-esta-tenso-no-protege\/#primaryimage"},"thumbnailUrl":"https:\/\/www.subaru.es\/blog\/wp-content\/uploads\/2015\/07\/cinturon-seguridad.jpg","keywords":["cintur\u00f3n de seguridad","Seguridad pasiva","seguridad vial","Sistemas de seguridad"],"articleSection":["Nuestra marca"],"inLanguage":"es","potentialAction":[{"@type":"CommentAction","name":"Comment","target":["https:\/\/www.subaru.es\/blog\/nuestra-marca\/el-cinturon-de-seguridad-si-no-esta-tenso-no-protege\/#respond"]}]},{"@type":"WebPage","@id":"https:\/\/www.subaru.es\/blog\/nuestra-marca\/el-cinturon-de-seguridad-si-no-esta-tenso-no-protege\/","url":"https:\/\/www.subaru.es\/blog\/nuestra-marca\/el-cinturon-de-seguridad-si-no-esta-tenso-no-protege\/","name":"El cintur\u00f3n de seguridad, si no est\u00e1 tenso no protege - Universo Subaru","isPartOf":{"@id":"https:\/\/www.subaru.es\/blog\/#website"},"primaryImageOfPage":{"@id":"https:\/\/www.subaru.es\/blog\/nuestra-marca\/el-cinturon-de-seguridad-si-no-esta-tenso-no-protege\/#primaryimage"},"image":{"@id":"https:\/\/www.subaru.es\/blog\/nuestra-marca\/el-cinturon-de-seguridad-si-no-esta-tenso-no-protege\/#primaryimage"},"thumbnailUrl":"https:\/\/www.subaru.es\/blog\/wp-content\/uploads\/2015\/07\/cinturon-seguridad.jpg","datePublished":"2015-07-24T07:50:55+00:00","dateModified":"2016-10-17T13:07:20+00:00","breadcrumb":{"@id":"https:\/\/www.subaru.es\/blog\/nuestra-marca\/el-cinturon-de-seguridad-si-no-esta-tenso-no-protege\/#breadcrumb"},"inLanguage":"es","potentialAction":[{"@type":"ReadAction","target":["https:\/\/www.subaru.es\/blog\/nuestra-marca\/el-cinturon-de-seguridad-si-no-esta-tenso-no-protege\/"]}]},{"@type":"ImageObject","inLanguage":"es","@id":"https:\/\/www.subaru.es\/blog\/nuestra-marca\/el-cinturon-de-seguridad-si-no-esta-tenso-no-protege\/#primaryimage","url":"https:\/\/www.subaru.es\/blog\/wp-content\/uploads\/2015\/07\/cinturon-seguridad.jpg","contentUrl":"https:\/\/www.subaru.es\/blog\/wp-content\/uploads\/2015\/07\/cinturon-seguridad.jpg","width":654,"height":420},{"@type":"BreadcrumbList","@id":"https:\/\/www.subaru.es\/blog\/nuestra-marca\/el-cinturon-de-seguridad-si-no-esta-tenso-no-protege\/#breadcrumb","itemListElement":[{"@type":"ListItem","position":1,"name":"Portada","item":"https:\/\/www.subaru.es\/blog\/"},{"@type":"ListItem","position":2,"name":"El cintur\u00f3n de seguridad, si no est\u00e1 tenso no protege"}]},{"@type":"WebSite","@id":"https:\/\/www.subaru.es\/blog\/#website","url":"https:\/\/www.subaru.es\/blog\/","name":"Universo Subaru","description":"Descubre este apasionante espacio de Subaru donde vas a conocer todo sobre nuestros coches y las experiencias que vivimos con ellos. Si est\u00e1s preparado para dejarte seducir por la filosof\u00eda Subaru, qu\u00e9date con nosotros.","publisher":{"@id":"https:\/\/www.subaru.es\/blog\/#organization"},"potentialAction":[{"@type":"SearchAction","target":{"@type":"EntryPoint","urlTemplate":"https:\/\/www.subaru.es\/blog\/?s={search_term_string}"},"query-input":{"@type":"PropertyValueSpecification","valueRequired":true,"valueName":"search_term_string"}}],"inLanguage":"es"},{"@type":"Organization","@id":"https:\/\/www.subaru.es\/blog\/#organization","name":"Subaru Espa\u00f1a S.A.","url":"https:\/\/www.subaru.es\/blog\/","logo":{"@type":"ImageObject","inLanguage":"es","@id":"https:\/\/www.subaru.es\/blog\/#\/schema\/logo\/image\/","url":"https:\/\/www.subaru.es\/blog\/wp-content\/uploads\/2016\/12\/Logo-Subaru-TypeV_C300-scaled.jpg","contentUrl":"https:\/\/www.subaru.es\/blog\/wp-content\/uploads\/2016\/12\/Logo-Subaru-TypeV_C300-scaled.jpg","width":2560,"height":1864,"caption":"Subaru Espa\u00f1a S.A."},"image":{"@id":"https:\/\/www.subaru.es\/blog\/#\/schema\/logo\/image\/"},"sameAs":["https:\/\/www.facebook.com\/subaruespana","https:\/\/www.instagram.com\/subarues\/","https:\/\/www.youtube.com\/user\/subaruespana"]},{"@type":"Person","@id":"https:\/\/www.subaru.es\/blog\/#\/schema\/person\/19a90b892230b8e0ec752704ddf4aa10","name":"Subaru","url":"https:\/\/www.subaru.es\/blog\/author\/subaria\/"}]}},"_links":{"self":[{"href":"https:\/\/www.subaru.es\/blog\/wp-json\/wp\/v2\/posts\/11373","targetHints":{"allow":["GET"]}}],"collection":[{"href":"https:\/\/www.subaru.es\/blog\/wp-json\/wp\/v2\/posts"}],"about":[{"href":"https:\/\/www.subaru.es\/blog\/wp-json\/wp\/v2\/types\/post"}],"author":[{"embeddable":true,"href":"https:\/\/www.subaru.es\/blog\/wp-json\/wp\/v2\/users\/21"}],"replies":[{"embeddable":true,"href":"https:\/\/www.subaru.es\/blog\/wp-json\/wp\/v2\/comments?post=11373"}],"version-history":[{"count":1,"href":"https:\/\/www.subaru.es\/blog\/wp-json\/wp\/v2\/posts\/11373\/revisions"}],"predecessor-version":[{"id":15982,"href":"https:\/\/www.subaru.es\/blog\/wp-json\/wp\/v2\/posts\/11373\/revisions\/15982"}],"wp:featuredmedia":[{"embeddable":true,"href":"https:\/\/www.subaru.es\/blog\/wp-json\/wp\/v2\/media\/11380"}],"wp:attachment":[{"href":"https:\/\/www.subaru.es\/blog\/wp-json\/wp\/v2\/media?parent=11373"}],"wp:term":[{"taxonomy":"category","embeddable":true,"href":"https:\/\/www.subaru.es\/blog\/wp-json\/wp\/v2\/categories?post=11373"},{"taxonomy":"post_tag","embeddable":true,"href":"https:\/\/www.subaru.es\/blog\/wp-json\/wp\/v2\/tags?post=11373"}],"curies":[{"name":"wp","href":"https:\/\/api.w.org\/{rel}","templated":true}]}}