{"id":1100,"date":"2008-06-29T15:44:25","date_gmt":"2008-06-29T13:44:25","guid":{"rendered":"http:\/\/subaru.preproduccion.com\/blog\/wp-content\/2008\/06\/29\/los-nuevos-subaru-impreza-en-orense\/"},"modified":"2016-10-17T15:09:24","modified_gmt":"2016-10-17T13:09:24","slug":"los-nuevos-subaru-impreza-en-orense","status":"publish","type":"post","link":"https:\/\/www.subaru.es\/blog\/nuestra-marca\/los-nuevos-subaru-impreza-en-orense\/","title":{"rendered":"Los nuevos Subaru Impreza en Orense"},"content":{"rendered":"<p><img data-src='https:\/\/www.subaru.es\/blog\/wp-content\/uploads\/2008\/06\/nuevo-impreza-orense.jpg' alt='Nuevo Impreza 08, Rally de Ourense' src='data:image\/svg+xml;base64,PHN2ZyB3aWR0aD0iMSIgaGVpZ2h0PSIxIiB4bWxucz0iaHR0cDovL3d3dy53My5vcmcvMjAwMC9zdmciPjwvc3ZnPg==' class='lazyload' style='--smush-placeholder-width: 480px; --smush-placeholder-aspect-ratio: 480\/221;' \/><br \/>\nLa quinta prueba del <strong>Campeonato Nacional de Rallyes<\/strong>, que se celebr\u00f3 en <strong>Orense <\/strong>este fin de semana, volvi\u00f3 a ser un reto para <strong>los nuevos Subaru Impreza<\/strong>. Y es que, a los siempre dif\u00edciles tramos que forman el recorrido, tanto por el trazado como por las caracter\u00edsticas del asfalto, se uni\u00f3 el intenso calor que acompa\u00f1\u00f3 a los equipos durante todo el recorrido. <\/p>\n<p>El equipo, pilotado por <strong>Francisco Pardo<\/strong>, tuvo algunos problemas con la aceleraci\u00f3n, que le impidieron hacer mejores tiempos de los previstos. Pero, a\u00fan as\u00ed, consigui\u00f3 situarse en la quinta plaza del <strong>trofeo de Producci\u00f3n<\/strong>. La cuarta plaza del mencionado trofeo fue para <strong>Carlos Oliveira <\/strong>que, en su segunda participaci\u00f3n en asfalto con <strong>Subaru<\/strong>, se adapta cada vez mejor a la montura y a los tramos espa\u00f1oles. <\/p>\n<p>Por su parte, <strong>Roberto Reiriz<\/strong>, en su primera participaci\u00f3n con Subaru, cumpli\u00f3 el objetivo de hacer kil\u00f3metros y adquirir experiencia en un campeonato nuevo para el joven piloto, que cuenta con s\u00f3lo cuatro carreras en su haber. <\/p>\n<p>El <a href=\"http:\/\/www.rallyeferrol.com\/\"><strong>Rallye del Ferrol<\/strong>, <\/a>previsto para <strong>los pr\u00f3ximos 9 y 10 de a<\/strong>gosto, ser\u00e1 la pr\u00f3xima participaci\u00f3n de la <strong>Subaru Impreza Cup<\/strong>. All\u00ed se espera que alg\u00fan piloto m\u00e1s se incorpore a la marca. A pesar de lo complicado de la carrera de <strong>Orense<\/strong>, los <strong>Subaru <\/strong>respondieron perfectamente y lograron terminar el Rally. <\/p>\n","protected":false},"excerpt":{"rendered":"<p>La quinta prueba del Campeonato Nacional de Rallyes, que se celebr\u00f3 en Orense este fin de semana, volvi\u00f3 a ser un reto para los nuevos Subaru Impreza. Y es que, a los siempre dif\u00edciles tramos que forman el recorrido, tanto por el trazado como por las caracter\u00edsticas del asfalto, se uni\u00f3 el intenso calor que [&hellip;]<\/p>\n","protected":false},"author":21,"featured_media":1101,"comment_status":"open","ping_status":"open","sticky":false,"template":"","format":"standard","meta":{"_acf_changed":false,"_eb_attr":"","inline_featured_image":false,"footnotes":""},"categories":[4401],"tags":[775,638,773,771,43,776,772,117,777,774],"class_list":["post-1100","post","type-post","status-publish","format-standard","has-post-thumbnail","hentry","category-nuestra-marca","tag-campeonato-nacional-de-rallyes","tag-carlos-oliveira","tag-francisco-pardo","tag-orense","tag-rally","tag-rallye-del-ferrol","tag-roberto-reiriz","tag-subaru-impreza","tag-subaru-impreza-cup","tag-trofeo-de-produccion"],"acf":[],"yoast_head":"<!-- This site is optimized with the Yoast SEO plugin v27.3 - https:\/\/yoast.com\/product\/yoast-seo-wordpress\/ -->\n<title>Los nuevos Subaru Impreza en Orense - Universo Subaru<\/title>\n<meta name=\"robots\" content=\"index, follow, max-snippet:-1, max-image-preview:large, max-video-preview:-1\" \/>\n<link rel=\"canonical\" href=\"https:\/\/www.subaru.es\/blog\/nuestra-marca\/los-nuevos-subaru-impreza-en-orense\/\" \/>\n<meta property=\"og:locale\" content=\"es_ES\" \/>\n<meta property=\"og:type\" content=\"article\" \/>\n<meta property=\"og:title\" content=\"Los nuevos Subaru Impreza en Orense - Universo Subaru\" \/>\n<meta property=\"og:description\" content=\"La quinta prueba del Campeonato Nacional de Rallyes, que se celebr\u00f3 en Orense este fin de semana, volvi\u00f3 a ser un reto para los nuevos Subaru Impreza. Y es que, a los siempre dif\u00edciles tramos que forman el recorrido, tanto por el trazado como por las caracter\u00edsticas del asfalto, se uni\u00f3 el intenso calor que [&hellip;]\" \/>\n<meta property=\"og:url\" content=\"https:\/\/www.subaru.es\/blog\/nuestra-marca\/los-nuevos-subaru-impreza-en-orense\/\" \/>\n<meta property=\"og:site_name\" content=\"Universo Subaru\" \/>\n<meta property=\"article:publisher\" content=\"https:\/\/www.facebook.com\/subaruespana\" \/>\n<meta property=\"article:published_time\" content=\"2008-06-29T13:44:25+00:00\" \/>\n<meta property=\"article:modified_time\" content=\"2016-10-17T13:09:24+00:00\" \/>\n<meta property=\"og:image\" content=\"https:\/\/www.subaru.es\/blog\/wp-content\/uploads\/2008\/06\/f-pardo.jpg\" \/>\n\t<meta property=\"og:image:width\" content=\"312\" \/>\n\t<meta property=\"og:image:height\" content=\"208\" \/>\n\t<meta property=\"og:image:type\" content=\"image\/jpeg\" \/>\n<meta name=\"author\" content=\"Subaru\" \/>\n<meta name=\"twitter:card\" content=\"summary_large_image\" \/>\n<meta name=\"twitter:label1\" content=\"Escrito por\" \/>\n\t<meta name=\"twitter:data1\" content=\"Subaru\" \/>\n\t<meta name=\"twitter:label2\" content=\"Tiempo de lectura\" \/>\n\t<meta name=\"twitter:data2\" content=\"1 minuto\" \/>\n<script type=\"application\/ld+json\" class=\"yoast-schema-graph\">{\"@context\":\"https:\\\/\\\/schema.org\",\"@graph\":[{\"@type\":\"Article\",\"@id\":\"https:\\\/\\\/www.subaru.es\\\/blog\\\/nuestra-marca\\\/los-nuevos-subaru-impreza-en-orense\\\/#article\",\"isPartOf\":{\"@id\":\"https:\\\/\\\/www.subaru.es\\\/blog\\\/nuestra-marca\\\/los-nuevos-subaru-impreza-en-orense\\\/\"},\"author\":{\"name\":\"Subaru\",\"@id\":\"https:\\\/\\\/www.subaru.es\\\/blog\\\/#\\\/schema\\\/person\\\/19a90b892230b8e0ec752704ddf4aa10\"},\"headline\":\"Los nuevos Subaru Impreza en Orense\",\"datePublished\":\"2008-06-29T13:44:25+00:00\",\"dateModified\":\"2016-10-17T13:09:24+00:00\",\"mainEntityOfPage\":{\"@id\":\"https:\\\/\\\/www.subaru.es\\\/blog\\\/nuestra-marca\\\/los-nuevos-subaru-impreza-en-orense\\\/\"},\"wordCount\":238,\"commentCount\":1,\"publisher\":{\"@id\":\"https:\\\/\\\/www.subaru.es\\\/blog\\\/#organization\"},\"image\":{\"@id\":\"https:\\\/\\\/www.subaru.es\\\/blog\\\/nuestra-marca\\\/los-nuevos-subaru-impreza-en-orense\\\/#primaryimage\"},\"thumbnailUrl\":\"https:\\\/\\\/www.subaru.es\\\/blog\\\/wp-content\\\/uploads\\\/2008\\\/06\\\/f-pardo.jpg\",\"keywords\":[\"Campeonato Nacional de Rallyes\",\"carlos oliveira\",\"Francisco Pardo\",\"Orense\",\"rally\",\"Rallye del Ferrol\",\"Roberto Reiriz\",\"subaru impreza\",\"Subaru Impreza Cup\",\"trofeo de Producci\u00f3n\"],\"articleSection\":[\"Nuestra marca\"],\"inLanguage\":\"es\",\"potentialAction\":[{\"@type\":\"CommentAction\",\"name\":\"Comment\",\"target\":[\"https:\\\/\\\/www.subaru.es\\\/blog\\\/nuestra-marca\\\/los-nuevos-subaru-impreza-en-orense\\\/#respond\"]}]},{\"@type\":\"WebPage\",\"@id\":\"https:\\\/\\\/www.subaru.es\\\/blog\\\/nuestra-marca\\\/los-nuevos-subaru-impreza-en-orense\\\/\",\"url\":\"https:\\\/\\\/www.subaru.es\\\/blog\\\/nuestra-marca\\\/los-nuevos-subaru-impreza-en-orense\\\/\",\"name\":\"Los nuevos Subaru Impreza en Orense - Universo Subaru\",\"isPartOf\":{\"@id\":\"https:\\\/\\\/www.subaru.es\\\/blog\\\/#website\"},\"primaryImageOfPage\":{\"@id\":\"https:\\\/\\\/www.subaru.es\\\/blog\\\/nuestra-marca\\\/los-nuevos-subaru-impreza-en-orense\\\/#primaryimage\"},\"image\":{\"@id\":\"https:\\\/\\\/www.subaru.es\\\/blog\\\/nuestra-marca\\\/los-nuevos-subaru-impreza-en-orense\\\/#primaryimage\"},\"thumbnailUrl\":\"https:\\\/\\\/www.subaru.es\\\/blog\\\/wp-content\\\/uploads\\\/2008\\\/06\\\/f-pardo.jpg\",\"datePublished\":\"2008-06-29T13:44:25+00:00\",\"dateModified\":\"2016-10-17T13:09:24+00:00\",\"breadcrumb\":{\"@id\":\"https:\\\/\\\/www.subaru.es\\\/blog\\\/nuestra-marca\\\/los-nuevos-subaru-impreza-en-orense\\\/#breadcrumb\"},\"inLanguage\":\"es\",\"potentialAction\":[{\"@type\":\"ReadAction\",\"target\":[\"https:\\\/\\\/www.subaru.es\\\/blog\\\/nuestra-marca\\\/los-nuevos-subaru-impreza-en-orense\\\/\"]}]},{\"@type\":\"ImageObject\",\"inLanguage\":\"es\",\"@id\":\"https:\\\/\\\/www.subaru.es\\\/blog\\\/nuestra-marca\\\/los-nuevos-subaru-impreza-en-orense\\\/#primaryimage\",\"url\":\"https:\\\/\\\/www.subaru.es\\\/blog\\\/wp-content\\\/uploads\\\/2008\\\/06\\\/f-pardo.jpg\",\"contentUrl\":\"https:\\\/\\\/www.subaru.es\\\/blog\\\/wp-content\\\/uploads\\\/2008\\\/06\\\/f-pardo.jpg\",\"width\":312,\"height\":208},{\"@type\":\"BreadcrumbList\",\"@id\":\"https:\\\/\\\/www.subaru.es\\\/blog\\\/nuestra-marca\\\/los-nuevos-subaru-impreza-en-orense\\\/#breadcrumb\",\"itemListElement\":[{\"@type\":\"ListItem\",\"position\":1,\"name\":\"Portada\",\"item\":\"https:\\\/\\\/www.subaru.es\\\/blog\\\/\"},{\"@type\":\"ListItem\",\"position\":2,\"name\":\"Los nuevos Subaru Impreza en Orense\"}]},{\"@type\":\"WebSite\",\"@id\":\"https:\\\/\\\/www.subaru.es\\\/blog\\\/#website\",\"url\":\"https:\\\/\\\/www.subaru.es\\\/blog\\\/\",\"name\":\"Universo Subaru\",\"description\":\"Descubre este apasionante espacio de Subaru donde vas a conocer todo sobre nuestros coches y las experiencias que vivimos con ellos. Si est\u00e1s preparado para dejarte seducir por la filosof\u00eda Subaru, qu\u00e9date con nosotros.\",\"publisher\":{\"@id\":\"https:\\\/\\\/www.subaru.es\\\/blog\\\/#organization\"},\"potentialAction\":[{\"@type\":\"SearchAction\",\"target\":{\"@type\":\"EntryPoint\",\"urlTemplate\":\"https:\\\/\\\/www.subaru.es\\\/blog\\\/?s={search_term_string}\"},\"query-input\":{\"@type\":\"PropertyValueSpecification\",\"valueRequired\":true,\"valueName\":\"search_term_string\"}}],\"inLanguage\":\"es\"},{\"@type\":\"Organization\",\"@id\":\"https:\\\/\\\/www.subaru.es\\\/blog\\\/#organization\",\"name\":\"Subaru Espa\u00f1a S.A.\",\"url\":\"https:\\\/\\\/www.subaru.es\\\/blog\\\/\",\"logo\":{\"@type\":\"ImageObject\",\"inLanguage\":\"es\",\"@id\":\"https:\\\/\\\/www.subaru.es\\\/blog\\\/#\\\/schema\\\/logo\\\/image\\\/\",\"url\":\"https:\\\/\\\/www.subaru.es\\\/blog\\\/wp-content\\\/uploads\\\/2016\\\/12\\\/Logo-Subaru-TypeV_C300-scaled.jpg\",\"contentUrl\":\"https:\\\/\\\/www.subaru.es\\\/blog\\\/wp-content\\\/uploads\\\/2016\\\/12\\\/Logo-Subaru-TypeV_C300-scaled.jpg\",\"width\":2560,\"height\":1864,\"caption\":\"Subaru Espa\u00f1a S.A.\"},\"image\":{\"@id\":\"https:\\\/\\\/www.subaru.es\\\/blog\\\/#\\\/schema\\\/logo\\\/image\\\/\"},\"sameAs\":[\"https:\\\/\\\/www.facebook.com\\\/subaruespana\",\"https:\\\/\\\/www.instagram.com\\\/subarues\\\/\",\"https:\\\/\\\/www.youtube.com\\\/user\\\/subaruespana\"]},{\"@type\":\"Person\",\"@id\":\"https:\\\/\\\/www.subaru.es\\\/blog\\\/#\\\/schema\\\/person\\\/19a90b892230b8e0ec752704ddf4aa10\",\"name\":\"Subaru\",\"url\":\"https:\\\/\\\/www.subaru.es\\\/blog\\\/author\\\/subaria\\\/\"}]}<\/script>\n<!-- \/ Yoast SEO plugin. -->","yoast_head_json":{"title":"Los nuevos Subaru Impreza en Orense - Universo Subaru","robots":{"index":"index","follow":"follow","max-snippet":"max-snippet:-1","max-image-preview":"max-image-preview:large","max-video-preview":"max-video-preview:-1"},"canonical":"https:\/\/www.subaru.es\/blog\/nuestra-marca\/los-nuevos-subaru-impreza-en-orense\/","og_locale":"es_ES","og_type":"article","og_title":"Los nuevos Subaru Impreza en Orense - Universo Subaru","og_description":"La quinta prueba del Campeonato Nacional de Rallyes, que se celebr\u00f3 en Orense este fin de semana, volvi\u00f3 a ser un reto para los nuevos Subaru Impreza. Y es que, a los siempre dif\u00edciles tramos que forman el recorrido, tanto por el trazado como por las caracter\u00edsticas del asfalto, se uni\u00f3 el intenso calor que [&hellip;]","og_url":"https:\/\/www.subaru.es\/blog\/nuestra-marca\/los-nuevos-subaru-impreza-en-orense\/","og_site_name":"Universo Subaru","article_publisher":"https:\/\/www.facebook.com\/subaruespana","article_published_time":"2008-06-29T13:44:25+00:00","article_modified_time":"2016-10-17T13:09:24+00:00","og_image":[{"width":312,"height":208,"url":"https:\/\/www.subaru.es\/blog\/wp-content\/uploads\/2008\/06\/f-pardo.jpg","type":"image\/jpeg"}],"author":"Subaru","twitter_card":"summary_large_image","twitter_misc":{"Escrito por":"Subaru","Tiempo de lectura":"1 minuto"},"schema":{"@context":"https:\/\/schema.org","@graph":[{"@type":"Article","@id":"https:\/\/www.subaru.es\/blog\/nuestra-marca\/los-nuevos-subaru-impreza-en-orense\/#article","isPartOf":{"@id":"https:\/\/www.subaru.es\/blog\/nuestra-marca\/los-nuevos-subaru-impreza-en-orense\/"},"author":{"name":"Subaru","@id":"https:\/\/www.subaru.es\/blog\/#\/schema\/person\/19a90b892230b8e0ec752704ddf4aa10"},"headline":"Los nuevos Subaru Impreza en Orense","datePublished":"2008-06-29T13:44:25+00:00","dateModified":"2016-10-17T13:09:24+00:00","mainEntityOfPage":{"@id":"https:\/\/www.subaru.es\/blog\/nuestra-marca\/los-nuevos-subaru-impreza-en-orense\/"},"wordCount":238,"commentCount":1,"publisher":{"@id":"https:\/\/www.subaru.es\/blog\/#organization"},"image":{"@id":"https:\/\/www.subaru.es\/blog\/nuestra-marca\/los-nuevos-subaru-impreza-en-orense\/#primaryimage"},"thumbnailUrl":"https:\/\/www.subaru.es\/blog\/wp-content\/uploads\/2008\/06\/f-pardo.jpg","keywords":["Campeonato Nacional de Rallyes","carlos oliveira","Francisco Pardo","Orense","rally","Rallye del Ferrol","Roberto Reiriz","subaru impreza","Subaru Impreza Cup","trofeo de Producci\u00f3n"],"articleSection":["Nuestra marca"],"inLanguage":"es","potentialAction":[{"@type":"CommentAction","name":"Comment","target":["https:\/\/www.subaru.es\/blog\/nuestra-marca\/los-nuevos-subaru-impreza-en-orense\/#respond"]}]},{"@type":"WebPage","@id":"https:\/\/www.subaru.es\/blog\/nuestra-marca\/los-nuevos-subaru-impreza-en-orense\/","url":"https:\/\/www.subaru.es\/blog\/nuestra-marca\/los-nuevos-subaru-impreza-en-orense\/","name":"Los nuevos Subaru Impreza en Orense - Universo Subaru","isPartOf":{"@id":"https:\/\/www.subaru.es\/blog\/#website"},"primaryImageOfPage":{"@id":"https:\/\/www.subaru.es\/blog\/nuestra-marca\/los-nuevos-subaru-impreza-en-orense\/#primaryimage"},"image":{"@id":"https:\/\/www.subaru.es\/blog\/nuestra-marca\/los-nuevos-subaru-impreza-en-orense\/#primaryimage"},"thumbnailUrl":"https:\/\/www.subaru.es\/blog\/wp-content\/uploads\/2008\/06\/f-pardo.jpg","datePublished":"2008-06-29T13:44:25+00:00","dateModified":"2016-10-17T13:09:24+00:00","breadcrumb":{"@id":"https:\/\/www.subaru.es\/blog\/nuestra-marca\/los-nuevos-subaru-impreza-en-orense\/#breadcrumb"},"inLanguage":"es","potentialAction":[{"@type":"ReadAction","target":["https:\/\/www.subaru.es\/blog\/nuestra-marca\/los-nuevos-subaru-impreza-en-orense\/"]}]},{"@type":"ImageObject","inLanguage":"es","@id":"https:\/\/www.subaru.es\/blog\/nuestra-marca\/los-nuevos-subaru-impreza-en-orense\/#primaryimage","url":"https:\/\/www.subaru.es\/blog\/wp-content\/uploads\/2008\/06\/f-pardo.jpg","contentUrl":"https:\/\/www.subaru.es\/blog\/wp-content\/uploads\/2008\/06\/f-pardo.jpg","width":312,"height":208},{"@type":"BreadcrumbList","@id":"https:\/\/www.subaru.es\/blog\/nuestra-marca\/los-nuevos-subaru-impreza-en-orense\/#breadcrumb","itemListElement":[{"@type":"ListItem","position":1,"name":"Portada","item":"https:\/\/www.subaru.es\/blog\/"},{"@type":"ListItem","position":2,"name":"Los nuevos Subaru Impreza en Orense"}]},{"@type":"WebSite","@id":"https:\/\/www.subaru.es\/blog\/#website","url":"https:\/\/www.subaru.es\/blog\/","name":"Universo Subaru","description":"Descubre este apasionante espacio de Subaru donde vas a conocer todo sobre nuestros coches y las experiencias que vivimos con ellos. Si est\u00e1s preparado para dejarte seducir por la filosof\u00eda Subaru, qu\u00e9date con nosotros.","publisher":{"@id":"https:\/\/www.subaru.es\/blog\/#organization"},"potentialAction":[{"@type":"SearchAction","target":{"@type":"EntryPoint","urlTemplate":"https:\/\/www.subaru.es\/blog\/?s={search_term_string}"},"query-input":{"@type":"PropertyValueSpecification","valueRequired":true,"valueName":"search_term_string"}}],"inLanguage":"es"},{"@type":"Organization","@id":"https:\/\/www.subaru.es\/blog\/#organization","name":"Subaru Espa\u00f1a S.A.","url":"https:\/\/www.subaru.es\/blog\/","logo":{"@type":"ImageObject","inLanguage":"es","@id":"https:\/\/www.subaru.es\/blog\/#\/schema\/logo\/image\/","url":"https:\/\/www.subaru.es\/blog\/wp-content\/uploads\/2016\/12\/Logo-Subaru-TypeV_C300-scaled.jpg","contentUrl":"https:\/\/www.subaru.es\/blog\/wp-content\/uploads\/2016\/12\/Logo-Subaru-TypeV_C300-scaled.jpg","width":2560,"height":1864,"caption":"Subaru Espa\u00f1a S.A."},"image":{"@id":"https:\/\/www.subaru.es\/blog\/#\/schema\/logo\/image\/"},"sameAs":["https:\/\/www.facebook.com\/subaruespana","https:\/\/www.instagram.com\/subarues\/","https:\/\/www.youtube.com\/user\/subaruespana"]},{"@type":"Person","@id":"https:\/\/www.subaru.es\/blog\/#\/schema\/person\/19a90b892230b8e0ec752704ddf4aa10","name":"Subaru","url":"https:\/\/www.subaru.es\/blog\/author\/subaria\/"}]}},"_links":{"self":[{"href":"https:\/\/www.subaru.es\/blog\/wp-json\/wp\/v2\/posts\/1100","targetHints":{"allow":["GET"]}}],"collection":[{"href":"https:\/\/www.subaru.es\/blog\/wp-json\/wp\/v2\/posts"}],"about":[{"href":"https:\/\/www.subaru.es\/blog\/wp-json\/wp\/v2\/types\/post"}],"author":[{"embeddable":true,"href":"https:\/\/www.subaru.es\/blog\/wp-json\/wp\/v2\/users\/21"}],"replies":[{"embeddable":true,"href":"https:\/\/www.subaru.es\/blog\/wp-json\/wp\/v2\/comments?post=1100"}],"version-history":[{"count":1,"href":"https:\/\/www.subaru.es\/blog\/wp-json\/wp\/v2\/posts\/1100\/revisions"}],"predecessor-version":[{"id":15496,"href":"https:\/\/www.subaru.es\/blog\/wp-json\/wp\/v2\/posts\/1100\/revisions\/15496"}],"wp:featuredmedia":[{"embeddable":true,"href":"https:\/\/www.subaru.es\/blog\/wp-json\/wp\/v2\/media\/1101"}],"wp:attachment":[{"href":"https:\/\/www.subaru.es\/blog\/wp-json\/wp\/v2\/media?parent=1100"}],"wp:term":[{"taxonomy":"category","embeddable":true,"href":"https:\/\/www.subaru.es\/blog\/wp-json\/wp\/v2\/categories?post=1100"},{"taxonomy":"post_tag","embeddable":true,"href":"https:\/\/www.subaru.es\/blog\/wp-json\/wp\/v2\/tags?post=1100"}],"curies":[{"name":"wp","href":"https:\/\/api.w.org\/{rel}","templated":true}]}}