{"id":10619,"date":"2014-09-25T09:47:36","date_gmt":"2014-09-25T07:47:36","guid":{"rendered":"http:\/\/subaru.preproduccion.com\/blog\/?p=10619"},"modified":"2022-12-16T11:53:35","modified_gmt":"2022-12-16T09:53:35","slug":"subaru-vehiculo-oficial-del-perroton","status":"publish","type":"post","link":"https:\/\/www.subaru.es\/blog\/pet-lovers\/subaru-vehiculo-oficial-del-perroton\/","title":{"rendered":"Subaru, veh\u00edculo oficial del Perrot\u00f3n"},"content":{"rendered":"<p><a href=\"https:\/\/www.subaru.es\/blog\/wp-content\/uploads\/2014\/09\/perro.jpg\"><img decoding=\"async\" data-src=\"https:\/\/www.subaru.es\/blog\/wp-content\/uploads\/2014\/09\/perro.jpg\" alt=\"\" title=\"perro\" width=\"640\" height=\"480\" class=\"aligncenter size-full wp-image-10637 lazyload\" data-srcset=\"https:\/\/www.subaru.es\/blog\/wp-content\/uploads\/2014\/09\/perro.jpg 640w, https:\/\/www.subaru.es\/blog\/wp-content\/uploads\/2014\/09\/perro-560x420.jpg 560w\" data-sizes=\"(max-width: 640px) 100vw, 640px\" src=\"data:image\/svg+xml;base64,PHN2ZyB3aWR0aD0iMSIgaGVpZ2h0PSIxIiB4bWxucz0iaHR0cDovL3d3dy53My5vcmcvMjAwMC9zdmciPjwvc3ZnPg==\" style=\"--smush-placeholder-width: 640px; --smush-placeholder-aspect-ratio: 640\/480;\" \/><\/a><\/p>\n<p>En <strong>Subaru<\/strong> nos preocupamos por vuestras mascotas y por eso este a\u00f1o es el veh\u00edculo oficial de <a href=\"http:\/\/www.perroton.org\/\">Perrot\u00f3n<\/a>, la carrera solidaria por la adopci\u00f3n y tenencia responsable de animales de compa\u00f1\u00eda. <strong>Puedes inscribirte hasta el 2 de octubre<\/strong> como fecha l\u00edmite en la carrera que tendr\u00e1 lugar el domingo <strong>19 de octubre<\/strong> y que recorrer\u00e1 aproximadamente 3 kil\u00f3metros desde los Jardines del Descubrimiento de la Plaza de Col\u00f3n hasta el Paseo de Coches del Parque del Retiro. Perrot\u00f3n, que este a\u00f1o celebra su tercera edici\u00f3n, contar\u00e1 como presidenta de honor con S.A. La Reina Sof\u00eda. <\/p>\n<p>Adem\u00e1s, Subaru os acompa\u00f1ar\u00e1 a vosotros y a vuestras mascotas tambi\u00e9n los d\u00edas 3, 4 y 5 de octubre porque tendr\u00e1 lugar el <strong>Perrot\u00f3n Village<\/strong>. Es decir, el paseo de coches del Parque del retiro de Madrid en el que Subaru os har\u00e1 una ruta acompa\u00f1ados de vuestros animales de compa\u00f1\u00eda.  <\/p>\n<p>Este a\u00f1o queremos duplicar el n\u00famero de participantes de a\u00f1os anteriores, 3.500, as\u00ed que no lo pienses m\u00e1s y ap\u00fantate ya. Disfruta de un estupendo paseo en coche con Subaru y de una enriquecedora carrera con tu mascota y, todo ello, por una causa solidaria, concienciar de la importancia de cuidar de nuestros animales.<\/p>\n<p>Foto | <a href=\"https:\/\/www.flickr.com\/photos\/tps12\/3629420475\/in\/photolist-6wHJg6-o4FBNu-8Qmm6C-KaXKh-f84jLU-dQN4x-2WUzF7-6K9m7h-c7MsbE-EFxMP-4usEXt-4ZCS8W-5f7CZq-c7Mtr7-f2TaZL-2aa4s2-9a1FAA-4tdu5R-5LQTsw-bsT574-6poP5r-aLPEAk-aEJQK-5UQkMX-77pjLy-77koTg-dZCJyr-dsNNfj-4DyL5E-cNCky9-aEXSr-gJTVGS-fSCMEZ-6S8Ui-4Yzzd7-gqYDhz-cPPxGE-aoKXfs-f2T9dN-dC8UNR-bsT4R4-7Mo3Ez-aEydqo-fySnFZ-nxsNKk-nJLZEK-nGQR7q-5Tipfv-nVJ1tY-b7pBp2\">tps12<\/a><\/p>\n","protected":false},"excerpt":{"rendered":"<p>En Subaru nos preocupamos por vuestras mascotas y por eso este a\u00f1o es el veh\u00edculo oficial de Perrot\u00f3n, la carrera solidaria por la adopci\u00f3n y tenencia responsable de animales de compa\u00f1\u00eda. Puedes inscribirte hasta el 2 de octubre como fecha l\u00edmite en la carrera que tendr\u00e1 lugar el domingo 19 de octubre y que recorrer\u00e1 [&hellip;]<\/p>\n","protected":false},"author":21,"featured_media":10620,"comment_status":"open","ping_status":"open","sticky":false,"template":"","format":"standard","meta":{"_acf_changed":false,"_eb_attr":"","inline_featured_image":false,"footnotes":""},"categories":[4402,4520],"tags":[244,4280,4281,4279],"class_list":["post-10619","post","type-post","status-publish","format-standard","has-post-thumbnail","hentry","category-pet-lovers","category-subaru-lifestyle","tag-madrid","tag-maraton","tag-mascota","tag-perroton"],"acf":[],"yoast_head":"<!-- This site is optimized with the Yoast SEO plugin v27.3 - https:\/\/yoast.com\/product\/yoast-seo-wordpress\/ -->\n<title>Subaru, veh\u00edculo oficial del Perrot\u00f3n - Universo Subaru<\/title>\n<meta name=\"robots\" content=\"index, follow, max-snippet:-1, max-image-preview:large, max-video-preview:-1\" \/>\n<link rel=\"canonical\" href=\"https:\/\/www.subaru.es\/blog\/pet-lovers\/subaru-vehiculo-oficial-del-perroton\/\" \/>\n<meta property=\"og:locale\" content=\"es_ES\" \/>\n<meta property=\"og:type\" content=\"article\" \/>\n<meta property=\"og:title\" content=\"Subaru, veh\u00edculo oficial del Perrot\u00f3n - Universo Subaru\" \/>\n<meta property=\"og:description\" content=\"En Subaru nos preocupamos por vuestras mascotas y por eso este a\u00f1o es el veh\u00edculo oficial de Perrot\u00f3n, la carrera solidaria por la adopci\u00f3n y tenencia responsable de animales de compa\u00f1\u00eda. Puedes inscribirte hasta el 2 de octubre como fecha l\u00edmite en la carrera que tendr\u00e1 lugar el domingo 19 de octubre y que recorrer\u00e1 [&hellip;]\" \/>\n<meta property=\"og:url\" content=\"https:\/\/www.subaru.es\/blog\/pet-lovers\/subaru-vehiculo-oficial-del-perroton\/\" \/>\n<meta property=\"og:site_name\" content=\"Universo Subaru\" \/>\n<meta property=\"article:publisher\" content=\"https:\/\/www.facebook.com\/subaruespana\" \/>\n<meta property=\"article:published_time\" content=\"2014-09-25T07:47:36+00:00\" \/>\n<meta property=\"article:modified_time\" content=\"2022-12-16T09:53:35+00:00\" \/>\n<meta property=\"og:image\" content=\"https:\/\/www.subaru.es\/blog\/wp-content\/uploads\/2014\/09\/mascota.jpg\" \/>\n\t<meta property=\"og:image:width\" content=\"720\" \/>\n\t<meta property=\"og:image:height\" content=\"960\" \/>\n\t<meta property=\"og:image:type\" content=\"image\/jpeg\" \/>\n<meta name=\"author\" content=\"Subaru\" \/>\n<meta name=\"twitter:card\" content=\"summary_large_image\" \/>\n<meta name=\"twitter:label1\" content=\"Escrito por\" \/>\n\t<meta name=\"twitter:data1\" content=\"Subaru\" \/>\n\t<meta name=\"twitter:label2\" content=\"Tiempo de lectura\" \/>\n\t<meta name=\"twitter:data2\" content=\"1 minuto\" \/>\n<script type=\"application\/ld+json\" class=\"yoast-schema-graph\">{\"@context\":\"https:\\\/\\\/schema.org\",\"@graph\":[{\"@type\":\"Article\",\"@id\":\"https:\\\/\\\/www.subaru.es\\\/blog\\\/pet-lovers\\\/subaru-vehiculo-oficial-del-perroton\\\/#article\",\"isPartOf\":{\"@id\":\"https:\\\/\\\/www.subaru.es\\\/blog\\\/pet-lovers\\\/subaru-vehiculo-oficial-del-perroton\\\/\"},\"author\":{\"name\":\"Subaru\",\"@id\":\"https:\\\/\\\/www.subaru.es\\\/blog\\\/#\\\/schema\\\/person\\\/19a90b892230b8e0ec752704ddf4aa10\"},\"headline\":\"Subaru, veh\u00edculo oficial del Perrot\u00f3n\",\"datePublished\":\"2014-09-25T07:47:36+00:00\",\"dateModified\":\"2022-12-16T09:53:35+00:00\",\"mainEntityOfPage\":{\"@id\":\"https:\\\/\\\/www.subaru.es\\\/blog\\\/pet-lovers\\\/subaru-vehiculo-oficial-del-perroton\\\/\"},\"wordCount\":227,\"commentCount\":0,\"publisher\":{\"@id\":\"https:\\\/\\\/www.subaru.es\\\/blog\\\/#organization\"},\"image\":{\"@id\":\"https:\\\/\\\/www.subaru.es\\\/blog\\\/pet-lovers\\\/subaru-vehiculo-oficial-del-perroton\\\/#primaryimage\"},\"thumbnailUrl\":\"https:\\\/\\\/www.subaru.es\\\/blog\\\/wp-content\\\/uploads\\\/2014\\\/09\\\/mascota.jpg\",\"keywords\":[\"madrid\",\"marat\u00f3n\",\"mascota\",\"Perrot\u00f3n\"],\"articleSection\":[\"Pet lovers\",\"Subaru LifeStyle\"],\"inLanguage\":\"es\",\"potentialAction\":[{\"@type\":\"CommentAction\",\"name\":\"Comment\",\"target\":[\"https:\\\/\\\/www.subaru.es\\\/blog\\\/pet-lovers\\\/subaru-vehiculo-oficial-del-perroton\\\/#respond\"]}]},{\"@type\":\"WebPage\",\"@id\":\"https:\\\/\\\/www.subaru.es\\\/blog\\\/pet-lovers\\\/subaru-vehiculo-oficial-del-perroton\\\/\",\"url\":\"https:\\\/\\\/www.subaru.es\\\/blog\\\/pet-lovers\\\/subaru-vehiculo-oficial-del-perroton\\\/\",\"name\":\"Subaru, veh\u00edculo oficial del Perrot\u00f3n - Universo Subaru\",\"isPartOf\":{\"@id\":\"https:\\\/\\\/www.subaru.es\\\/blog\\\/#website\"},\"primaryImageOfPage\":{\"@id\":\"https:\\\/\\\/www.subaru.es\\\/blog\\\/pet-lovers\\\/subaru-vehiculo-oficial-del-perroton\\\/#primaryimage\"},\"image\":{\"@id\":\"https:\\\/\\\/www.subaru.es\\\/blog\\\/pet-lovers\\\/subaru-vehiculo-oficial-del-perroton\\\/#primaryimage\"},\"thumbnailUrl\":\"https:\\\/\\\/www.subaru.es\\\/blog\\\/wp-content\\\/uploads\\\/2014\\\/09\\\/mascota.jpg\",\"datePublished\":\"2014-09-25T07:47:36+00:00\",\"dateModified\":\"2022-12-16T09:53:35+00:00\",\"breadcrumb\":{\"@id\":\"https:\\\/\\\/www.subaru.es\\\/blog\\\/pet-lovers\\\/subaru-vehiculo-oficial-del-perroton\\\/#breadcrumb\"},\"inLanguage\":\"es\",\"potentialAction\":[{\"@type\":\"ReadAction\",\"target\":[\"https:\\\/\\\/www.subaru.es\\\/blog\\\/pet-lovers\\\/subaru-vehiculo-oficial-del-perroton\\\/\"]}]},{\"@type\":\"ImageObject\",\"inLanguage\":\"es\",\"@id\":\"https:\\\/\\\/www.subaru.es\\\/blog\\\/pet-lovers\\\/subaru-vehiculo-oficial-del-perroton\\\/#primaryimage\",\"url\":\"https:\\\/\\\/www.subaru.es\\\/blog\\\/wp-content\\\/uploads\\\/2014\\\/09\\\/mascota.jpg\",\"contentUrl\":\"https:\\\/\\\/www.subaru.es\\\/blog\\\/wp-content\\\/uploads\\\/2014\\\/09\\\/mascota.jpg\",\"width\":720,\"height\":960},{\"@type\":\"BreadcrumbList\",\"@id\":\"https:\\\/\\\/www.subaru.es\\\/blog\\\/pet-lovers\\\/subaru-vehiculo-oficial-del-perroton\\\/#breadcrumb\",\"itemListElement\":[{\"@type\":\"ListItem\",\"position\":1,\"name\":\"Portada\",\"item\":\"https:\\\/\\\/www.subaru.es\\\/blog\\\/\"},{\"@type\":\"ListItem\",\"position\":2,\"name\":\"Subaru, veh\u00edculo oficial del Perrot\u00f3n\"}]},{\"@type\":\"WebSite\",\"@id\":\"https:\\\/\\\/www.subaru.es\\\/blog\\\/#website\",\"url\":\"https:\\\/\\\/www.subaru.es\\\/blog\\\/\",\"name\":\"Universo Subaru\",\"description\":\"Descubre este apasionante espacio de Subaru donde vas a conocer todo sobre nuestros coches y las experiencias que vivimos con ellos. Si est\u00e1s preparado para dejarte seducir por la filosof\u00eda Subaru, qu\u00e9date con nosotros.\",\"publisher\":{\"@id\":\"https:\\\/\\\/www.subaru.es\\\/blog\\\/#organization\"},\"potentialAction\":[{\"@type\":\"SearchAction\",\"target\":{\"@type\":\"EntryPoint\",\"urlTemplate\":\"https:\\\/\\\/www.subaru.es\\\/blog\\\/?s={search_term_string}\"},\"query-input\":{\"@type\":\"PropertyValueSpecification\",\"valueRequired\":true,\"valueName\":\"search_term_string\"}}],\"inLanguage\":\"es\"},{\"@type\":\"Organization\",\"@id\":\"https:\\\/\\\/www.subaru.es\\\/blog\\\/#organization\",\"name\":\"Subaru Espa\u00f1a S.A.\",\"url\":\"https:\\\/\\\/www.subaru.es\\\/blog\\\/\",\"logo\":{\"@type\":\"ImageObject\",\"inLanguage\":\"es\",\"@id\":\"https:\\\/\\\/www.subaru.es\\\/blog\\\/#\\\/schema\\\/logo\\\/image\\\/\",\"url\":\"https:\\\/\\\/www.subaru.es\\\/blog\\\/wp-content\\\/uploads\\\/2016\\\/12\\\/Logo-Subaru-TypeV_C300-scaled.jpg\",\"contentUrl\":\"https:\\\/\\\/www.subaru.es\\\/blog\\\/wp-content\\\/uploads\\\/2016\\\/12\\\/Logo-Subaru-TypeV_C300-scaled.jpg\",\"width\":2560,\"height\":1864,\"caption\":\"Subaru Espa\u00f1a S.A.\"},\"image\":{\"@id\":\"https:\\\/\\\/www.subaru.es\\\/blog\\\/#\\\/schema\\\/logo\\\/image\\\/\"},\"sameAs\":[\"https:\\\/\\\/www.facebook.com\\\/subaruespana\",\"https:\\\/\\\/www.instagram.com\\\/subarues\\\/\",\"https:\\\/\\\/www.youtube.com\\\/user\\\/subaruespana\"]},{\"@type\":\"Person\",\"@id\":\"https:\\\/\\\/www.subaru.es\\\/blog\\\/#\\\/schema\\\/person\\\/19a90b892230b8e0ec752704ddf4aa10\",\"name\":\"Subaru\",\"url\":\"https:\\\/\\\/www.subaru.es\\\/blog\\\/author\\\/subaria\\\/\"}]}<\/script>\n<!-- \/ Yoast SEO plugin. -->","yoast_head_json":{"title":"Subaru, veh\u00edculo oficial del Perrot\u00f3n - Universo Subaru","robots":{"index":"index","follow":"follow","max-snippet":"max-snippet:-1","max-image-preview":"max-image-preview:large","max-video-preview":"max-video-preview:-1"},"canonical":"https:\/\/www.subaru.es\/blog\/pet-lovers\/subaru-vehiculo-oficial-del-perroton\/","og_locale":"es_ES","og_type":"article","og_title":"Subaru, veh\u00edculo oficial del Perrot\u00f3n - Universo Subaru","og_description":"En Subaru nos preocupamos por vuestras mascotas y por eso este a\u00f1o es el veh\u00edculo oficial de Perrot\u00f3n, la carrera solidaria por la adopci\u00f3n y tenencia responsable de animales de compa\u00f1\u00eda. Puedes inscribirte hasta el 2 de octubre como fecha l\u00edmite en la carrera que tendr\u00e1 lugar el domingo 19 de octubre y que recorrer\u00e1 [&hellip;]","og_url":"https:\/\/www.subaru.es\/blog\/pet-lovers\/subaru-vehiculo-oficial-del-perroton\/","og_site_name":"Universo Subaru","article_publisher":"https:\/\/www.facebook.com\/subaruespana","article_published_time":"2014-09-25T07:47:36+00:00","article_modified_time":"2022-12-16T09:53:35+00:00","og_image":[{"width":720,"height":960,"url":"https:\/\/www.subaru.es\/blog\/wp-content\/uploads\/2014\/09\/mascota.jpg","type":"image\/jpeg"}],"author":"Subaru","twitter_card":"summary_large_image","twitter_misc":{"Escrito por":"Subaru","Tiempo de lectura":"1 minuto"},"schema":{"@context":"https:\/\/schema.org","@graph":[{"@type":"Article","@id":"https:\/\/www.subaru.es\/blog\/pet-lovers\/subaru-vehiculo-oficial-del-perroton\/#article","isPartOf":{"@id":"https:\/\/www.subaru.es\/blog\/pet-lovers\/subaru-vehiculo-oficial-del-perroton\/"},"author":{"name":"Subaru","@id":"https:\/\/www.subaru.es\/blog\/#\/schema\/person\/19a90b892230b8e0ec752704ddf4aa10"},"headline":"Subaru, veh\u00edculo oficial del Perrot\u00f3n","datePublished":"2014-09-25T07:47:36+00:00","dateModified":"2022-12-16T09:53:35+00:00","mainEntityOfPage":{"@id":"https:\/\/www.subaru.es\/blog\/pet-lovers\/subaru-vehiculo-oficial-del-perroton\/"},"wordCount":227,"commentCount":0,"publisher":{"@id":"https:\/\/www.subaru.es\/blog\/#organization"},"image":{"@id":"https:\/\/www.subaru.es\/blog\/pet-lovers\/subaru-vehiculo-oficial-del-perroton\/#primaryimage"},"thumbnailUrl":"https:\/\/www.subaru.es\/blog\/wp-content\/uploads\/2014\/09\/mascota.jpg","keywords":["madrid","marat\u00f3n","mascota","Perrot\u00f3n"],"articleSection":["Pet lovers","Subaru LifeStyle"],"inLanguage":"es","potentialAction":[{"@type":"CommentAction","name":"Comment","target":["https:\/\/www.subaru.es\/blog\/pet-lovers\/subaru-vehiculo-oficial-del-perroton\/#respond"]}]},{"@type":"WebPage","@id":"https:\/\/www.subaru.es\/blog\/pet-lovers\/subaru-vehiculo-oficial-del-perroton\/","url":"https:\/\/www.subaru.es\/blog\/pet-lovers\/subaru-vehiculo-oficial-del-perroton\/","name":"Subaru, veh\u00edculo oficial del Perrot\u00f3n - Universo Subaru","isPartOf":{"@id":"https:\/\/www.subaru.es\/blog\/#website"},"primaryImageOfPage":{"@id":"https:\/\/www.subaru.es\/blog\/pet-lovers\/subaru-vehiculo-oficial-del-perroton\/#primaryimage"},"image":{"@id":"https:\/\/www.subaru.es\/blog\/pet-lovers\/subaru-vehiculo-oficial-del-perroton\/#primaryimage"},"thumbnailUrl":"https:\/\/www.subaru.es\/blog\/wp-content\/uploads\/2014\/09\/mascota.jpg","datePublished":"2014-09-25T07:47:36+00:00","dateModified":"2022-12-16T09:53:35+00:00","breadcrumb":{"@id":"https:\/\/www.subaru.es\/blog\/pet-lovers\/subaru-vehiculo-oficial-del-perroton\/#breadcrumb"},"inLanguage":"es","potentialAction":[{"@type":"ReadAction","target":["https:\/\/www.subaru.es\/blog\/pet-lovers\/subaru-vehiculo-oficial-del-perroton\/"]}]},{"@type":"ImageObject","inLanguage":"es","@id":"https:\/\/www.subaru.es\/blog\/pet-lovers\/subaru-vehiculo-oficial-del-perroton\/#primaryimage","url":"https:\/\/www.subaru.es\/blog\/wp-content\/uploads\/2014\/09\/mascota.jpg","contentUrl":"https:\/\/www.subaru.es\/blog\/wp-content\/uploads\/2014\/09\/mascota.jpg","width":720,"height":960},{"@type":"BreadcrumbList","@id":"https:\/\/www.subaru.es\/blog\/pet-lovers\/subaru-vehiculo-oficial-del-perroton\/#breadcrumb","itemListElement":[{"@type":"ListItem","position":1,"name":"Portada","item":"https:\/\/www.subaru.es\/blog\/"},{"@type":"ListItem","position":2,"name":"Subaru, veh\u00edculo oficial del Perrot\u00f3n"}]},{"@type":"WebSite","@id":"https:\/\/www.subaru.es\/blog\/#website","url":"https:\/\/www.subaru.es\/blog\/","name":"Universo Subaru","description":"Descubre este apasionante espacio de Subaru donde vas a conocer todo sobre nuestros coches y las experiencias que vivimos con ellos. Si est\u00e1s preparado para dejarte seducir por la filosof\u00eda Subaru, qu\u00e9date con nosotros.","publisher":{"@id":"https:\/\/www.subaru.es\/blog\/#organization"},"potentialAction":[{"@type":"SearchAction","target":{"@type":"EntryPoint","urlTemplate":"https:\/\/www.subaru.es\/blog\/?s={search_term_string}"},"query-input":{"@type":"PropertyValueSpecification","valueRequired":true,"valueName":"search_term_string"}}],"inLanguage":"es"},{"@type":"Organization","@id":"https:\/\/www.subaru.es\/blog\/#organization","name":"Subaru Espa\u00f1a S.A.","url":"https:\/\/www.subaru.es\/blog\/","logo":{"@type":"ImageObject","inLanguage":"es","@id":"https:\/\/www.subaru.es\/blog\/#\/schema\/logo\/image\/","url":"https:\/\/www.subaru.es\/blog\/wp-content\/uploads\/2016\/12\/Logo-Subaru-TypeV_C300-scaled.jpg","contentUrl":"https:\/\/www.subaru.es\/blog\/wp-content\/uploads\/2016\/12\/Logo-Subaru-TypeV_C300-scaled.jpg","width":2560,"height":1864,"caption":"Subaru Espa\u00f1a S.A."},"image":{"@id":"https:\/\/www.subaru.es\/blog\/#\/schema\/logo\/image\/"},"sameAs":["https:\/\/www.facebook.com\/subaruespana","https:\/\/www.instagram.com\/subarues\/","https:\/\/www.youtube.com\/user\/subaruespana"]},{"@type":"Person","@id":"https:\/\/www.subaru.es\/blog\/#\/schema\/person\/19a90b892230b8e0ec752704ddf4aa10","name":"Subaru","url":"https:\/\/www.subaru.es\/blog\/author\/subaria\/"}]}},"_links":{"self":[{"href":"https:\/\/www.subaru.es\/blog\/wp-json\/wp\/v2\/posts\/10619","targetHints":{"allow":["GET"]}}],"collection":[{"href":"https:\/\/www.subaru.es\/blog\/wp-json\/wp\/v2\/posts"}],"about":[{"href":"https:\/\/www.subaru.es\/blog\/wp-json\/wp\/v2\/types\/post"}],"author":[{"embeddable":true,"href":"https:\/\/www.subaru.es\/blog\/wp-json\/wp\/v2\/users\/21"}],"replies":[{"embeddable":true,"href":"https:\/\/www.subaru.es\/blog\/wp-json\/wp\/v2\/comments?post=10619"}],"version-history":[{"count":1,"href":"https:\/\/www.subaru.es\/blog\/wp-json\/wp\/v2\/posts\/10619\/revisions"}],"predecessor-version":[{"id":14722,"href":"https:\/\/www.subaru.es\/blog\/wp-json\/wp\/v2\/posts\/10619\/revisions\/14722"}],"wp:featuredmedia":[{"embeddable":true,"href":"https:\/\/www.subaru.es\/blog\/wp-json\/wp\/v2\/media\/10620"}],"wp:attachment":[{"href":"https:\/\/www.subaru.es\/blog\/wp-json\/wp\/v2\/media?parent=10619"}],"wp:term":[{"taxonomy":"category","embeddable":true,"href":"https:\/\/www.subaru.es\/blog\/wp-json\/wp\/v2\/categories?post=10619"},{"taxonomy":"post_tag","embeddable":true,"href":"https:\/\/www.subaru.es\/blog\/wp-json\/wp\/v2\/tags?post=10619"}],"curies":[{"name":"wp","href":"https:\/\/api.w.org\/{rel}","templated":true}]}}