{"id":10249,"date":"2014-04-04T12:23:59","date_gmt":"2014-04-04T10:23:59","guid":{"rendered":"http:\/\/subaru.preproduccion.com\/blog\/?p=10249"},"modified":"2020-08-06T11:02:45","modified_gmt":"2020-08-06T09:02:45","slug":"planet-mtb-y-subaru-suben-de-nuevo-al-podium","status":"publish","type":"post","link":"https:\/\/www.subaru.es\/blog\/subaru-lifestyle\/planet-mtb-y-subaru-suben-de-nuevo-al-podium\/","title":{"rendered":"Planet Mtb y Subaru suben de nuevo al p\u00f3dium"},"content":{"rendered":"<p><a href=\"https:\/\/www.subaru.es\/blog\/wp-content\/uploads\/2014\/04\/Foto1.jpg\"><img decoding=\"async\" class=\"aligncenter size-full wp-image-10250 lazyload\" title=\"Subaru y Planet MTB\" data-src=\"https:\/\/www.subaru.es\/blog\/wp-content\/uploads\/2014\/04\/Foto1.jpg\" alt=\"\" width=\"602\" height=\"402\" data-srcset=\"https:\/\/www.subaru.es\/blog\/wp-content\/uploads\/2014\/04\/Foto1.jpg 602w, https:\/\/www.subaru.es\/blog\/wp-content\/uploads\/2014\/04\/Foto1-560x374.jpg 560w\" data-sizes=\"(max-width: 602px) 100vw, 602px\" src=\"data:image\/svg+xml;base64,PHN2ZyB3aWR0aD0iMSIgaGVpZ2h0PSIxIiB4bWxucz0iaHR0cDovL3d3dy53My5vcmcvMjAwMC9zdmciPjwvc3ZnPg==\" style=\"--smush-placeholder-width: 602px; --smush-placeholder-aspect-ratio: 602\/402;\" \/><\/a><\/p>\n<p>Una vez m\u00e1s, <strong>Subaru<\/strong> ha vuelto a acompa\u00f1ar a <strong>Planet MTB <\/strong>en sus aventuras, esta vez en el Open de Espa\u00f1a de Mountain Bike enduro, celebrado en Oj\u00e9n, M\u00e1laga.<\/p>\n<p>El pasado fin de semana (29 y 30 de marzo) daba comienzo el Open de Espa\u00f1a de <strong>mountain bike<\/strong> en su modalidad enduro. M\u00e1s de 300 participantes entre pilotos nacionales e internacionales se dieron cita para buscar el mejor resultado posible y comenzar as\u00ed bien la nueva temporada 2014. <!--more--><\/p>\n<p><strong>M\u00e1ximo nivel<\/strong><\/p>\n<p>Entre los inscritos nada menos que el campe\u00f3n de la World Enduro Series 2013 y su equipo de corredores al completo, as\u00ed como una gran selecci\u00f3n de portugueses ingleses y franceses que iban a darlo todo en cada una de las bajadas. Adem\u00e1s de los extranjeros, el Campe\u00f3n del Open de Espa\u00f1a 2013 y muchos m\u00e1s nombres ilustres no quisieron perderse el comienzo de la nueva temporada. La lucha por los diferentes puestos de p\u00f3dium ser\u00eda de lo m\u00e1s selecta. Destacar la participaci\u00f3n de m\u00e1s de una veintena de f\u00e9minas, llegadas igualmente desde Espa\u00f1a, Francia y Portugal.<\/p>\n<p><a href=\"https:\/\/www.subaru.es\/blog\/wp-content\/uploads\/2014\/04\/foto2.jpg\"><img decoding=\"async\" class=\"aligncenter size-full wp-image-10251 lazyload\" title=\"Subaru y Planet MTB\" data-src=\"https:\/\/www.subaru.es\/blog\/wp-content\/uploads\/2014\/04\/foto2.jpg\" alt=\"\" width=\"602\" height=\"402\" data-srcset=\"https:\/\/www.subaru.es\/blog\/wp-content\/uploads\/2014\/04\/foto2.jpg 602w, https:\/\/www.subaru.es\/blog\/wp-content\/uploads\/2014\/04\/foto2-560x374.jpg 560w\" data-sizes=\"(max-width: 602px) 100vw, 602px\" src=\"data:image\/svg+xml;base64,PHN2ZyB3aWR0aD0iMSIgaGVpZ2h0PSIxIiB4bWxucz0iaHR0cDovL3d3dy53My5vcmcvMjAwMC9zdmciPjwvc3ZnPg==\" style=\"--smush-placeholder-width: 602px; --smush-placeholder-aspect-ratio: 602\/402;\" \/><\/a><br \/>\n<strong>El circuito<\/strong><\/p>\n<p>La localidad malague\u00f1a de Oj\u00e9n, situada a 8 km. de Marbella, fue un sobresaliente escenario para la disputa de la cita inaugural.<br \/>\n<a href=\"https:\/\/www.subaru.es\/blog\/wp-content\/uploads\/2014\/04\/foto61.jpg\"><img decoding=\"async\" class=\"aligncenter size-full wp-image-10257 lazyload\" title=\"Oj\u00e9n\" data-src=\"https:\/\/www.subaru.es\/blog\/wp-content\/uploads\/2014\/04\/foto61.jpg\" alt=\"\" width=\"602\" height=\"402\" data-srcset=\"https:\/\/www.subaru.es\/blog\/wp-content\/uploads\/2014\/04\/foto61.jpg 602w, https:\/\/www.subaru.es\/blog\/wp-content\/uploads\/2014\/04\/foto61-560x374.jpg 560w\" data-sizes=\"(max-width: 602px) 100vw, 602px\" src=\"data:image\/svg+xml;base64,PHN2ZyB3aWR0aD0iMSIgaGVpZ2h0PSIxIiB4bWxucz0iaHR0cDovL3d3dy53My5vcmcvMjAwMC9zdmciPjwvc3ZnPg==\" style=\"--smush-placeholder-width: 602px; --smush-placeholder-aspect-ratio: 602\/402;\" \/><\/a><br \/>\nEl recorrido constaba de cinco tramos especiales cronometrados, con sus respectivas cinco subidas de enlace, donde la variedad del terreno, unido a la velocidad y sobre todo unas importantes rampas de subida marcaron el crono final de la prueba. La distancia total fueron 35 km. y la duraci\u00f3n aproximada unas 5 horas y media.<\/p>\n<p><a href=\"https:\/\/www.subaru.es\/blog\/wp-content\/uploads\/2014\/04\/foto4.jpg\"><img decoding=\"async\" class=\"aligncenter size-full wp-image-10252 lazyload\" title=\"Subaru y Planet MTB\" data-src=\"https:\/\/www.subaru.es\/blog\/wp-content\/uploads\/2014\/04\/foto4.jpg\" alt=\"\" width=\"602\" height=\"802\" data-srcset=\"https:\/\/www.subaru.es\/blog\/wp-content\/uploads\/2014\/04\/foto4.jpg 602w, https:\/\/www.subaru.es\/blog\/wp-content\/uploads\/2014\/04\/foto4-560x746.jpg 560w\" data-sizes=\"(max-width: 602px) 100vw, 602px\" src=\"data:image\/svg+xml;base64,PHN2ZyB3aWR0aD0iMSIgaGVpZ2h0PSIxIiB4bWxucz0iaHR0cDovL3d3dy53My5vcmcvMjAwMC9zdmciPjwvc3ZnPg==\" style=\"--smush-placeholder-width: 602px; --smush-placeholder-aspect-ratio: 602\/802;\" \/><\/a><\/p>\n<p><strong>De camino al p\u00f3dium<\/strong><\/p>\n<p>Estamos s\u00faper orgullosos porque una vez m\u00e1s, <strong>Planet Mtb<\/strong> y <strong>Subaru<\/strong> terminamos en el tercer caj\u00f3n del p\u00f3dium en categor\u00eda Master 30 y rozando el top20 de la prueba.<br \/>\n<a href=\"https:\/\/www.subaru.es\/blog\/wp-content\/uploads\/2014\/04\/foto3.jpg\"><img decoding=\"async\" class=\"aligncenter size-full wp-image-10254 lazyload\" title=\"P\u00f3dium\" data-src=\"https:\/\/www.subaru.es\/blog\/wp-content\/uploads\/2014\/04\/foto3.jpg\" alt=\"\" width=\"602\" height=\"402\" data-srcset=\"https:\/\/www.subaru.es\/blog\/wp-content\/uploads\/2014\/04\/foto3.jpg 602w, https:\/\/www.subaru.es\/blog\/wp-content\/uploads\/2014\/04\/foto3-560x374.jpg 560w\" data-sizes=\"(max-width: 602px) 100vw, 602px\" src=\"data:image\/svg+xml;base64,PHN2ZyB3aWR0aD0iMSIgaGVpZ2h0PSIxIiB4bWxucz0iaHR0cDovL3d3dy53My5vcmcvMjAwMC9zdmciPjwvc3ZnPg==\" style=\"--smush-placeholder-width: 602px; --smush-placeholder-aspect-ratio: 602\/402;\" \/><\/a><br \/>\nLa salida en la peque\u00f1a plaza de Oj\u00e9n fue seguida por multitud de personas. Nuestro enlace de subida era de 1h y 20m. para despu\u00e9s afrontar la primera bajada cronometrada, la m\u00e1s larga de todas y donde alcanzamos los 70 km\/h en uno de los tramos. Un fallo mec\u00e1nico con el cambio supuso una penalizaci\u00f3n de unos 20 segundos como m\u00ednimo.<br \/>\nEl enlace para el segundo tramo era corto, unos 35 minutos, as\u00ed como la bajada cronometrada tambi\u00e9n. Apenas dos minutos a tope con final en una lenta e inc\u00f3moda trialera. El tercer tramo estaba a unos 45 minutos, con un avituallamiento en medio, y la salida ten\u00eda unos 300 metros de subida tendida y otros 200 de llano antes de comenzar a bajar. Un sprint inicial que nos dejaba ya temblando para el resto de tramo cronometrado que terminaba en un duro, estrecho y exigente \u201cRock Garden\u201d.<\/p>\n<p><a href=\"https:\/\/www.subaru.es\/blog\/wp-content\/uploads\/2014\/04\/foto71.jpg\"><img decoding=\"async\" class=\"aligncenter size-full wp-image-10263 lazyload\" title=\"Recorrido\" data-src=\"https:\/\/www.subaru.es\/blog\/wp-content\/uploads\/2014\/04\/foto71.jpg\" alt=\"\" width=\"602\" height=\"402\" data-srcset=\"https:\/\/www.subaru.es\/blog\/wp-content\/uploads\/2014\/04\/foto71.jpg 602w, https:\/\/www.subaru.es\/blog\/wp-content\/uploads\/2014\/04\/foto71-560x374.jpg 560w\" data-sizes=\"(max-width: 602px) 100vw, 602px\" src=\"data:image\/svg+xml;base64,PHN2ZyB3aWR0aD0iMSIgaGVpZ2h0PSIxIiB4bWxucz0iaHR0cDovL3d3dy53My5vcmcvMjAwMC9zdmciPjwvc3ZnPg==\" style=\"--smush-placeholder-width: 602px; --smush-placeholder-aspect-ratio: 602\/402;\" \/><\/a><\/p>\n<p>La subida al tramo especial cuatro era de casi 1 hora, pero la mirada estaba puesta en el final. Un tramo completo, divertido y con otra bajada de m\u00e1s de 60 km\/h. Y llegamos al \u00faltimo enlace, otra hora subiendo para el tramo m\u00e1s frondoso y con vegetaci\u00f3n de la jornada que terminaba en el mismo pueblo de Oj\u00e9n, lleno de p\u00fablico en todo su recorrido.<\/p>\n<p><a href=\"https:\/\/www.subaru.es\/blog\/wp-content\/uploads\/2014\/04\/foto5.jpg\"><img decoding=\"async\" class=\"aligncenter size-full wp-image-10253 lazyload\" title=\"Chus Castellanos \" data-src=\"https:\/\/www.subaru.es\/blog\/wp-content\/uploads\/2014\/04\/foto5.jpg\" alt=\"\" width=\"602\" height=\"747\" data-srcset=\"https:\/\/www.subaru.es\/blog\/wp-content\/uploads\/2014\/04\/foto5.jpg 602w, https:\/\/www.subaru.es\/blog\/wp-content\/uploads\/2014\/04\/foto5-560x695.jpg 560w\" data-sizes=\"(max-width: 602px) 100vw, 602px\" src=\"data:image\/svg+xml;base64,PHN2ZyB3aWR0aD0iMSIgaGVpZ2h0PSIxIiB4bWxucz0iaHR0cDovL3d3dy53My5vcmcvMjAwMC9zdmciPjwvc3ZnPg==\" style=\"--smush-placeholder-width: 602px; --smush-placeholder-aspect-ratio: 602\/747;\" \/><\/a><\/p>\n<p>Chus Castellanos y Subaru se vuelven a casa con una merecida recompensa.<\/p>\n<p><center><iframe data-src=\"\/\/www.youtube.com\/embed\/c2RiQKfil8o\" width=\"560\" height=\"315\" frameborder=\"0\" allowfullscreen=\"allowfullscreen\" src=\"data:image\/svg+xml;base64,PHN2ZyB3aWR0aD0iMSIgaGVpZ2h0PSIxIiB4bWxucz0iaHR0cDovL3d3dy53My5vcmcvMjAwMC9zdmciPjwvc3ZnPg==\" class=\"lazyload\" data-load-mode=\"1\"><\/iframe><\/center><\/p>\n","protected":false},"excerpt":{"rendered":"<p>Una vez m\u00e1s, Subaru ha vuelto a acompa\u00f1ar a Planet MTB en sus aventuras, esta vez en el Open de Espa\u00f1a de Mountain Bike enduro, celebrado en Oj\u00e9n, M\u00e1laga. El pasado fin de semana (29 y 30 de marzo) daba comienzo el Open de Espa\u00f1a de mountain bike en su modalidad enduro. M\u00e1s de 300 [&hellip;]<\/p>\n","protected":false},"author":21,"featured_media":10250,"comment_status":"open","ping_status":"open","sticky":false,"template":"","format":"standard","meta":{"_acf_changed":false,"_eb_attr":"","inline_featured_image":false,"footnotes":""},"categories":[4520],"tags":[214],"class_list":["post-10249","post","type-post","status-publish","format-standard","has-post-thumbnail","hentry","category-subaru-lifestyle","tag-mountain-bike"],"acf":[],"yoast_head":"<!-- This site is optimized with the Yoast SEO plugin v27.3 - https:\/\/yoast.com\/product\/yoast-seo-wordpress\/ -->\n<title>Planet Mtb y Subaru suben de nuevo al p\u00f3dium - Universo Subaru<\/title>\n<meta name=\"robots\" content=\"index, follow, max-snippet:-1, max-image-preview:large, max-video-preview:-1\" \/>\n<link rel=\"canonical\" href=\"https:\/\/www.subaru.es\/blog\/subaru-lifestyle\/planet-mtb-y-subaru-suben-de-nuevo-al-podium\/\" \/>\n<meta property=\"og:locale\" content=\"es_ES\" \/>\n<meta property=\"og:type\" content=\"article\" \/>\n<meta property=\"og:title\" content=\"Planet Mtb y Subaru suben de nuevo al p\u00f3dium - Universo Subaru\" \/>\n<meta property=\"og:description\" content=\"Una vez m\u00e1s, Subaru ha vuelto a acompa\u00f1ar a Planet MTB en sus aventuras, esta vez en el Open de Espa\u00f1a de Mountain Bike enduro, celebrado en Oj\u00e9n, M\u00e1laga. El pasado fin de semana (29 y 30 de marzo) daba comienzo el Open de Espa\u00f1a de mountain bike en su modalidad enduro. M\u00e1s de 300 [&hellip;]\" \/>\n<meta property=\"og:url\" content=\"https:\/\/www.subaru.es\/blog\/subaru-lifestyle\/planet-mtb-y-subaru-suben-de-nuevo-al-podium\/\" \/>\n<meta property=\"og:site_name\" content=\"Universo Subaru\" \/>\n<meta property=\"article:publisher\" content=\"https:\/\/www.facebook.com\/subaruespana\" \/>\n<meta property=\"article:published_time\" content=\"2014-04-04T10:23:59+00:00\" \/>\n<meta property=\"article:modified_time\" content=\"2020-08-06T09:02:45+00:00\" \/>\n<meta property=\"og:image\" content=\"https:\/\/www.subaru.es\/blog\/wp-content\/uploads\/2014\/04\/Foto1.jpg\" \/>\n\t<meta property=\"og:image:width\" content=\"602\" \/>\n\t<meta property=\"og:image:height\" content=\"402\" \/>\n\t<meta property=\"og:image:type\" content=\"image\/jpeg\" \/>\n<meta name=\"author\" content=\"Subaru\" \/>\n<meta name=\"twitter:card\" content=\"summary_large_image\" \/>\n<meta name=\"twitter:label1\" content=\"Escrito por\" \/>\n\t<meta name=\"twitter:data1\" content=\"Subaru\" \/>\n\t<meta name=\"twitter:label2\" content=\"Tiempo de lectura\" \/>\n\t<meta name=\"twitter:data2\" content=\"3 minutos\" \/>\n<script type=\"application\/ld+json\" class=\"yoast-schema-graph\">{\"@context\":\"https:\\\/\\\/schema.org\",\"@graph\":[{\"@type\":\"Article\",\"@id\":\"https:\\\/\\\/www.subaru.es\\\/blog\\\/subaru-lifestyle\\\/planet-mtb-y-subaru-suben-de-nuevo-al-podium\\\/#article\",\"isPartOf\":{\"@id\":\"https:\\\/\\\/www.subaru.es\\\/blog\\\/subaru-lifestyle\\\/planet-mtb-y-subaru-suben-de-nuevo-al-podium\\\/\"},\"author\":{\"name\":\"Subaru\",\"@id\":\"https:\\\/\\\/www.subaru.es\\\/blog\\\/#\\\/schema\\\/person\\\/19a90b892230b8e0ec752704ddf4aa10\"},\"headline\":\"Planet Mtb y Subaru suben de nuevo al p\u00f3dium\",\"datePublished\":\"2014-04-04T10:23:59+00:00\",\"dateModified\":\"2020-08-06T09:02:45+00:00\",\"mainEntityOfPage\":{\"@id\":\"https:\\\/\\\/www.subaru.es\\\/blog\\\/subaru-lifestyle\\\/planet-mtb-y-subaru-suben-de-nuevo-al-podium\\\/\"},\"wordCount\":553,\"commentCount\":0,\"publisher\":{\"@id\":\"https:\\\/\\\/www.subaru.es\\\/blog\\\/#organization\"},\"image\":{\"@id\":\"https:\\\/\\\/www.subaru.es\\\/blog\\\/subaru-lifestyle\\\/planet-mtb-y-subaru-suben-de-nuevo-al-podium\\\/#primaryimage\"},\"thumbnailUrl\":\"https:\\\/\\\/www.subaru.es\\\/blog\\\/wp-content\\\/uploads\\\/2014\\\/04\\\/Foto1.jpg\",\"keywords\":[\"mountain bike\"],\"articleSection\":[\"Subaru LifeStyle\"],\"inLanguage\":\"es\",\"potentialAction\":[{\"@type\":\"CommentAction\",\"name\":\"Comment\",\"target\":[\"https:\\\/\\\/www.subaru.es\\\/blog\\\/subaru-lifestyle\\\/planet-mtb-y-subaru-suben-de-nuevo-al-podium\\\/#respond\"]}]},{\"@type\":\"WebPage\",\"@id\":\"https:\\\/\\\/www.subaru.es\\\/blog\\\/subaru-lifestyle\\\/planet-mtb-y-subaru-suben-de-nuevo-al-podium\\\/\",\"url\":\"https:\\\/\\\/www.subaru.es\\\/blog\\\/subaru-lifestyle\\\/planet-mtb-y-subaru-suben-de-nuevo-al-podium\\\/\",\"name\":\"Planet Mtb y Subaru suben de nuevo al p\u00f3dium - Universo Subaru\",\"isPartOf\":{\"@id\":\"https:\\\/\\\/www.subaru.es\\\/blog\\\/#website\"},\"primaryImageOfPage\":{\"@id\":\"https:\\\/\\\/www.subaru.es\\\/blog\\\/subaru-lifestyle\\\/planet-mtb-y-subaru-suben-de-nuevo-al-podium\\\/#primaryimage\"},\"image\":{\"@id\":\"https:\\\/\\\/www.subaru.es\\\/blog\\\/subaru-lifestyle\\\/planet-mtb-y-subaru-suben-de-nuevo-al-podium\\\/#primaryimage\"},\"thumbnailUrl\":\"https:\\\/\\\/www.subaru.es\\\/blog\\\/wp-content\\\/uploads\\\/2014\\\/04\\\/Foto1.jpg\",\"datePublished\":\"2014-04-04T10:23:59+00:00\",\"dateModified\":\"2020-08-06T09:02:45+00:00\",\"breadcrumb\":{\"@id\":\"https:\\\/\\\/www.subaru.es\\\/blog\\\/subaru-lifestyle\\\/planet-mtb-y-subaru-suben-de-nuevo-al-podium\\\/#breadcrumb\"},\"inLanguage\":\"es\",\"potentialAction\":[{\"@type\":\"ReadAction\",\"target\":[\"https:\\\/\\\/www.subaru.es\\\/blog\\\/subaru-lifestyle\\\/planet-mtb-y-subaru-suben-de-nuevo-al-podium\\\/\"]}]},{\"@type\":\"ImageObject\",\"inLanguage\":\"es\",\"@id\":\"https:\\\/\\\/www.subaru.es\\\/blog\\\/subaru-lifestyle\\\/planet-mtb-y-subaru-suben-de-nuevo-al-podium\\\/#primaryimage\",\"url\":\"https:\\\/\\\/www.subaru.es\\\/blog\\\/wp-content\\\/uploads\\\/2014\\\/04\\\/Foto1.jpg\",\"contentUrl\":\"https:\\\/\\\/www.subaru.es\\\/blog\\\/wp-content\\\/uploads\\\/2014\\\/04\\\/Foto1.jpg\",\"width\":602,\"height\":402},{\"@type\":\"BreadcrumbList\",\"@id\":\"https:\\\/\\\/www.subaru.es\\\/blog\\\/subaru-lifestyle\\\/planet-mtb-y-subaru-suben-de-nuevo-al-podium\\\/#breadcrumb\",\"itemListElement\":[{\"@type\":\"ListItem\",\"position\":1,\"name\":\"Portada\",\"item\":\"https:\\\/\\\/www.subaru.es\\\/blog\\\/\"},{\"@type\":\"ListItem\",\"position\":2,\"name\":\"Planet Mtb y Subaru suben de nuevo al p\u00f3dium\"}]},{\"@type\":\"WebSite\",\"@id\":\"https:\\\/\\\/www.subaru.es\\\/blog\\\/#website\",\"url\":\"https:\\\/\\\/www.subaru.es\\\/blog\\\/\",\"name\":\"Universo Subaru\",\"description\":\"Descubre este apasionante espacio de Subaru donde vas a conocer todo sobre nuestros coches y las experiencias que vivimos con ellos. Si est\u00e1s preparado para dejarte seducir por la filosof\u00eda Subaru, qu\u00e9date con nosotros.\",\"publisher\":{\"@id\":\"https:\\\/\\\/www.subaru.es\\\/blog\\\/#organization\"},\"potentialAction\":[{\"@type\":\"SearchAction\",\"target\":{\"@type\":\"EntryPoint\",\"urlTemplate\":\"https:\\\/\\\/www.subaru.es\\\/blog\\\/?s={search_term_string}\"},\"query-input\":{\"@type\":\"PropertyValueSpecification\",\"valueRequired\":true,\"valueName\":\"search_term_string\"}}],\"inLanguage\":\"es\"},{\"@type\":\"Organization\",\"@id\":\"https:\\\/\\\/www.subaru.es\\\/blog\\\/#organization\",\"name\":\"Subaru Espa\u00f1a S.A.\",\"url\":\"https:\\\/\\\/www.subaru.es\\\/blog\\\/\",\"logo\":{\"@type\":\"ImageObject\",\"inLanguage\":\"es\",\"@id\":\"https:\\\/\\\/www.subaru.es\\\/blog\\\/#\\\/schema\\\/logo\\\/image\\\/\",\"url\":\"https:\\\/\\\/www.subaru.es\\\/blog\\\/wp-content\\\/uploads\\\/2016\\\/12\\\/Logo-Subaru-TypeV_C300-scaled.jpg\",\"contentUrl\":\"https:\\\/\\\/www.subaru.es\\\/blog\\\/wp-content\\\/uploads\\\/2016\\\/12\\\/Logo-Subaru-TypeV_C300-scaled.jpg\",\"width\":2560,\"height\":1864,\"caption\":\"Subaru Espa\u00f1a S.A.\"},\"image\":{\"@id\":\"https:\\\/\\\/www.subaru.es\\\/blog\\\/#\\\/schema\\\/logo\\\/image\\\/\"},\"sameAs\":[\"https:\\\/\\\/www.facebook.com\\\/subaruespana\",\"https:\\\/\\\/www.instagram.com\\\/subarues\\\/\",\"https:\\\/\\\/www.youtube.com\\\/user\\\/subaruespana\"]},{\"@type\":\"Person\",\"@id\":\"https:\\\/\\\/www.subaru.es\\\/blog\\\/#\\\/schema\\\/person\\\/19a90b892230b8e0ec752704ddf4aa10\",\"name\":\"Subaru\",\"url\":\"https:\\\/\\\/www.subaru.es\\\/blog\\\/author\\\/subaria\\\/\"}]}<\/script>\n<!-- \/ Yoast SEO plugin. -->","yoast_head_json":{"title":"Planet Mtb y Subaru suben de nuevo al p\u00f3dium - Universo Subaru","robots":{"index":"index","follow":"follow","max-snippet":"max-snippet:-1","max-image-preview":"max-image-preview:large","max-video-preview":"max-video-preview:-1"},"canonical":"https:\/\/www.subaru.es\/blog\/subaru-lifestyle\/planet-mtb-y-subaru-suben-de-nuevo-al-podium\/","og_locale":"es_ES","og_type":"article","og_title":"Planet Mtb y Subaru suben de nuevo al p\u00f3dium - Universo Subaru","og_description":"Una vez m\u00e1s, Subaru ha vuelto a acompa\u00f1ar a Planet MTB en sus aventuras, esta vez en el Open de Espa\u00f1a de Mountain Bike enduro, celebrado en Oj\u00e9n, M\u00e1laga. El pasado fin de semana (29 y 30 de marzo) daba comienzo el Open de Espa\u00f1a de mountain bike en su modalidad enduro. M\u00e1s de 300 [&hellip;]","og_url":"https:\/\/www.subaru.es\/blog\/subaru-lifestyle\/planet-mtb-y-subaru-suben-de-nuevo-al-podium\/","og_site_name":"Universo Subaru","article_publisher":"https:\/\/www.facebook.com\/subaruespana","article_published_time":"2014-04-04T10:23:59+00:00","article_modified_time":"2020-08-06T09:02:45+00:00","og_image":[{"width":602,"height":402,"url":"https:\/\/www.subaru.es\/blog\/wp-content\/uploads\/2014\/04\/Foto1.jpg","type":"image\/jpeg"}],"author":"Subaru","twitter_card":"summary_large_image","twitter_misc":{"Escrito por":"Subaru","Tiempo de lectura":"3 minutos"},"schema":{"@context":"https:\/\/schema.org","@graph":[{"@type":"Article","@id":"https:\/\/www.subaru.es\/blog\/subaru-lifestyle\/planet-mtb-y-subaru-suben-de-nuevo-al-podium\/#article","isPartOf":{"@id":"https:\/\/www.subaru.es\/blog\/subaru-lifestyle\/planet-mtb-y-subaru-suben-de-nuevo-al-podium\/"},"author":{"name":"Subaru","@id":"https:\/\/www.subaru.es\/blog\/#\/schema\/person\/19a90b892230b8e0ec752704ddf4aa10"},"headline":"Planet Mtb y Subaru suben de nuevo al p\u00f3dium","datePublished":"2014-04-04T10:23:59+00:00","dateModified":"2020-08-06T09:02:45+00:00","mainEntityOfPage":{"@id":"https:\/\/www.subaru.es\/blog\/subaru-lifestyle\/planet-mtb-y-subaru-suben-de-nuevo-al-podium\/"},"wordCount":553,"commentCount":0,"publisher":{"@id":"https:\/\/www.subaru.es\/blog\/#organization"},"image":{"@id":"https:\/\/www.subaru.es\/blog\/subaru-lifestyle\/planet-mtb-y-subaru-suben-de-nuevo-al-podium\/#primaryimage"},"thumbnailUrl":"https:\/\/www.subaru.es\/blog\/wp-content\/uploads\/2014\/04\/Foto1.jpg","keywords":["mountain bike"],"articleSection":["Subaru LifeStyle"],"inLanguage":"es","potentialAction":[{"@type":"CommentAction","name":"Comment","target":["https:\/\/www.subaru.es\/blog\/subaru-lifestyle\/planet-mtb-y-subaru-suben-de-nuevo-al-podium\/#respond"]}]},{"@type":"WebPage","@id":"https:\/\/www.subaru.es\/blog\/subaru-lifestyle\/planet-mtb-y-subaru-suben-de-nuevo-al-podium\/","url":"https:\/\/www.subaru.es\/blog\/subaru-lifestyle\/planet-mtb-y-subaru-suben-de-nuevo-al-podium\/","name":"Planet Mtb y Subaru suben de nuevo al p\u00f3dium - Universo Subaru","isPartOf":{"@id":"https:\/\/www.subaru.es\/blog\/#website"},"primaryImageOfPage":{"@id":"https:\/\/www.subaru.es\/blog\/subaru-lifestyle\/planet-mtb-y-subaru-suben-de-nuevo-al-podium\/#primaryimage"},"image":{"@id":"https:\/\/www.subaru.es\/blog\/subaru-lifestyle\/planet-mtb-y-subaru-suben-de-nuevo-al-podium\/#primaryimage"},"thumbnailUrl":"https:\/\/www.subaru.es\/blog\/wp-content\/uploads\/2014\/04\/Foto1.jpg","datePublished":"2014-04-04T10:23:59+00:00","dateModified":"2020-08-06T09:02:45+00:00","breadcrumb":{"@id":"https:\/\/www.subaru.es\/blog\/subaru-lifestyle\/planet-mtb-y-subaru-suben-de-nuevo-al-podium\/#breadcrumb"},"inLanguage":"es","potentialAction":[{"@type":"ReadAction","target":["https:\/\/www.subaru.es\/blog\/subaru-lifestyle\/planet-mtb-y-subaru-suben-de-nuevo-al-podium\/"]}]},{"@type":"ImageObject","inLanguage":"es","@id":"https:\/\/www.subaru.es\/blog\/subaru-lifestyle\/planet-mtb-y-subaru-suben-de-nuevo-al-podium\/#primaryimage","url":"https:\/\/www.subaru.es\/blog\/wp-content\/uploads\/2014\/04\/Foto1.jpg","contentUrl":"https:\/\/www.subaru.es\/blog\/wp-content\/uploads\/2014\/04\/Foto1.jpg","width":602,"height":402},{"@type":"BreadcrumbList","@id":"https:\/\/www.subaru.es\/blog\/subaru-lifestyle\/planet-mtb-y-subaru-suben-de-nuevo-al-podium\/#breadcrumb","itemListElement":[{"@type":"ListItem","position":1,"name":"Portada","item":"https:\/\/www.subaru.es\/blog\/"},{"@type":"ListItem","position":2,"name":"Planet Mtb y Subaru suben de nuevo al p\u00f3dium"}]},{"@type":"WebSite","@id":"https:\/\/www.subaru.es\/blog\/#website","url":"https:\/\/www.subaru.es\/blog\/","name":"Universo Subaru","description":"Descubre este apasionante espacio de Subaru donde vas a conocer todo sobre nuestros coches y las experiencias que vivimos con ellos. Si est\u00e1s preparado para dejarte seducir por la filosof\u00eda Subaru, qu\u00e9date con nosotros.","publisher":{"@id":"https:\/\/www.subaru.es\/blog\/#organization"},"potentialAction":[{"@type":"SearchAction","target":{"@type":"EntryPoint","urlTemplate":"https:\/\/www.subaru.es\/blog\/?s={search_term_string}"},"query-input":{"@type":"PropertyValueSpecification","valueRequired":true,"valueName":"search_term_string"}}],"inLanguage":"es"},{"@type":"Organization","@id":"https:\/\/www.subaru.es\/blog\/#organization","name":"Subaru Espa\u00f1a S.A.","url":"https:\/\/www.subaru.es\/blog\/","logo":{"@type":"ImageObject","inLanguage":"es","@id":"https:\/\/www.subaru.es\/blog\/#\/schema\/logo\/image\/","url":"https:\/\/www.subaru.es\/blog\/wp-content\/uploads\/2016\/12\/Logo-Subaru-TypeV_C300-scaled.jpg","contentUrl":"https:\/\/www.subaru.es\/blog\/wp-content\/uploads\/2016\/12\/Logo-Subaru-TypeV_C300-scaled.jpg","width":2560,"height":1864,"caption":"Subaru Espa\u00f1a S.A."},"image":{"@id":"https:\/\/www.subaru.es\/blog\/#\/schema\/logo\/image\/"},"sameAs":["https:\/\/www.facebook.com\/subaruespana","https:\/\/www.instagram.com\/subarues\/","https:\/\/www.youtube.com\/user\/subaruespana"]},{"@type":"Person","@id":"https:\/\/www.subaru.es\/blog\/#\/schema\/person\/19a90b892230b8e0ec752704ddf4aa10","name":"Subaru","url":"https:\/\/www.subaru.es\/blog\/author\/subaria\/"}]}},"_links":{"self":[{"href":"https:\/\/www.subaru.es\/blog\/wp-json\/wp\/v2\/posts\/10249","targetHints":{"allow":["GET"]}}],"collection":[{"href":"https:\/\/www.subaru.es\/blog\/wp-json\/wp\/v2\/posts"}],"about":[{"href":"https:\/\/www.subaru.es\/blog\/wp-json\/wp\/v2\/types\/post"}],"author":[{"embeddable":true,"href":"https:\/\/www.subaru.es\/blog\/wp-json\/wp\/v2\/users\/21"}],"replies":[{"embeddable":true,"href":"https:\/\/www.subaru.es\/blog\/wp-json\/wp\/v2\/comments?post=10249"}],"version-history":[{"count":2,"href":"https:\/\/www.subaru.es\/blog\/wp-json\/wp\/v2\/posts\/10249\/revisions"}],"predecessor-version":[{"id":16314,"href":"https:\/\/www.subaru.es\/blog\/wp-json\/wp\/v2\/posts\/10249\/revisions\/16314"}],"wp:featuredmedia":[{"embeddable":true,"href":"https:\/\/www.subaru.es\/blog\/wp-json\/wp\/v2\/media\/10250"}],"wp:attachment":[{"href":"https:\/\/www.subaru.es\/blog\/wp-json\/wp\/v2\/media?parent=10249"}],"wp:term":[{"taxonomy":"category","embeddable":true,"href":"https:\/\/www.subaru.es\/blog\/wp-json\/wp\/v2\/categories?post=10249"},{"taxonomy":"post_tag","embeddable":true,"href":"https:\/\/www.subaru.es\/blog\/wp-json\/wp\/v2\/tags?post=10249"}],"curies":[{"name":"wp","href":"https:\/\/api.w.org\/{rel}","templated":true}]}}