{"id":1024,"date":"2008-06-11T15:40:06","date_gmt":"2008-06-11T13:40:06","guid":{"rendered":"http:\/\/subaru.preproduccion.com\/blog\/wp-content\/2008\/06\/11\/impreza-wrc-08-espiritu-de-rally\/"},"modified":"2020-08-06T11:47:29","modified_gmt":"2020-08-06T09:47:29","slug":"impreza-wrc-08-espiritu-de-rally","status":"publish","type":"post","link":"https:\/\/www.subaru.es\/blog\/nuestra-marca\/impreza-wrc-08-espiritu-de-rally\/","title":{"rendered":"Impreza WRC 08: esp\u00edritu de rally"},"content":{"rendered":"<p>Adem\u00e1s del segundo puesto de Petter Solberg, la presentaci\u00f3n del nuevo <a href=\"https:\/\/www.subaru.es\/blog\/2008\/06\/03\/el-rallye-de-grecia-en-imagenes\/\">Impreza WRC 2008 en el Rally Acr\u00f3polis de Grecia<\/a> ha tenido un premio a\u00f1adido. La valiente decisi\u00f3n del <strong>equipo Subaru<\/strong> ha sido meritoria del trofeo <strong>\u201cAbu Dhabi Spirit of the Rally\u201d<\/strong>, que reconoce los valores de respeto, innovaci\u00f3n, integridad y trabajo de equipo.<\/p>\n<p><center><img data-src='https:\/\/www.subaru.es\/blog\/wp-content\/uploads\/2008\/06\/espiritu-del-rally.jpg' alt='Esp\u00edritu del Rally' src='data:image\/svg+xml;base64,PHN2ZyB3aWR0aD0iMSIgaGVpZ2h0PSIxIiB4bWxucz0iaHR0cDovL3d3dy53My5vcmcvMjAwMC9zdmciPjwvc3ZnPg==' class='lazyload' style='--smush-placeholder-width: 300px; --smush-placeholder-aspect-ratio: 300\/200;' \/><\/center><\/p>\n<p>La presentaci\u00f3n del <strong>nuevo Impreza WRC 2008<\/strong> en plena disputa del Mundial, ha sido la prueba m\u00e1s dura que pod\u00eda recibir el \u00faltimo eslab\u00f3n de la historia de este m\u00edtico coche. Sin embargo, el resultado no pudo ser m\u00e1s satisfactorio, con un Petter Solberg de vuelta a la primera l\u00ednea de competici\u00f3n.<\/p>\n<blockquote><p>\u201cNo es s\u00f3lo que el nuevo coche tenga un aspecto genial, sino que adem\u00e1s ha quedado demostrado que tiene los atributos necesarios para competir al m\u00e1ximo nivel. El deporte es cosa de competici\u00f3n y los rallyes necesitan tantos equipos luchando por el podio y la victoria como sea posible. Es una fant\u00e1stica noticia para todo el mundo que corre rallyes que el nuevo Subaru haya tenido un debut tan espectacular, mis felicitaciones al equipo por el duro trabajo realizado.\u201d <strong>Declaraba Ikuo Mori, Presidente y Jefe Ejecutivo de la compa\u00f1\u00eda central de Subaru, Fuji Heavy Industries Ltd.<\/strong><\/p><\/blockquote>\n","protected":false},"excerpt":{"rendered":"<p>Adem\u00e1s del segundo puesto de Petter Solberg, la presentaci\u00f3n del nuevo Impreza WRC 2008 en el Rally Acr\u00f3polis de Grecia ha tenido un premio a\u00f1adido. La valiente decisi\u00f3n del equipo Subaru ha sido meritoria del trofeo \u201cAbu Dhabi Spirit of the Rally\u201d, que reconoce los valores de respeto, innovaci\u00f3n, integridad y trabajo de equipo. La [&hellip;]<\/p>\n","protected":false},"author":21,"featured_media":1025,"comment_status":"open","ping_status":"open","sticky":false,"template":"","format":"standard","meta":{"_acf_changed":false,"_eb_attr":"","inline_featured_image":false,"footnotes":""},"categories":[4401],"tags":[675,696,697],"class_list":["post-1024","post","type-post","status-publish","format-standard","has-post-thumbnail","hentry","category-nuestra-marca","tag-impreza-wrc-2008","tag-premio-abu-dhabi","tag-spirit-of-the-rally"],"acf":[],"yoast_head":"<!-- This site is optimized with the Yoast SEO plugin v27.3 - https:\/\/yoast.com\/product\/yoast-seo-wordpress\/ -->\n<title>Impreza WRC 08: esp\u00edritu de rally - Universo Subaru<\/title>\n<meta name=\"robots\" content=\"index, follow, max-snippet:-1, max-image-preview:large, max-video-preview:-1\" \/>\n<link rel=\"canonical\" href=\"https:\/\/www.subaru.es\/blog\/nuestra-marca\/impreza-wrc-08-espiritu-de-rally\/\" \/>\n<meta property=\"og:locale\" content=\"es_ES\" \/>\n<meta property=\"og:type\" content=\"article\" \/>\n<meta property=\"og:title\" content=\"Impreza WRC 08: esp\u00edritu de rally - Universo Subaru\" \/>\n<meta property=\"og:description\" content=\"Adem\u00e1s del segundo puesto de Petter Solberg, la presentaci\u00f3n del nuevo Impreza WRC 2008 en el Rally Acr\u00f3polis de Grecia ha tenido un premio a\u00f1adido. La valiente decisi\u00f3n del equipo Subaru ha sido meritoria del trofeo \u201cAbu Dhabi Spirit of the Rally\u201d, que reconoce los valores de respeto, innovaci\u00f3n, integridad y trabajo de equipo. La [&hellip;]\" \/>\n<meta property=\"og:url\" content=\"https:\/\/www.subaru.es\/blog\/nuestra-marca\/impreza-wrc-08-espiritu-de-rally\/\" \/>\n<meta property=\"og:site_name\" content=\"Universo Subaru\" \/>\n<meta property=\"article:publisher\" content=\"https:\/\/www.facebook.com\/subaruespana\" \/>\n<meta property=\"article:published_time\" content=\"2008-06-11T13:40:06+00:00\" \/>\n<meta property=\"article:modified_time\" content=\"2020-08-06T09:47:29+00:00\" \/>\n<meta property=\"og:image\" content=\"https:\/\/www.subaru.es\/blog\/wp-content\/uploads\/2008\/06\/espiritu-del-rally.jpg\" \/>\n\t<meta property=\"og:image:width\" content=\"300\" \/>\n\t<meta property=\"og:image:height\" content=\"200\" \/>\n\t<meta property=\"og:image:type\" content=\"image\/jpeg\" \/>\n<meta name=\"author\" content=\"Subaru\" \/>\n<meta name=\"twitter:card\" content=\"summary_large_image\" \/>\n<meta name=\"twitter:label1\" content=\"Escrito por\" \/>\n\t<meta name=\"twitter:data1\" content=\"Subaru\" \/>\n\t<meta name=\"twitter:label2\" content=\"Tiempo de lectura\" \/>\n\t<meta name=\"twitter:data2\" content=\"1 minuto\" \/>\n<script type=\"application\/ld+json\" class=\"yoast-schema-graph\">{\"@context\":\"https:\\\/\\\/schema.org\",\"@graph\":[{\"@type\":\"Article\",\"@id\":\"https:\\\/\\\/www.subaru.es\\\/blog\\\/nuestra-marca\\\/impreza-wrc-08-espiritu-de-rally\\\/#article\",\"isPartOf\":{\"@id\":\"https:\\\/\\\/www.subaru.es\\\/blog\\\/nuestra-marca\\\/impreza-wrc-08-espiritu-de-rally\\\/\"},\"author\":{\"name\":\"Subaru\",\"@id\":\"https:\\\/\\\/www.subaru.es\\\/blog\\\/#\\\/schema\\\/person\\\/19a90b892230b8e0ec752704ddf4aa10\"},\"headline\":\"Impreza WRC 08: esp\u00edritu de rally\",\"datePublished\":\"2008-06-11T13:40:06+00:00\",\"dateModified\":\"2020-08-06T09:47:29+00:00\",\"mainEntityOfPage\":{\"@id\":\"https:\\\/\\\/www.subaru.es\\\/blog\\\/nuestra-marca\\\/impreza-wrc-08-espiritu-de-rally\\\/\"},\"wordCount\":226,\"commentCount\":0,\"publisher\":{\"@id\":\"https:\\\/\\\/www.subaru.es\\\/blog\\\/#organization\"},\"image\":{\"@id\":\"https:\\\/\\\/www.subaru.es\\\/blog\\\/nuestra-marca\\\/impreza-wrc-08-espiritu-de-rally\\\/#primaryimage\"},\"thumbnailUrl\":\"https:\\\/\\\/www.subaru.es\\\/blog\\\/wp-content\\\/uploads\\\/2008\\\/06\\\/espiritu-del-rally.jpg\",\"keywords\":[\"impreza wrc 2008\",\"premio abu dhabi\",\"spirit of the rally\"],\"articleSection\":[\"Nuestra marca\"],\"inLanguage\":\"es\",\"potentialAction\":[{\"@type\":\"CommentAction\",\"name\":\"Comment\",\"target\":[\"https:\\\/\\\/www.subaru.es\\\/blog\\\/nuestra-marca\\\/impreza-wrc-08-espiritu-de-rally\\\/#respond\"]}]},{\"@type\":\"WebPage\",\"@id\":\"https:\\\/\\\/www.subaru.es\\\/blog\\\/nuestra-marca\\\/impreza-wrc-08-espiritu-de-rally\\\/\",\"url\":\"https:\\\/\\\/www.subaru.es\\\/blog\\\/nuestra-marca\\\/impreza-wrc-08-espiritu-de-rally\\\/\",\"name\":\"Impreza WRC 08: esp\u00edritu de rally - Universo Subaru\",\"isPartOf\":{\"@id\":\"https:\\\/\\\/www.subaru.es\\\/blog\\\/#website\"},\"primaryImageOfPage\":{\"@id\":\"https:\\\/\\\/www.subaru.es\\\/blog\\\/nuestra-marca\\\/impreza-wrc-08-espiritu-de-rally\\\/#primaryimage\"},\"image\":{\"@id\":\"https:\\\/\\\/www.subaru.es\\\/blog\\\/nuestra-marca\\\/impreza-wrc-08-espiritu-de-rally\\\/#primaryimage\"},\"thumbnailUrl\":\"https:\\\/\\\/www.subaru.es\\\/blog\\\/wp-content\\\/uploads\\\/2008\\\/06\\\/espiritu-del-rally.jpg\",\"datePublished\":\"2008-06-11T13:40:06+00:00\",\"dateModified\":\"2020-08-06T09:47:29+00:00\",\"breadcrumb\":{\"@id\":\"https:\\\/\\\/www.subaru.es\\\/blog\\\/nuestra-marca\\\/impreza-wrc-08-espiritu-de-rally\\\/#breadcrumb\"},\"inLanguage\":\"es\",\"potentialAction\":[{\"@type\":\"ReadAction\",\"target\":[\"https:\\\/\\\/www.subaru.es\\\/blog\\\/nuestra-marca\\\/impreza-wrc-08-espiritu-de-rally\\\/\"]}]},{\"@type\":\"ImageObject\",\"inLanguage\":\"es\",\"@id\":\"https:\\\/\\\/www.subaru.es\\\/blog\\\/nuestra-marca\\\/impreza-wrc-08-espiritu-de-rally\\\/#primaryimage\",\"url\":\"https:\\\/\\\/www.subaru.es\\\/blog\\\/wp-content\\\/uploads\\\/2008\\\/06\\\/espiritu-del-rally.jpg\",\"contentUrl\":\"https:\\\/\\\/www.subaru.es\\\/blog\\\/wp-content\\\/uploads\\\/2008\\\/06\\\/espiritu-del-rally.jpg\",\"width\":300,\"height\":200},{\"@type\":\"BreadcrumbList\",\"@id\":\"https:\\\/\\\/www.subaru.es\\\/blog\\\/nuestra-marca\\\/impreza-wrc-08-espiritu-de-rally\\\/#breadcrumb\",\"itemListElement\":[{\"@type\":\"ListItem\",\"position\":1,\"name\":\"Portada\",\"item\":\"https:\\\/\\\/www.subaru.es\\\/blog\\\/\"},{\"@type\":\"ListItem\",\"position\":2,\"name\":\"Impreza WRC 08: esp\u00edritu de rally\"}]},{\"@type\":\"WebSite\",\"@id\":\"https:\\\/\\\/www.subaru.es\\\/blog\\\/#website\",\"url\":\"https:\\\/\\\/www.subaru.es\\\/blog\\\/\",\"name\":\"Universo Subaru\",\"description\":\"Descubre este apasionante espacio de Subaru donde vas a conocer todo sobre nuestros coches y las experiencias que vivimos con ellos. Si est\u00e1s preparado para dejarte seducir por la filosof\u00eda Subaru, qu\u00e9date con nosotros.\",\"publisher\":{\"@id\":\"https:\\\/\\\/www.subaru.es\\\/blog\\\/#organization\"},\"potentialAction\":[{\"@type\":\"SearchAction\",\"target\":{\"@type\":\"EntryPoint\",\"urlTemplate\":\"https:\\\/\\\/www.subaru.es\\\/blog\\\/?s={search_term_string}\"},\"query-input\":{\"@type\":\"PropertyValueSpecification\",\"valueRequired\":true,\"valueName\":\"search_term_string\"}}],\"inLanguage\":\"es\"},{\"@type\":\"Organization\",\"@id\":\"https:\\\/\\\/www.subaru.es\\\/blog\\\/#organization\",\"name\":\"Subaru Espa\u00f1a S.A.\",\"url\":\"https:\\\/\\\/www.subaru.es\\\/blog\\\/\",\"logo\":{\"@type\":\"ImageObject\",\"inLanguage\":\"es\",\"@id\":\"https:\\\/\\\/www.subaru.es\\\/blog\\\/#\\\/schema\\\/logo\\\/image\\\/\",\"url\":\"https:\\\/\\\/www.subaru.es\\\/blog\\\/wp-content\\\/uploads\\\/2016\\\/12\\\/Logo-Subaru-TypeV_C300-scaled.jpg\",\"contentUrl\":\"https:\\\/\\\/www.subaru.es\\\/blog\\\/wp-content\\\/uploads\\\/2016\\\/12\\\/Logo-Subaru-TypeV_C300-scaled.jpg\",\"width\":2560,\"height\":1864,\"caption\":\"Subaru Espa\u00f1a S.A.\"},\"image\":{\"@id\":\"https:\\\/\\\/www.subaru.es\\\/blog\\\/#\\\/schema\\\/logo\\\/image\\\/\"},\"sameAs\":[\"https:\\\/\\\/www.facebook.com\\\/subaruespana\",\"https:\\\/\\\/www.instagram.com\\\/subarues\\\/\",\"https:\\\/\\\/www.youtube.com\\\/user\\\/subaruespana\"]},{\"@type\":\"Person\",\"@id\":\"https:\\\/\\\/www.subaru.es\\\/blog\\\/#\\\/schema\\\/person\\\/19a90b892230b8e0ec752704ddf4aa10\",\"name\":\"Subaru\",\"url\":\"https:\\\/\\\/www.subaru.es\\\/blog\\\/author\\\/subaria\\\/\"}]}<\/script>\n<!-- \/ Yoast SEO plugin. -->","yoast_head_json":{"title":"Impreza WRC 08: esp\u00edritu de rally - Universo Subaru","robots":{"index":"index","follow":"follow","max-snippet":"max-snippet:-1","max-image-preview":"max-image-preview:large","max-video-preview":"max-video-preview:-1"},"canonical":"https:\/\/www.subaru.es\/blog\/nuestra-marca\/impreza-wrc-08-espiritu-de-rally\/","og_locale":"es_ES","og_type":"article","og_title":"Impreza WRC 08: esp\u00edritu de rally - Universo Subaru","og_description":"Adem\u00e1s del segundo puesto de Petter Solberg, la presentaci\u00f3n del nuevo Impreza WRC 2008 en el Rally Acr\u00f3polis de Grecia ha tenido un premio a\u00f1adido. La valiente decisi\u00f3n del equipo Subaru ha sido meritoria del trofeo \u201cAbu Dhabi Spirit of the Rally\u201d, que reconoce los valores de respeto, innovaci\u00f3n, integridad y trabajo de equipo. La [&hellip;]","og_url":"https:\/\/www.subaru.es\/blog\/nuestra-marca\/impreza-wrc-08-espiritu-de-rally\/","og_site_name":"Universo Subaru","article_publisher":"https:\/\/www.facebook.com\/subaruespana","article_published_time":"2008-06-11T13:40:06+00:00","article_modified_time":"2020-08-06T09:47:29+00:00","og_image":[{"width":300,"height":200,"url":"https:\/\/www.subaru.es\/blog\/wp-content\/uploads\/2008\/06\/espiritu-del-rally.jpg","type":"image\/jpeg"}],"author":"Subaru","twitter_card":"summary_large_image","twitter_misc":{"Escrito por":"Subaru","Tiempo de lectura":"1 minuto"},"schema":{"@context":"https:\/\/schema.org","@graph":[{"@type":"Article","@id":"https:\/\/www.subaru.es\/blog\/nuestra-marca\/impreza-wrc-08-espiritu-de-rally\/#article","isPartOf":{"@id":"https:\/\/www.subaru.es\/blog\/nuestra-marca\/impreza-wrc-08-espiritu-de-rally\/"},"author":{"name":"Subaru","@id":"https:\/\/www.subaru.es\/blog\/#\/schema\/person\/19a90b892230b8e0ec752704ddf4aa10"},"headline":"Impreza WRC 08: esp\u00edritu de rally","datePublished":"2008-06-11T13:40:06+00:00","dateModified":"2020-08-06T09:47:29+00:00","mainEntityOfPage":{"@id":"https:\/\/www.subaru.es\/blog\/nuestra-marca\/impreza-wrc-08-espiritu-de-rally\/"},"wordCount":226,"commentCount":0,"publisher":{"@id":"https:\/\/www.subaru.es\/blog\/#organization"},"image":{"@id":"https:\/\/www.subaru.es\/blog\/nuestra-marca\/impreza-wrc-08-espiritu-de-rally\/#primaryimage"},"thumbnailUrl":"https:\/\/www.subaru.es\/blog\/wp-content\/uploads\/2008\/06\/espiritu-del-rally.jpg","keywords":["impreza wrc 2008","premio abu dhabi","spirit of the rally"],"articleSection":["Nuestra marca"],"inLanguage":"es","potentialAction":[{"@type":"CommentAction","name":"Comment","target":["https:\/\/www.subaru.es\/blog\/nuestra-marca\/impreza-wrc-08-espiritu-de-rally\/#respond"]}]},{"@type":"WebPage","@id":"https:\/\/www.subaru.es\/blog\/nuestra-marca\/impreza-wrc-08-espiritu-de-rally\/","url":"https:\/\/www.subaru.es\/blog\/nuestra-marca\/impreza-wrc-08-espiritu-de-rally\/","name":"Impreza WRC 08: esp\u00edritu de rally - Universo Subaru","isPartOf":{"@id":"https:\/\/www.subaru.es\/blog\/#website"},"primaryImageOfPage":{"@id":"https:\/\/www.subaru.es\/blog\/nuestra-marca\/impreza-wrc-08-espiritu-de-rally\/#primaryimage"},"image":{"@id":"https:\/\/www.subaru.es\/blog\/nuestra-marca\/impreza-wrc-08-espiritu-de-rally\/#primaryimage"},"thumbnailUrl":"https:\/\/www.subaru.es\/blog\/wp-content\/uploads\/2008\/06\/espiritu-del-rally.jpg","datePublished":"2008-06-11T13:40:06+00:00","dateModified":"2020-08-06T09:47:29+00:00","breadcrumb":{"@id":"https:\/\/www.subaru.es\/blog\/nuestra-marca\/impreza-wrc-08-espiritu-de-rally\/#breadcrumb"},"inLanguage":"es","potentialAction":[{"@type":"ReadAction","target":["https:\/\/www.subaru.es\/blog\/nuestra-marca\/impreza-wrc-08-espiritu-de-rally\/"]}]},{"@type":"ImageObject","inLanguage":"es","@id":"https:\/\/www.subaru.es\/blog\/nuestra-marca\/impreza-wrc-08-espiritu-de-rally\/#primaryimage","url":"https:\/\/www.subaru.es\/blog\/wp-content\/uploads\/2008\/06\/espiritu-del-rally.jpg","contentUrl":"https:\/\/www.subaru.es\/blog\/wp-content\/uploads\/2008\/06\/espiritu-del-rally.jpg","width":300,"height":200},{"@type":"BreadcrumbList","@id":"https:\/\/www.subaru.es\/blog\/nuestra-marca\/impreza-wrc-08-espiritu-de-rally\/#breadcrumb","itemListElement":[{"@type":"ListItem","position":1,"name":"Portada","item":"https:\/\/www.subaru.es\/blog\/"},{"@type":"ListItem","position":2,"name":"Impreza WRC 08: esp\u00edritu de rally"}]},{"@type":"WebSite","@id":"https:\/\/www.subaru.es\/blog\/#website","url":"https:\/\/www.subaru.es\/blog\/","name":"Universo Subaru","description":"Descubre este apasionante espacio de Subaru donde vas a conocer todo sobre nuestros coches y las experiencias que vivimos con ellos. Si est\u00e1s preparado para dejarte seducir por la filosof\u00eda Subaru, qu\u00e9date con nosotros.","publisher":{"@id":"https:\/\/www.subaru.es\/blog\/#organization"},"potentialAction":[{"@type":"SearchAction","target":{"@type":"EntryPoint","urlTemplate":"https:\/\/www.subaru.es\/blog\/?s={search_term_string}"},"query-input":{"@type":"PropertyValueSpecification","valueRequired":true,"valueName":"search_term_string"}}],"inLanguage":"es"},{"@type":"Organization","@id":"https:\/\/www.subaru.es\/blog\/#organization","name":"Subaru Espa\u00f1a S.A.","url":"https:\/\/www.subaru.es\/blog\/","logo":{"@type":"ImageObject","inLanguage":"es","@id":"https:\/\/www.subaru.es\/blog\/#\/schema\/logo\/image\/","url":"https:\/\/www.subaru.es\/blog\/wp-content\/uploads\/2016\/12\/Logo-Subaru-TypeV_C300-scaled.jpg","contentUrl":"https:\/\/www.subaru.es\/blog\/wp-content\/uploads\/2016\/12\/Logo-Subaru-TypeV_C300-scaled.jpg","width":2560,"height":1864,"caption":"Subaru Espa\u00f1a S.A."},"image":{"@id":"https:\/\/www.subaru.es\/blog\/#\/schema\/logo\/image\/"},"sameAs":["https:\/\/www.facebook.com\/subaruespana","https:\/\/www.instagram.com\/subarues\/","https:\/\/www.youtube.com\/user\/subaruespana"]},{"@type":"Person","@id":"https:\/\/www.subaru.es\/blog\/#\/schema\/person\/19a90b892230b8e0ec752704ddf4aa10","name":"Subaru","url":"https:\/\/www.subaru.es\/blog\/author\/subaria\/"}]}},"_links":{"self":[{"href":"https:\/\/www.subaru.es\/blog\/wp-json\/wp\/v2\/posts\/1024","targetHints":{"allow":["GET"]}}],"collection":[{"href":"https:\/\/www.subaru.es\/blog\/wp-json\/wp\/v2\/posts"}],"about":[{"href":"https:\/\/www.subaru.es\/blog\/wp-json\/wp\/v2\/types\/post"}],"author":[{"embeddable":true,"href":"https:\/\/www.subaru.es\/blog\/wp-json\/wp\/v2\/users\/21"}],"replies":[{"embeddable":true,"href":"https:\/\/www.subaru.es\/blog\/wp-json\/wp\/v2\/comments?post=1024"}],"version-history":[{"count":1,"href":"https:\/\/www.subaru.es\/blog\/wp-json\/wp\/v2\/posts\/1024\/revisions"}],"predecessor-version":[{"id":15528,"href":"https:\/\/www.subaru.es\/blog\/wp-json\/wp\/v2\/posts\/1024\/revisions\/15528"}],"wp:featuredmedia":[{"embeddable":true,"href":"https:\/\/www.subaru.es\/blog\/wp-json\/wp\/v2\/media\/1025"}],"wp:attachment":[{"href":"https:\/\/www.subaru.es\/blog\/wp-json\/wp\/v2\/media?parent=1024"}],"wp:term":[{"taxonomy":"category","embeddable":true,"href":"https:\/\/www.subaru.es\/blog\/wp-json\/wp\/v2\/categories?post=1024"},{"taxonomy":"post_tag","embeddable":true,"href":"https:\/\/www.subaru.es\/blog\/wp-json\/wp\/v2\/tags?post=1024"}],"curies":[{"name":"wp","href":"https:\/\/api.w.org\/{rel}","templated":true}]}}